{"id":27477,"date":"2023-12-11T11:02:39","date_gmt":"2023-12-11T10:02:39","guid":{"rendered":"https:\/\/ostrowskatv.pl\/?p=27477"},"modified":"2023-12-11T11:02:39","modified_gmt":"2023-12-11T10:02:39","slug":"13-latka-potracona-zabraklo-rozwagi","status":"publish","type":"post","link":"https:\/\/ostrowskatv.pl\/?p=27477","title":{"rendered":"13-latka potr\u0105cona. Zabrak\u0142o rozwagi"},"content":{"rendered":"<p><strong>W pi\u0105tek po godzinie 16 dosz\u0142o do zdarzenia drogowego z udzia\u0142em nastolatki oraz samochodu dostawczego.<\/strong><\/p>\n<p>W R\u0105bczynie na przystanku zatrzyma\u0142 si\u0119 autobus. Wysiad\u0142o z niego kilka os\u00f3b, ale 13-latka postanowi\u0142a przej\u015b\u0107 na drug\u0105 stron\u0119 ulicy zanim autobus odjecha\u0142. Wtedy zosta\u0142a potr\u0105cona przez samoch\u00f3d dostawczy, kt\u00f3ry jecha\u0142 z niedu\u017c\u0105 pr\u0119dko\u015bci\u0105 z powodu w\u0105skiej drogi oraz bliskiej odleg\u0142o\u015bci do skrzy\u017cowania.<\/p>\n<p>Na miejsce wezwano karetk\u0119 oraz policj\u0119. 13-latka po przebadano nie zosta\u0142a zabrana do szpitala.<\/p>\n<p><img loading=\"lazy\" decoding=\"async\" src=\"https:\/\/ostrowskatv.pl\/wp-content\/uploads\/2023\/12\/1000061991-01.jpeg\" alt=\"\" width=\"1366\" height=\"769\" class=\"alignnone size-full wp-image-27478\" srcset=\"https:\/\/ostrowskatv.pl\/wp-content\/uploads\/2023\/12\/1000061991-01.jpeg 1366w, https:\/\/ostrowskatv.pl\/wp-content\/uploads\/2023\/12\/1000061991-01-300x169.jpeg 300w, https:\/\/ostrowskatv.pl\/wp-content\/uploads\/2023\/12\/1000061991-01-1333x750.jpeg 1333w\" sizes=\"auto, (max-width: 1366px) 100vw, 1366px\" \/><\/p>\n<p><img loading=\"lazy\" decoding=\"async\" src=\"https:\/\/ostrowskatv.pl\/wp-content\/uploads\/2023\/12\/1000061989-01.jpeg\" alt=\"\" width=\"1366\" height=\"769\" class=\"alignnone size-full wp-image-27479\" srcset=\"https:\/\/ostrowskatv.pl\/wp-content\/uploads\/2023\/12\/1000061989-01.jpeg 1366w, https:\/\/ostrowskatv.pl\/wp-content\/uploads\/2023\/12\/1000061989-01-300x169.jpeg 300w, https:\/\/ostrowskatv.pl\/wp-content\/uploads\/2023\/12\/1000061989-01-1333x750.jpeg 1333w\" sizes=\"auto, (max-width: 1366px) 100vw, 1366px\" \/><\/p>\n<p><img loading=\"lazy\" decoding=\"async\" src=\"https:\/\/ostrowskatv.pl\/wp-content\/uploads\/2023\/12\/1000061988-01.jpeg\" alt=\"\" width=\"1366\" height=\"637\" class=\"alignnone size-full wp-image-27480\" srcset=\"https:\/\/ostrowskatv.pl\/wp-content\/uploads\/2023\/12\/1000061988-01.jpeg 1366w, https:\/\/ostrowskatv.pl\/wp-content\/uploads\/2023\/12\/1000061988-01-300x140.jpeg 300w, https:\/\/ostrowskatv.pl\/wp-content\/uploads\/2023\/12\/1000061988-01-1333x622.jpeg 1333w\" sizes=\"auto, (max-width: 1366px) 100vw, 1366px\" \/><\/p>\n","protected":false},"excerpt":{"rendered":"W pi\u0105tek po godzinie 16 dosz\u0142o do zdarzenia drogowego z udzia\u0142em nastolatki oraz samochodu dostawczego. W R\u0105bczynie na przystanku zatrzyma\u0142 si\u0119 autobus. Wysiad\u0142o \n<a class=\"moretag\" href=\"https:\/\/ostrowskatv.pl\/?p=27477\"> [...]<\/a>","protected":false},"author":1,"featured_media":27480,"comment_status":"open","ping_status":"closed","sticky":false,"template":"","format":"standard","meta":{"footnotes":""},"categories":[1],"tags":[153],"class_list":["post-27477","post","type-post","status-publish","format-standard","has-post-thumbnail","hentry","category-news","tag-gm-raszkow"],"_links":{"self":[{"href":"https:\/\/ostrowskatv.pl\/index.php?rest_route=\/wp\/v2\/posts\/27477","targetHints":{"allow":["GET"]}}],"collection":[{"href":"https:\/\/ostrowskatv.pl\/index.php?rest_route=\/wp\/v2\/posts"}],"about":[{"href":"https:\/\/ostrowskatv.pl\/index.php?rest_route=\/wp\/v2\/types\/post"}],"author":[{"embeddable":true,"href":"https:\/\/ostrowskatv.pl\/index.php?rest_route=\/wp\/v2\/users\/1"}],"replies":[{"embeddable":true,"href":"https:\/\/ostrowskatv.pl\/index.php?rest_route=%2Fwp%2Fv2%2Fcomments&post=27477"}],"version-history":[{"count":0,"href":"https:\/\/ostrowskatv.pl\/index.php?rest_route=\/wp\/v2\/posts\/27477\/revisions"}],"wp:featuredmedia":[{"embeddable":true,"href":"https:\/\/ostrowskatv.pl\/index.php?rest_route=\/wp\/v2\/media\/27480"}],"wp:attachment":[{"href":"https:\/\/ostrowskatv.pl\/index.php?rest_route=%2Fwp%2Fv2%2Fmedia&parent=27477"}],"wp:term":[{"taxonomy":"category","embeddable":true,"href":"https:\/\/ostrowskatv.pl\/index.php?rest_route=%2Fwp%2Fv2%2Fcategories&post=27477"},{"taxonomy":"post_tag","embeddable":true,"href":"https:\/\/ostrowskatv.pl\/index.php?rest_route=%2Fwp%2Fv2%2Ftags&post=27477"}],"curies":[{"name":"wp","href":"https:\/\/api.w.org\/{rel}","templated":true}]}}