{"id":27462,"date":"2023-12-09T20:52:24","date_gmt":"2023-12-09T19:52:24","guid":{"rendered":"https:\/\/ostrowskatv.pl\/?p=27462"},"modified":"2023-12-09T20:52:24","modified_gmt":"2023-12-09T19:52:24","slug":"ewakuacja-galerii-ostrovia-2","status":"publish","type":"post","link":"https:\/\/ostrowskatv.pl\/?p=27462","title":{"rendered":"Ewakuacja Galerii Ostrovia"},"content":{"rendered":"<p><strong>W pi\u0105tek tu\u017c przed zamkni\u0119ciem Galerii Ostrovia rozleg\u0142 si\u0119 sygna\u0142 alarmowy. Pracownicy opu\u015bcili obiekt i oczekiwali na przyjazd stra\u017cy po\u017carnej.<\/strong><\/p>\n<p>Na miejsce skierowano 3 zast\u0119py Pa\u0144stwowej Stra\u017cy Po\u017carnej oraz 2 jednostki OSP. System alarmowy wskazywa\u0142 \u017ar\u00f3d\u0142o problemu w cz\u0119\u015bci gastronomicznej. I faktycznie w KFC dosz\u0142o do zadymienia. Sytuacja nie zagra\u017ca\u0142a jednak ca\u0142emu obiektowi.<\/p>\n<p><img loading=\"lazy\" decoding=\"async\" src=\"https:\/\/ostrowskatv.pl\/wp-content\/uploads\/2023\/12\/1000062005-01.jpeg\" alt=\"\" width=\"1366\" height=\"769\" class=\"alignnone size-full wp-image-27461\" srcset=\"https:\/\/ostrowskatv.pl\/wp-content\/uploads\/2023\/12\/1000062005-01.jpeg 1366w, https:\/\/ostrowskatv.pl\/wp-content\/uploads\/2023\/12\/1000062005-01-300x169.jpeg 300w, https:\/\/ostrowskatv.pl\/wp-content\/uploads\/2023\/12\/1000062005-01-1333x750.jpeg 1333w\" sizes=\"auto, (max-width: 1366px) 100vw, 1366px\" \/><\/p>\n<p><img loading=\"lazy\" decoding=\"async\" src=\"https:\/\/ostrowskatv.pl\/wp-content\/uploads\/2023\/12\/1000062004-01.jpeg\" alt=\"\" width=\"1366\" height=\"769\" class=\"alignnone size-full wp-image-27460\" srcset=\"https:\/\/ostrowskatv.pl\/wp-content\/uploads\/2023\/12\/1000062004-01.jpeg 1366w, https:\/\/ostrowskatv.pl\/wp-content\/uploads\/2023\/12\/1000062004-01-300x169.jpeg 300w, https:\/\/ostrowskatv.pl\/wp-content\/uploads\/2023\/12\/1000062004-01-1333x750.jpeg 1333w\" sizes=\"auto, (max-width: 1366px) 100vw, 1366px\" \/><\/p>\n<p><img loading=\"lazy\" decoding=\"async\" src=\"https:\/\/ostrowskatv.pl\/wp-content\/uploads\/2023\/12\/1000062016-01.jpeg\" alt=\"\" width=\"1366\" height=\"769\" class=\"alignnone size-full wp-image-27459\" srcset=\"https:\/\/ostrowskatv.pl\/wp-content\/uploads\/2023\/12\/1000062016-01.jpeg 1366w, https:\/\/ostrowskatv.pl\/wp-content\/uploads\/2023\/12\/1000062016-01-300x169.jpeg 300w, https:\/\/ostrowskatv.pl\/wp-content\/uploads\/2023\/12\/1000062016-01-1333x750.jpeg 1333w\" sizes=\"auto, (max-width: 1366px) 100vw, 1366px\" \/><\/p>\n","protected":false},"excerpt":{"rendered":"W pi\u0105tek tu\u017c przed zamkni\u0119ciem Galerii Ostrovia rozleg\u0142 si\u0119 sygna\u0142 alarmowy. Pracownicy opu\u015bcili obiekt i oczekiwali na przyjazd stra\u017cy po\u017carnej. Na miejsce skierowano \n<a class=\"moretag\" href=\"https:\/\/ostrowskatv.pl\/?p=27462\"> [...]<\/a>","protected":false},"author":1,"featured_media":27461,"comment_status":"open","ping_status":"closed","sticky":false,"template":"","format":"standard","meta":{"footnotes":""},"categories":[1],"tags":[2],"class_list":["post-27462","post","type-post","status-publish","format-standard","has-post-thumbnail","hentry","category-news","tag-ostrow-wielkopolski"],"_links":{"self":[{"href":"https:\/\/ostrowskatv.pl\/index.php?rest_route=\/wp\/v2\/posts\/27462","targetHints":{"allow":["GET"]}}],"collection":[{"href":"https:\/\/ostrowskatv.pl\/index.php?rest_route=\/wp\/v2\/posts"}],"about":[{"href":"https:\/\/ostrowskatv.pl\/index.php?rest_route=\/wp\/v2\/types\/post"}],"author":[{"embeddable":true,"href":"https:\/\/ostrowskatv.pl\/index.php?rest_route=\/wp\/v2\/users\/1"}],"replies":[{"embeddable":true,"href":"https:\/\/ostrowskatv.pl\/index.php?rest_route=%2Fwp%2Fv2%2Fcomments&post=27462"}],"version-history":[{"count":0,"href":"https:\/\/ostrowskatv.pl\/index.php?rest_route=\/wp\/v2\/posts\/27462\/revisions"}],"wp:featuredmedia":[{"embeddable":true,"href":"https:\/\/ostrowskatv.pl\/index.php?rest_route=\/wp\/v2\/media\/27461"}],"wp:attachment":[{"href":"https:\/\/ostrowskatv.pl\/index.php?rest_route=%2Fwp%2Fv2%2Fmedia&parent=27462"}],"wp:term":[{"taxonomy":"category","embeddable":true,"href":"https:\/\/ostrowskatv.pl\/index.php?rest_route=%2Fwp%2Fv2%2Fcategories&post=27462"},{"taxonomy":"post_tag","embeddable":true,"href":"https:\/\/ostrowskatv.pl\/index.php?rest_route=%2Fwp%2Fv2%2Ftags&post=27462"}],"curies":[{"name":"wp","href":"https:\/\/api.w.org\/{rel}","templated":true}]}}