{"id":27451,"date":"2023-12-08T06:35:09","date_gmt":"2023-12-08T05:35:09","guid":{"rendered":"https:\/\/ostrowskatv.pl\/?p=27451"},"modified":"2023-12-08T06:35:09","modified_gmt":"2023-12-08T05:35:09","slug":"prawo-serii-dalo-o-sobie-znac","status":"publish","type":"post","link":"https:\/\/ostrowskatv.pl\/?p=27451","title":{"rendered":"Prawo serii da\u0142o o sobie zna\u0107"},"content":{"rendered":"<p><strong>Zgodnie z &#8222;prawem serii&#8221; dosz\u0142o do kolejnego zdarzenia drogowego na skrzy\u017cowaniu ulic Odolanowskiej oraz D\u0142ugiej w Ostrowie Wielkopolskim. Bra\u0142y w nim udzia\u0142 dwie kobiety kieruj\u0105ce skod\u0105 i volkswagenem. <\/strong><\/p>\n<p>Do kolizji dosz\u0142o w czwartek po godzinie 18. Podobnie jak kilka dni temu jeden z uczestnik\u00f3w zdarzenia zasugerowa\u0142 si\u0119 zielon\u0105 strza\u0142k\u0105 i pojecha\u0142 na wprost.<\/p>\n<p>Kobieta kieruj\u0105c volkswagenem jecha\u0142a od strony Urz\u0119du Skarbowego i zatrzyma\u0142a si\u0119 przed sygnalizatorem. Kiedy zapali\u0142a si\u0119 zielona strza\u0142ka, uprawniaj\u0105ca do warunkowego skr\u0119tu w prawo, kobieta ruszy\u0142a na wprost. Wtedy zderzy\u0142a si\u0119 z skod\u0105 citigo jad\u0105c\u0105 od centrum miasta.<\/p>\n<p>Na miejsce wezwano policj\u0119, poniewa\u017c obie uczestniczki upiera\u0142y si\u0119 przy wje\u017adzie na zielonym \u015bwietle, ale niestety nie posiada\u0142y wideorejestrator\u00f3w na obron\u0119 swojej tezy.<\/p>\n<p>Z pomoc\u0105 przyszed\u0142 w\u0142a\u015bciciel pobliskiej firmy ubezpieczeniowej MD Partner, kt\u00f3ry pom\u00f3g\u0142 rozwi\u0105za\u0107 zagadk\u0119 dzi\u0119ki monitoringowi.<\/p>\n<p><img loading=\"lazy\" decoding=\"async\" src=\"https:\/\/ostrowskatv.pl\/wp-content\/uploads\/2023\/12\/1000061772-01.jpeg\" alt=\"\" width=\"1366\" height=\"878\" class=\"alignnone size-full wp-image-27452\" srcset=\"https:\/\/ostrowskatv.pl\/wp-content\/uploads\/2023\/12\/1000061772-01.jpeg 1366w, https:\/\/ostrowskatv.pl\/wp-content\/uploads\/2023\/12\/1000061772-01-300x193.jpeg 300w, https:\/\/ostrowskatv.pl\/wp-content\/uploads\/2023\/12\/1000061772-01-1333x857.jpeg 1333w\" sizes=\"auto, (max-width: 1366px) 100vw, 1366px\" \/><\/p>\n<p><img loading=\"lazy\" decoding=\"async\" src=\"https:\/\/ostrowskatv.pl\/wp-content\/uploads\/2023\/12\/1000061773-01.jpeg\" alt=\"\" width=\"1366\" height=\"769\" class=\"alignnone size-full wp-image-27453\" srcset=\"https:\/\/ostrowskatv.pl\/wp-content\/uploads\/2023\/12\/1000061773-01.jpeg 1366w, https:\/\/ostrowskatv.pl\/wp-content\/uploads\/2023\/12\/1000061773-01-300x169.jpeg 300w, https:\/\/ostrowskatv.pl\/wp-content\/uploads\/2023\/12\/1000061773-01-1333x750.jpeg 1333w\" sizes=\"auto, (max-width: 1366px) 100vw, 1366px\" \/><\/p>\n<p><img loading=\"lazy\" decoding=\"async\" src=\"https:\/\/ostrowskatv.pl\/wp-content\/uploads\/2023\/12\/1000061774-01.jpeg\" alt=\"\" width=\"1366\" height=\"769\" class=\"alignnone size-full wp-image-27454\" srcset=\"https:\/\/ostrowskatv.pl\/wp-content\/uploads\/2023\/12\/1000061774-01.jpeg 1366w, https:\/\/ostrowskatv.pl\/wp-content\/uploads\/2023\/12\/1000061774-01-300x169.jpeg 300w, https:\/\/ostrowskatv.pl\/wp-content\/uploads\/2023\/12\/1000061774-01-1333x750.jpeg 1333w\" sizes=\"auto, (max-width: 1366px) 100vw, 1366px\" \/><\/p>\n<p><img loading=\"lazy\" decoding=\"async\" src=\"https:\/\/ostrowskatv.pl\/wp-content\/uploads\/2023\/12\/1000061775-01.jpeg\" alt=\"\" width=\"1366\" height=\"769\" class=\"alignnone size-full wp-image-27455\" srcset=\"https:\/\/ostrowskatv.pl\/wp-content\/uploads\/2023\/12\/1000061775-01.jpeg 1366w, https:\/\/ostrowskatv.pl\/wp-content\/uploads\/2023\/12\/1000061775-01-300x169.jpeg 300w, https:\/\/ostrowskatv.pl\/wp-content\/uploads\/2023\/12\/1000061775-01-1333x750.jpeg 1333w\" sizes=\"auto, (max-width: 1366px) 100vw, 1366px\" \/><\/p>\n<p><img loading=\"lazy\" decoding=\"async\" src=\"https:\/\/ostrowskatv.pl\/wp-content\/uploads\/2023\/12\/1000061776-01.jpeg\" alt=\"\" width=\"1366\" height=\"769\" class=\"alignnone size-full wp-image-27456\" srcset=\"https:\/\/ostrowskatv.pl\/wp-content\/uploads\/2023\/12\/1000061776-01.jpeg 1366w, https:\/\/ostrowskatv.pl\/wp-content\/uploads\/2023\/12\/1000061776-01-300x169.jpeg 300w, https:\/\/ostrowskatv.pl\/wp-content\/uploads\/2023\/12\/1000061776-01-1333x750.jpeg 1333w\" sizes=\"auto, (max-width: 1366px) 100vw, 1366px\" \/><\/p>\n<p><img loading=\"lazy\" decoding=\"async\" src=\"https:\/\/ostrowskatv.pl\/wp-content\/uploads\/2023\/12\/1000061777-01.jpeg\" alt=\"\" width=\"1366\" height=\"769\" class=\"alignnone size-full wp-image-27457\" srcset=\"https:\/\/ostrowskatv.pl\/wp-content\/uploads\/2023\/12\/1000061777-01.jpeg 1366w, https:\/\/ostrowskatv.pl\/wp-content\/uploads\/2023\/12\/1000061777-01-300x169.jpeg 300w, https:\/\/ostrowskatv.pl\/wp-content\/uploads\/2023\/12\/1000061777-01-1333x750.jpeg 1333w\" sizes=\"auto, (max-width: 1366px) 100vw, 1366px\" \/><\/p>\n","protected":false},"excerpt":{"rendered":"Zgodnie z &#8222;prawem serii&#8221; dosz\u0142o do kolejnego zdarzenia drogowego na skrzy\u017cowaniu ulic Odolanowskiej oraz D\u0142ugiej w Ostrowie Wielkopolskim. Bra\u0142y w nim udzia\u0142 dwie \n<a class=\"moretag\" href=\"https:\/\/ostrowskatv.pl\/?p=27451\"> [...]<\/a>","protected":false},"author":1,"featured_media":27452,"comment_status":"open","ping_status":"closed","sticky":false,"template":"","format":"standard","meta":{"footnotes":""},"categories":[1],"tags":[48],"class_list":["post-27451","post","type-post","status-publish","format-standard","has-post-thumbnail","hentry","category-news","tag-kolizja"],"_links":{"self":[{"href":"https:\/\/ostrowskatv.pl\/index.php?rest_route=\/wp\/v2\/posts\/27451","targetHints":{"allow":["GET"]}}],"collection":[{"href":"https:\/\/ostrowskatv.pl\/index.php?rest_route=\/wp\/v2\/posts"}],"about":[{"href":"https:\/\/ostrowskatv.pl\/index.php?rest_route=\/wp\/v2\/types\/post"}],"author":[{"embeddable":true,"href":"https:\/\/ostrowskatv.pl\/index.php?rest_route=\/wp\/v2\/users\/1"}],"replies":[{"embeddable":true,"href":"https:\/\/ostrowskatv.pl\/index.php?rest_route=%2Fwp%2Fv2%2Fcomments&post=27451"}],"version-history":[{"count":0,"href":"https:\/\/ostrowskatv.pl\/index.php?rest_route=\/wp\/v2\/posts\/27451\/revisions"}],"wp:featuredmedia":[{"embeddable":true,"href":"https:\/\/ostrowskatv.pl\/index.php?rest_route=\/wp\/v2\/media\/27452"}],"wp:attachment":[{"href":"https:\/\/ostrowskatv.pl\/index.php?rest_route=%2Fwp%2Fv2%2Fmedia&parent=27451"}],"wp:term":[{"taxonomy":"category","embeddable":true,"href":"https:\/\/ostrowskatv.pl\/index.php?rest_route=%2Fwp%2Fv2%2Fcategories&post=27451"},{"taxonomy":"post_tag","embeddable":true,"href":"https:\/\/ostrowskatv.pl\/index.php?rest_route=%2Fwp%2Fv2%2Ftags&post=27451"}],"curies":[{"name":"wp","href":"https:\/\/api.w.org\/{rel}","templated":true}]}}