{"id":27445,"date":"2023-12-07T07:24:41","date_gmt":"2023-12-07T06:24:41","guid":{"rendered":"https:\/\/ostrowskatv.pl\/?p=27445"},"modified":"2023-12-07T07:24:41","modified_gmt":"2023-12-07T06:24:41","slug":"wjechal-bez-opamietania-przy-stacji-paliw","status":"publish","type":"post","link":"https:\/\/ostrowskatv.pl\/?p=27445","title":{"rendered":"Wjecha\u0142 bez opami\u0119tania przy stacji paliw"},"content":{"rendered":"<p><strong>W \u015brod\u0119 w godzinach wczesno popo\u0142udniowych dosz\u0142o do kolizji przy stacji paliw na alei S\u0142owackiego w Ostrowie Wielkopolskim. W zdarzeniu bra\u0142y udzia\u0142 2 pojazdy.<\/strong><\/p>\n<p>Zar\u00f3wno bus opel vivaro jak i renault captur jecha\u0142y od strony ulicy Raszkowskiej i skr\u0119ca\u0142y w alej\u0119 S\u0142owackiego.<\/p>\n<p>Na kolejnym skrzy\u017cowaniu z ulicami Browarn\u0105 i Wa\u0144kowicza sygnalizator pokazywa\u0142 czerwone \u015bwiat\u0142o. Bus zatrzyma\u0142 si\u0119, a kierowca renault captur ca\u0142y czas si\u0119 rozp\u0119dza\u0142 przez co uderzy\u0142 w ty\u0142 busa.<\/p>\n<p>Renault nale\u017cy do jednej z firm wypo\u017cyczaj\u0105cych auta. <\/p>\n<p><img loading=\"lazy\" decoding=\"async\" src=\"https:\/\/ostrowskatv.pl\/wp-content\/uploads\/2023\/12\/1000061529-01.jpeg\" alt=\"\" width=\"1366\" height=\"769\" class=\"alignnone size-full wp-image-27446\" srcset=\"https:\/\/ostrowskatv.pl\/wp-content\/uploads\/2023\/12\/1000061529-01.jpeg 1366w, https:\/\/ostrowskatv.pl\/wp-content\/uploads\/2023\/12\/1000061529-01-300x169.jpeg 300w, https:\/\/ostrowskatv.pl\/wp-content\/uploads\/2023\/12\/1000061529-01-1333x750.jpeg 1333w\" sizes=\"auto, (max-width: 1366px) 100vw, 1366px\" \/><\/p>\n<p><img loading=\"lazy\" decoding=\"async\" src=\"https:\/\/ostrowskatv.pl\/wp-content\/uploads\/2023\/12\/1000061528-01.jpeg\" alt=\"\" width=\"1366\" height=\"1046\" class=\"alignnone size-full wp-image-27447\" srcset=\"https:\/\/ostrowskatv.pl\/wp-content\/uploads\/2023\/12\/1000061528-01.jpeg 1366w, https:\/\/ostrowskatv.pl\/wp-content\/uploads\/2023\/12\/1000061528-01-300x230.jpeg 300w, https:\/\/ostrowskatv.pl\/wp-content\/uploads\/2023\/12\/1000061528-01-1333x1021.jpeg 1333w\" sizes=\"auto, (max-width: 1366px) 100vw, 1366px\" \/><\/p>\n<p><img loading=\"lazy\" decoding=\"async\" src=\"https:\/\/ostrowskatv.pl\/wp-content\/uploads\/2023\/12\/1000061523-01.jpeg\" alt=\"\" width=\"1366\" height=\"769\" class=\"alignnone size-full wp-image-27448\" srcset=\"https:\/\/ostrowskatv.pl\/wp-content\/uploads\/2023\/12\/1000061523-01.jpeg 1366w, https:\/\/ostrowskatv.pl\/wp-content\/uploads\/2023\/12\/1000061523-01-300x169.jpeg 300w, https:\/\/ostrowskatv.pl\/wp-content\/uploads\/2023\/12\/1000061523-01-1333x750.jpeg 1333w\" sizes=\"auto, (max-width: 1366px) 100vw, 1366px\" \/><\/p>\n<p><img loading=\"lazy\" decoding=\"async\" src=\"https:\/\/ostrowskatv.pl\/wp-content\/uploads\/2023\/12\/1000061522-01.jpeg\" alt=\"\" width=\"1366\" height=\"877\" class=\"alignnone size-full wp-image-27449\" srcset=\"https:\/\/ostrowskatv.pl\/wp-content\/uploads\/2023\/12\/1000061522-01.jpeg 1366w, https:\/\/ostrowskatv.pl\/wp-content\/uploads\/2023\/12\/1000061522-01-300x193.jpeg 300w, https:\/\/ostrowskatv.pl\/wp-content\/uploads\/2023\/12\/1000061522-01-1333x856.jpeg 1333w\" sizes=\"auto, (max-width: 1366px) 100vw, 1366px\" \/><\/p>\n","protected":false},"excerpt":{"rendered":"W \u015brod\u0119 w godzinach wczesno popo\u0142udniowych dosz\u0142o do kolizji przy stacji paliw na alei S\u0142owackiego w Ostrowie Wielkopolskim. W zdarzeniu bra\u0142y udzia\u0142 2 \n<a class=\"moretag\" href=\"https:\/\/ostrowskatv.pl\/?p=27445\"> [...]<\/a>","protected":false},"author":1,"featured_media":27448,"comment_status":"open","ping_status":"closed","sticky":false,"template":"","format":"standard","meta":{"footnotes":""},"categories":[1],"tags":[48,2,72],"class_list":["post-27445","post","type-post","status-publish","format-standard","has-post-thumbnail","hentry","category-news","tag-kolizja","tag-ostrow-wielkopolski","tag-samochod"],"_links":{"self":[{"href":"https:\/\/ostrowskatv.pl\/index.php?rest_route=\/wp\/v2\/posts\/27445","targetHints":{"allow":["GET"]}}],"collection":[{"href":"https:\/\/ostrowskatv.pl\/index.php?rest_route=\/wp\/v2\/posts"}],"about":[{"href":"https:\/\/ostrowskatv.pl\/index.php?rest_route=\/wp\/v2\/types\/post"}],"author":[{"embeddable":true,"href":"https:\/\/ostrowskatv.pl\/index.php?rest_route=\/wp\/v2\/users\/1"}],"replies":[{"embeddable":true,"href":"https:\/\/ostrowskatv.pl\/index.php?rest_route=%2Fwp%2Fv2%2Fcomments&post=27445"}],"version-history":[{"count":0,"href":"https:\/\/ostrowskatv.pl\/index.php?rest_route=\/wp\/v2\/posts\/27445\/revisions"}],"wp:featuredmedia":[{"embeddable":true,"href":"https:\/\/ostrowskatv.pl\/index.php?rest_route=\/wp\/v2\/media\/27448"}],"wp:attachment":[{"href":"https:\/\/ostrowskatv.pl\/index.php?rest_route=%2Fwp%2Fv2%2Fmedia&parent=27445"}],"wp:term":[{"taxonomy":"category","embeddable":true,"href":"https:\/\/ostrowskatv.pl\/index.php?rest_route=%2Fwp%2Fv2%2Fcategories&post=27445"},{"taxonomy":"post_tag","embeddable":true,"href":"https:\/\/ostrowskatv.pl\/index.php?rest_route=%2Fwp%2Fv2%2Ftags&post=27445"}],"curies":[{"name":"wp","href":"https:\/\/api.w.org\/{rel}","templated":true}]}}