{"id":2739,"date":"2016-12-25T10:44:33","date_gmt":"2016-12-25T09:44:33","guid":{"rendered":"http:\/\/ostrowska.tv\/?p=2739"},"modified":"2016-12-25T11:12:37","modified_gmt":"2016-12-25T10:12:37","slug":"porwano-3-miesieczne-dziecko-duza-akcja-policji","status":"publish","type":"post","link":"https:\/\/ostrowskatv.pl\/?p=2739","title":{"rendered":"Porwano 3-miesi\u0119czne dziecko w Wigili\u0119. Du\u017ca akcja policji!"},"content":{"rendered":"<p><strong>Takiej akcji w naszej okolicy dawno nie by\u0142o. Wszystkie patrole ostrowskiej policji zosta\u0142y postawione w stan nadzwyczajnej gotowo\u015bci. Wszystko za spraw\u0105 zg\u0142oszenia o porwaniu 3-miesi\u0119cznego dziecka. Smaczku dodaje fakt, \u017ce dziecko jest pochodzenia romskiego, a porywaczem r\u00f3wnie\u017c mia\u0142 by\u0107 osobnik tej samej narodowo\u015bci.<\/strong><\/p>\n<p>W Wigili\u0119 ostrowska policja otrzyma\u0142a zg\u0142oszenie o porwaniu dziecka. Sprawca mia\u0142 oddala\u0107 si\u0119 srebrnym Mercedesem zarejestrowanym w wojew\u00f3dztwie \u0142\u00f3dzkim. Policjanci uzyskali informacj\u0119, \u017ce samoch\u00f3d mo\u017ce przemieszcza\u0107 si\u0119 w stron\u0119 Pleszewa. I faktycznie, srebrny Mercedes dojecha\u0142 pod posesj\u0119 na osiedlu domk\u00f3w jednorodzinnych w Pleszewie. Chwil\u0119 p\u00f3\u017aniej by\u0142o tam ju\u017c 6 radiowoz\u00f3w, w tym 3 lub 4 z Ostrowa Wlkp., co zdarza si\u0119 bardzo rzadko by funkcjonariusze z innego powiatu podejmowali interwencj\u0119 na s\u0105siednim terenie.<\/p>\n<p>Oczywi\u015bcie policjanci musieli przewidywa\u0107, \u017ce na miejscu b\u0119dzie gor\u0105ca atmosfera. Mieszka\u0144cy obydw\u00f3ch posesji, na kt\u00f3rych mieszkaj\u0105 spokrewnione ze sob\u0105 osoby narodowo\u015bci romskiej, wyprawiali Wigili\u0119.<\/p>\n<p>Po przybyciu policjant\u00f3w, jeden z dobrze zbudowanych m\u0119\u017cczyzn poprosi\u0142 policjant\u00f3w o pokazanie nakazu wej\u015bcia na posesj\u0119. Wtedy wed\u0142ug relacji m\u0119\u017cczyzny dialog przebiega\u0142 tak:<br \/>\n<strong> &#8211; Poka\u017ccie mi nakaz, \u017ce mo\u017cecie wej\u015b\u0107 na posesj\u0119.<\/strong><br \/>\nWtedy funkcjonariusz pokaza\u0142 legitymacj\u0119 s\u0142u\u017cbow\u0105, co nie spodoba\u0142o si\u0119 Romowi.<br \/>\n<strong>&#8211; Nie pokazuj mi legitymacji szkolnej, tylko poka\u017c mi nakaz.<\/strong><br \/>\nDow\u00f3dca akcji wyda\u0142 rozkaz:<br \/>\n<strong>&#8211; Sku\u0107 go!<\/strong><br \/>\nNa co Rom zrelacjonowa\u0142, \u017ce w czterech nie mogli mu da\u0107 rady, a\u017c zabrak\u0142o mu powietrza i da\u0142 za wygran\u0105. Rodzina krewkiego m\u0119\u017cczyzny twierdzi\u0142a i\u017c Pan domu jest po zawale serca i kilku &#8222;stentach&#8221; (rozszerzanie \u017cy\u0142).<br \/>\nJedna z kobiet powiedzia\u0142a nam, \u017ce 3 dni temu matka dziecka wyrzuci\u0142a ojca 3-miesi\u0119cznego dziecka z domu m\u00f3wi\u0105c mu: <strong>&#8222;bo ty w moim domu nie b\u0119dziesz mieszka\u0107&#8221;.<\/strong><br \/>\nWracaj\u0105c do obezw\u0142adnienia Roma, jedna z kobiet mieszkaj\u0105ca z nim w domu powiedzia\u0142a, \u017ce dow\u00f3dcy akcji z policji nie ujdzie to na sucho <strong>&#8222;oj nie, nie, nie&#8221;.<\/strong><\/p>\n<div id='gallery-1' class='gallery galleryid-2739 gallery-columns-3 gallery-size-thumbnail'><figure class='gallery-item'>\n\t\t\t<div class='gallery-icon landscape'>\n\t\t\t\t<a href='https:\/\/ostrowskatv.pl\/?attachment_id=2742'><img loading=\"lazy\" decoding=\"async\" width=\"150\" height=\"150\" src=\"https:\/\/ostrowskatv.pl\/wp-content\/uploads\/2016\/12\/20161224_233450-150x150.jpg\" class=\"attachment-thumbnail size-thumbnail\" alt=\"\" \/><\/a>\n\t\t\t<\/div><\/figure><figure class='gallery-item'>\n\t\t\t<div class='gallery-icon landscape'>\n\t\t\t\t<a href='https:\/\/ostrowskatv.pl\/?attachment_id=2741'><img loading=\"lazy\" decoding=\"async\" width=\"150\" height=\"150\" src=\"https:\/\/ostrowskatv.pl\/wp-content\/uploads\/2016\/12\/20161224_233639-150x150.jpg\" class=\"attachment-thumbnail size-thumbnail\" alt=\"\" \/><\/a>\n\t\t\t<\/div><\/figure><figure class='gallery-item'>\n\t\t\t<div class='gallery-icon landscape'>\n\t\t\t\t<a href='https:\/\/ostrowskatv.pl\/?attachment_id=2740'><img loading=\"lazy\" decoding=\"async\" width=\"150\" height=\"150\" src=\"https:\/\/ostrowskatv.pl\/wp-content\/uploads\/2016\/12\/20161224_233943-150x150.jpg\" class=\"attachment-thumbnail size-thumbnail\" alt=\"\" \/><\/a>\n\t\t\t<\/div><\/figure>\n\t\t<\/div>\n\n<p><iframe loading=\"lazy\" width=\"300\" height=\"169\" src=\"https:\/\/www.youtube.com\/embed\/OQ9ctshdYCI\" frameborder=\"0\" allowfullscreen><\/iframe><\/p>\n","protected":false},"excerpt":{"rendered":"Takiej akcji w naszej okolicy dawno nie by\u0142o. Wszystkie patrole ostrowskiej policji zosta\u0142y postawione w stan nadzwyczajnej gotowo\u015bci. Wszystko za spraw\u0105 zg\u0142oszenia o \n<a class=\"moretag\" href=\"https:\/\/ostrowskatv.pl\/?p=2739\"> [...]<\/a>","protected":false},"author":1,"featured_media":2740,"comment_status":"open","ping_status":"open","sticky":false,"template":"","format":"standard","meta":{"footnotes":""},"categories":[1],"tags":[2,111],"class_list":["post-2739","post","type-post","status-publish","format-standard","has-post-thumbnail","hentry","category-news","tag-ostrow-wielkopolski","tag-pleszew"],"_links":{"self":[{"href":"https:\/\/ostrowskatv.pl\/index.php?rest_route=\/wp\/v2\/posts\/2739","targetHints":{"allow":["GET"]}}],"collection":[{"href":"https:\/\/ostrowskatv.pl\/index.php?rest_route=\/wp\/v2\/posts"}],"about":[{"href":"https:\/\/ostrowskatv.pl\/index.php?rest_route=\/wp\/v2\/types\/post"}],"author":[{"embeddable":true,"href":"https:\/\/ostrowskatv.pl\/index.php?rest_route=\/wp\/v2\/users\/1"}],"replies":[{"embeddable":true,"href":"https:\/\/ostrowskatv.pl\/index.php?rest_route=%2Fwp%2Fv2%2Fcomments&post=2739"}],"version-history":[{"count":0,"href":"https:\/\/ostrowskatv.pl\/index.php?rest_route=\/wp\/v2\/posts\/2739\/revisions"}],"wp:featuredmedia":[{"embeddable":true,"href":"https:\/\/ostrowskatv.pl\/index.php?rest_route=\/wp\/v2\/media\/2740"}],"wp:attachment":[{"href":"https:\/\/ostrowskatv.pl\/index.php?rest_route=%2Fwp%2Fv2%2Fmedia&parent=2739"}],"wp:term":[{"taxonomy":"category","embeddable":true,"href":"https:\/\/ostrowskatv.pl\/index.php?rest_route=%2Fwp%2Fv2%2Fcategories&post=2739"},{"taxonomy":"post_tag","embeddable":true,"href":"https:\/\/ostrowskatv.pl\/index.php?rest_route=%2Fwp%2Fv2%2Ftags&post=2739"}],"curies":[{"name":"wp","href":"https:\/\/api.w.org\/{rel}","templated":true}]}}