{"id":2732,"date":"2016-12-24T14:56:40","date_gmt":"2016-12-24T13:56:40","guid":{"rendered":"http:\/\/ostrowska.tv\/?p=2732"},"modified":"2016-12-24T14:56:40","modified_gmt":"2016-12-24T13:56:40","slug":"trzy-auta-rozbite-wypadek-kr-jadwigiharcerska60-pulku-piechoty","status":"publish","type":"post","link":"https:\/\/ostrowskatv.pl\/?p=2732","title":{"rendered":"Trzy auta rozbite. Wypadek Kr. Jadwigi\/Harcerska\/60 Pu\u0142ku Piechoty"},"content":{"rendered":"<p><strong>Trzy rodziny nie b\u0119d\u0105 mi\u0142o wspomina\u0107 wigilijnej soboty. Wszystko to za spraw\u0105 zdarzenia drogowego na skrzy\u017cowaniu ulic Kr. Jadwigi\/Harcerska\/60 Pu\u0142ku Piechoty w Ostrowie Wlkp. Poszkodowana zosta\u0142a kobieta jad\u0105ca Alf\u0105 Romeo.<\/strong><\/p>\n<p>Wspomniana kobieta z Alfy Romeo jecha\u0142a ulic\u0105 Kr. Jadwigi od strony &#8222;ma\u0142ego ko\u015bci\u00f3\u0142ka&#8221;. M\u0119\u017cczyzna kieruj\u0105cy srebrnym VW Passatem wyjecha\u0142 z 60 Pu\u0142ku Piechoty. Po zderzeniu na \u015brodku skrzy\u017cowania, Alfa Romeo skasowa\u0142a jeszcze Peugeota, kt\u00f3rego kierowca chcia\u0142 wyjecha\u0107 z ul. Harcerskiej.<\/p>\n<p>M\u0119\u017cczyzna z VW Passata t\u0142umaczy\u0142 si\u0119, \u017ce kieruj\u0105ca Alf\u0105 Romeo musia\u0142a jecha\u0107 szybciej ni\u017c by\u0142o to w tym miejscu dopuszczalne. Kwesti\u0105 sporn\u0105 by\u0142o kolejne t\u0142umaczenie czy kierowcy Volkswagena mia\u0142 utrudnia\u0107 widoczno\u015b\u0107 bus stoj\u0105cy przy nKlubie. Tak czy siak, zosta\u0142 on uznany sprawc\u0105 kolizji. Kobiet\u0119 z Alfy Romeo z b\u00f3lami g\u0142owy i korpusu przewieziono do ostrowskiego szpitala, gdzie po diagnostyce wysz\u0142a.<\/p>\n<div id='gallery-1' class='gallery galleryid-2732 gallery-columns-3 gallery-size-thumbnail'><figure class='gallery-item'>\n\t\t\t<div class='gallery-icon landscape'>\n\t\t\t\t<a href='https:\/\/ostrowskatv.pl\/?attachment_id=2733'><img loading=\"lazy\" decoding=\"async\" width=\"150\" height=\"150\" src=\"https:\/\/ostrowskatv.pl\/wp-content\/uploads\/2016\/12\/20161224_113333-150x150.jpg\" class=\"attachment-thumbnail size-thumbnail\" alt=\"\" \/><\/a>\n\t\t\t<\/div><\/figure><figure class='gallery-item'>\n\t\t\t<div class='gallery-icon landscape'>\n\t\t\t\t<a href='https:\/\/ostrowskatv.pl\/?attachment_id=2734'><img loading=\"lazy\" decoding=\"async\" width=\"150\" height=\"150\" src=\"https:\/\/ostrowskatv.pl\/wp-content\/uploads\/2016\/12\/20161224_114855-150x150.jpg\" class=\"attachment-thumbnail size-thumbnail\" alt=\"\" \/><\/a>\n\t\t\t<\/div><\/figure><figure class='gallery-item'>\n\t\t\t<div class='gallery-icon landscape'>\n\t\t\t\t<a href='https:\/\/ostrowskatv.pl\/?attachment_id=2735'><img loading=\"lazy\" decoding=\"async\" width=\"150\" height=\"150\" src=\"https:\/\/ostrowskatv.pl\/wp-content\/uploads\/2016\/12\/20161224_114548-150x150.jpg\" class=\"attachment-thumbnail size-thumbnail\" alt=\"\" \/><\/a>\n\t\t\t<\/div><\/figure><figure class='gallery-item'>\n\t\t\t<div class='gallery-icon landscape'>\n\t\t\t\t<a href='https:\/\/ostrowskatv.pl\/?attachment_id=2736'><img loading=\"lazy\" decoding=\"async\" width=\"150\" height=\"150\" src=\"https:\/\/ostrowskatv.pl\/wp-content\/uploads\/2016\/12\/20161224_113755-150x150.jpg\" class=\"attachment-thumbnail size-thumbnail\" alt=\"\" \/><\/a>\n\t\t\t<\/div><\/figure><figure class='gallery-item'>\n\t\t\t<div class='gallery-icon landscape'>\n\t\t\t\t<a href='https:\/\/ostrowskatv.pl\/?attachment_id=2737'><img loading=\"lazy\" decoding=\"async\" width=\"150\" height=\"150\" src=\"https:\/\/ostrowskatv.pl\/wp-content\/uploads\/2016\/12\/20161224_113607-150x150.jpg\" class=\"attachment-thumbnail size-thumbnail\" alt=\"\" \/><\/a>\n\t\t\t<\/div><\/figure>\n\t\t<\/div>\n\n","protected":false},"excerpt":{"rendered":"Trzy rodziny nie b\u0119d\u0105 mi\u0142o wspomina\u0107 wigilijnej soboty. Wszystko to za spraw\u0105 zdarzenia drogowego na skrzy\u017cowaniu ulic Kr. Jadwigi\/Harcerska\/60 Pu\u0142ku Piechoty w Ostrowie \n<a class=\"moretag\" href=\"https:\/\/ostrowskatv.pl\/?p=2732\"> [...]<\/a>","protected":false},"author":1,"featured_media":2736,"comment_status":"open","ping_status":"open","sticky":false,"template":"","format":"standard","meta":{"footnotes":""},"categories":[1],"tags":[2],"class_list":["post-2732","post","type-post","status-publish","format-standard","has-post-thumbnail","hentry","category-news","tag-ostrow-wielkopolski"],"_links":{"self":[{"href":"https:\/\/ostrowskatv.pl\/index.php?rest_route=\/wp\/v2\/posts\/2732","targetHints":{"allow":["GET"]}}],"collection":[{"href":"https:\/\/ostrowskatv.pl\/index.php?rest_route=\/wp\/v2\/posts"}],"about":[{"href":"https:\/\/ostrowskatv.pl\/index.php?rest_route=\/wp\/v2\/types\/post"}],"author":[{"embeddable":true,"href":"https:\/\/ostrowskatv.pl\/index.php?rest_route=\/wp\/v2\/users\/1"}],"replies":[{"embeddable":true,"href":"https:\/\/ostrowskatv.pl\/index.php?rest_route=%2Fwp%2Fv2%2Fcomments&post=2732"}],"version-history":[{"count":0,"href":"https:\/\/ostrowskatv.pl\/index.php?rest_route=\/wp\/v2\/posts\/2732\/revisions"}],"wp:featuredmedia":[{"embeddable":true,"href":"https:\/\/ostrowskatv.pl\/index.php?rest_route=\/wp\/v2\/media\/2736"}],"wp:attachment":[{"href":"https:\/\/ostrowskatv.pl\/index.php?rest_route=%2Fwp%2Fv2%2Fmedia&parent=2732"}],"wp:term":[{"taxonomy":"category","embeddable":true,"href":"https:\/\/ostrowskatv.pl\/index.php?rest_route=%2Fwp%2Fv2%2Fcategories&post=2732"},{"taxonomy":"post_tag","embeddable":true,"href":"https:\/\/ostrowskatv.pl\/index.php?rest_route=%2Fwp%2Fv2%2Ftags&post=2732"}],"curies":[{"name":"wp","href":"https:\/\/api.w.org\/{rel}","templated":true}]}}