{"id":27271,"date":"2023-11-29T20:07:20","date_gmt":"2023-11-29T19:07:20","guid":{"rendered":"https:\/\/ostrowskatv.pl\/?p=27271"},"modified":"2023-11-29T20:07:20","modified_gmt":"2023-11-29T19:07:20","slug":"nie-dojechala-po-pieczywo","status":"publish","type":"post","link":"https:\/\/ostrowskatv.pl\/?p=27271","title":{"rendered":"Nie dojecha\u0142a po pieczywo"},"content":{"rendered":"<p><strong>Poranna przeja\u017cd\u017cka samochodem po pieczywo nie zako\u0144czy\u0142a si\u0119 szcz\u0119\u015bliwie dla kieruj\u0105cej oplem corsa. Ale nie tylko ona zosta\u0142a poszkodowana, bo r\u00f3wnie\u017c kobieta z volkswagena passata.<\/strong><\/p>\n<p>Kolizja mia\u0142a miejsce na ulicy Grabowskiej w Ostrowie Wielkopolskim. Kobieta jad\u0105c od strony Wt\u00f3rku chcia\u0142a skr\u0119ci\u0107 w lewo do piekarni. Przepuszcza\u0142a samochody jad\u0105ce z przeciwka. Za ni\u0105 zatrzyma\u0142 si\u0119 volkswagen passat i po chwili uderzy\u0142 w ty\u0142 samoch\u00f3d dostawczy renault mascott. Kierowca z gm. Grab\u00f3w nad Prosn\u0105 nienale\u017cycie obserwowa\u0142 przedpole jazdy i skasowa\u0142 dwa auta.<\/p>\n<p>Szcz\u0119\u015bliwie uczestnikom zdarzenia nic si\u0119 nie sta\u0142o. Na miejsce wezwano drog\u00f3wk\u0119 oraz 1 zast\u0119p stra\u017cy po\u017carnej.<\/p>\n<p><img loading=\"lazy\" decoding=\"async\" src=\"https:\/\/ostrowskatv.pl\/wp-content\/uploads\/2023\/11\/1000060352-01.jpeg\" alt=\"\" width=\"1366\" height=\"879\" class=\"alignnone size-full wp-image-27272\" srcset=\"https:\/\/ostrowskatv.pl\/wp-content\/uploads\/2023\/11\/1000060352-01.jpeg 1366w, https:\/\/ostrowskatv.pl\/wp-content\/uploads\/2023\/11\/1000060352-01-300x193.jpeg 300w, https:\/\/ostrowskatv.pl\/wp-content\/uploads\/2023\/11\/1000060352-01-1333x858.jpeg 1333w\" sizes=\"auto, (max-width: 1366px) 100vw, 1366px\" \/><\/p>\n<p><img loading=\"lazy\" decoding=\"async\" src=\"https:\/\/ostrowskatv.pl\/wp-content\/uploads\/2023\/11\/1000060351-01.jpeg\" alt=\"\" width=\"1366\" height=\"769\" class=\"alignnone size-full wp-image-27273\" srcset=\"https:\/\/ostrowskatv.pl\/wp-content\/uploads\/2023\/11\/1000060351-01.jpeg 1366w, https:\/\/ostrowskatv.pl\/wp-content\/uploads\/2023\/11\/1000060351-01-300x169.jpeg 300w, https:\/\/ostrowskatv.pl\/wp-content\/uploads\/2023\/11\/1000060351-01-1333x750.jpeg 1333w\" sizes=\"auto, (max-width: 1366px) 100vw, 1366px\" \/><\/p>\n<p><img loading=\"lazy\" decoding=\"async\" src=\"https:\/\/ostrowskatv.pl\/wp-content\/uploads\/2023\/11\/1000060336-01.jpeg\" alt=\"\" width=\"1366\" height=\"710\" class=\"alignnone size-full wp-image-27274\" srcset=\"https:\/\/ostrowskatv.pl\/wp-content\/uploads\/2023\/11\/1000060336-01.jpeg 1366w, https:\/\/ostrowskatv.pl\/wp-content\/uploads\/2023\/11\/1000060336-01-300x156.jpeg 300w, https:\/\/ostrowskatv.pl\/wp-content\/uploads\/2023\/11\/1000060336-01-1333x693.jpeg 1333w\" sizes=\"auto, (max-width: 1366px) 100vw, 1366px\" \/><\/p>\n<p><img loading=\"lazy\" decoding=\"async\" src=\"https:\/\/ostrowskatv.pl\/wp-content\/uploads\/2023\/11\/1000060335-01.jpeg\" alt=\"\" width=\"1366\" height=\"769\" class=\"alignnone size-full wp-image-27275\" srcset=\"https:\/\/ostrowskatv.pl\/wp-content\/uploads\/2023\/11\/1000060335-01.jpeg 1366w, https:\/\/ostrowskatv.pl\/wp-content\/uploads\/2023\/11\/1000060335-01-300x169.jpeg 300w, https:\/\/ostrowskatv.pl\/wp-content\/uploads\/2023\/11\/1000060335-01-1333x750.jpeg 1333w\" sizes=\"auto, (max-width: 1366px) 100vw, 1366px\" \/><\/p>\n<p><img loading=\"lazy\" decoding=\"async\" src=\"https:\/\/ostrowskatv.pl\/wp-content\/uploads\/2023\/11\/1000060334-01.jpeg\" alt=\"\" width=\"1365\" height=\"882\" class=\"alignnone size-full wp-image-27276\" srcset=\"https:\/\/ostrowskatv.pl\/wp-content\/uploads\/2023\/11\/1000060334-01.jpeg 1365w, https:\/\/ostrowskatv.pl\/wp-content\/uploads\/2023\/11\/1000060334-01-300x194.jpeg 300w, https:\/\/ostrowskatv.pl\/wp-content\/uploads\/2023\/11\/1000060334-01-1333x861.jpeg 1333w\" sizes=\"auto, (max-width: 1365px) 100vw, 1365px\" \/><\/p>\n<p><img loading=\"lazy\" decoding=\"async\" src=\"https:\/\/ostrowskatv.pl\/wp-content\/uploads\/2023\/11\/1000060333-01.jpeg\" alt=\"\" width=\"1366\" height=\"811\" class=\"alignnone size-full wp-image-27277\" srcset=\"https:\/\/ostrowskatv.pl\/wp-content\/uploads\/2023\/11\/1000060333-01.jpeg 1366w, https:\/\/ostrowskatv.pl\/wp-content\/uploads\/2023\/11\/1000060333-01-300x178.jpeg 300w, https:\/\/ostrowskatv.pl\/wp-content\/uploads\/2023\/11\/1000060333-01-1333x791.jpeg 1333w\" sizes=\"auto, (max-width: 1366px) 100vw, 1366px\" \/><\/p>\n","protected":false},"excerpt":{"rendered":"Poranna przeja\u017cd\u017cka samochodem po pieczywo nie zako\u0144czy\u0142a si\u0119 szcz\u0119\u015bliwie dla kieruj\u0105cej oplem corsa. Ale nie tylko ona zosta\u0142a poszkodowana, bo r\u00f3wnie\u017c kobieta z \n<a class=\"moretag\" href=\"https:\/\/ostrowskatv.pl\/?p=27271\"> [...]<\/a>","protected":false},"author":1,"featured_media":27273,"comment_status":"open","ping_status":"closed","sticky":false,"template":"","format":"standard","meta":{"footnotes":""},"categories":[1],"tags":[48],"class_list":["post-27271","post","type-post","status-publish","format-standard","has-post-thumbnail","hentry","category-news","tag-kolizja"],"_links":{"self":[{"href":"https:\/\/ostrowskatv.pl\/index.php?rest_route=\/wp\/v2\/posts\/27271","targetHints":{"allow":["GET"]}}],"collection":[{"href":"https:\/\/ostrowskatv.pl\/index.php?rest_route=\/wp\/v2\/posts"}],"about":[{"href":"https:\/\/ostrowskatv.pl\/index.php?rest_route=\/wp\/v2\/types\/post"}],"author":[{"embeddable":true,"href":"https:\/\/ostrowskatv.pl\/index.php?rest_route=\/wp\/v2\/users\/1"}],"replies":[{"embeddable":true,"href":"https:\/\/ostrowskatv.pl\/index.php?rest_route=%2Fwp%2Fv2%2Fcomments&post=27271"}],"version-history":[{"count":0,"href":"https:\/\/ostrowskatv.pl\/index.php?rest_route=\/wp\/v2\/posts\/27271\/revisions"}],"wp:featuredmedia":[{"embeddable":true,"href":"https:\/\/ostrowskatv.pl\/index.php?rest_route=\/wp\/v2\/media\/27273"}],"wp:attachment":[{"href":"https:\/\/ostrowskatv.pl\/index.php?rest_route=%2Fwp%2Fv2%2Fmedia&parent=27271"}],"wp:term":[{"taxonomy":"category","embeddable":true,"href":"https:\/\/ostrowskatv.pl\/index.php?rest_route=%2Fwp%2Fv2%2Fcategories&post=27271"},{"taxonomy":"post_tag","embeddable":true,"href":"https:\/\/ostrowskatv.pl\/index.php?rest_route=%2Fwp%2Fv2%2Ftags&post=27271"}],"curies":[{"name":"wp","href":"https:\/\/api.w.org\/{rel}","templated":true}]}}