{"id":27261,"date":"2023-11-29T14:58:56","date_gmt":"2023-11-29T13:58:56","guid":{"rendered":"https:\/\/ostrowskatv.pl\/?p=27261"},"modified":"2023-11-29T14:58:56","modified_gmt":"2023-11-29T13:58:56","slug":"bus-zapalil-sie-po-wypadku-zdjecia","status":"publish","type":"post","link":"https:\/\/ostrowskatv.pl\/?p=27261","title":{"rendered":"Bus zapali\u0142 si\u0119 po wypadku (ZDJ\u0118CIA)"},"content":{"rendered":"<p><strong>Przed godzin\u0105 14 dosz\u0142o do zderzenia dw\u00f3ch pojazd\u00f3w na skrzy\u017cowaniu ulic Bema oraz Skorupki w Ostrowie Wielkopolskim. Bus zapali\u0142 si\u0119 bezpo\u015brednio po zdarzeniu.<\/strong><\/p>\n<p>Na miejsce przyjechali stra\u017cacy, kt\u00f3rzy ugasili  po\u017car. Na szcz\u0119\u015bcie \u017cadna z os\u00f3b nie wymaga\u0142a hospitalizacji. Sprawc\u0105 by\u0142 kierowca mercedesa.<\/p>\n<p><img loading=\"lazy\" decoding=\"async\" src=\"https:\/\/ostrowskatv.pl\/wp-content\/uploads\/2023\/11\/1000060390-01.jpeg\" alt=\"\" width=\"1024\" height=\"768\" class=\"alignnone size-full wp-image-27262\" srcset=\"https:\/\/ostrowskatv.pl\/wp-content\/uploads\/2023\/11\/1000060390-01.jpeg 1024w, https:\/\/ostrowskatv.pl\/wp-content\/uploads\/2023\/11\/1000060390-01-300x225.jpeg 300w\" sizes=\"auto, (max-width: 1024px) 100vw, 1024px\" \/><\/p>\n<p><img loading=\"lazy\" decoding=\"async\" src=\"https:\/\/ostrowskatv.pl\/wp-content\/uploads\/2023\/11\/1000060381-01.jpeg\" alt=\"\" width=\"1024\" height=\"768\" class=\"alignnone size-full wp-image-27263\" srcset=\"https:\/\/ostrowskatv.pl\/wp-content\/uploads\/2023\/11\/1000060381-01.jpeg 1024w, https:\/\/ostrowskatv.pl\/wp-content\/uploads\/2023\/11\/1000060381-01-300x225.jpeg 300w\" sizes=\"auto, (max-width: 1024px) 100vw, 1024px\" \/><\/p>\n<p><img loading=\"lazy\" decoding=\"async\" src=\"https:\/\/ostrowskatv.pl\/wp-content\/uploads\/2023\/11\/1000060403-01.jpeg\" alt=\"\" width=\"1366\" height=\"831\" class=\"alignnone size-full wp-image-27264\" srcset=\"https:\/\/ostrowskatv.pl\/wp-content\/uploads\/2023\/11\/1000060403-01.jpeg 1366w, https:\/\/ostrowskatv.pl\/wp-content\/uploads\/2023\/11\/1000060403-01-300x183.jpeg 300w, https:\/\/ostrowskatv.pl\/wp-content\/uploads\/2023\/11\/1000060403-01-1333x811.jpeg 1333w\" sizes=\"auto, (max-width: 1366px) 100vw, 1366px\" \/><\/p>\n<p><img loading=\"lazy\" decoding=\"async\" src=\"https:\/\/ostrowskatv.pl\/wp-content\/uploads\/2023\/11\/1000060404-01.jpeg\" alt=\"\" width=\"1366\" height=\"769\" class=\"alignnone size-full wp-image-27265\" srcset=\"https:\/\/ostrowskatv.pl\/wp-content\/uploads\/2023\/11\/1000060404-01.jpeg 1366w, https:\/\/ostrowskatv.pl\/wp-content\/uploads\/2023\/11\/1000060404-01-300x169.jpeg 300w, https:\/\/ostrowskatv.pl\/wp-content\/uploads\/2023\/11\/1000060404-01-1333x750.jpeg 1333w\" sizes=\"auto, (max-width: 1366px) 100vw, 1366px\" \/><\/p>\n<p><img loading=\"lazy\" decoding=\"async\" src=\"https:\/\/ostrowskatv.pl\/wp-content\/uploads\/2023\/11\/1000060405-01.jpeg\" alt=\"\" width=\"1366\" height=\"769\" class=\"alignnone size-full wp-image-27266\" srcset=\"https:\/\/ostrowskatv.pl\/wp-content\/uploads\/2023\/11\/1000060405-01.jpeg 1366w, https:\/\/ostrowskatv.pl\/wp-content\/uploads\/2023\/11\/1000060405-01-300x169.jpeg 300w, https:\/\/ostrowskatv.pl\/wp-content\/uploads\/2023\/11\/1000060405-01-1333x750.jpeg 1333w\" sizes=\"auto, (max-width: 1366px) 100vw, 1366px\" \/><\/p>\n<p><img loading=\"lazy\" decoding=\"async\" src=\"https:\/\/ostrowskatv.pl\/wp-content\/uploads\/2023\/11\/1000060406-01.jpeg\" alt=\"\" width=\"1366\" height=\"769\" class=\"alignnone size-full wp-image-27267\" srcset=\"https:\/\/ostrowskatv.pl\/wp-content\/uploads\/2023\/11\/1000060406-01.jpeg 1366w, https:\/\/ostrowskatv.pl\/wp-content\/uploads\/2023\/11\/1000060406-01-300x169.jpeg 300w, https:\/\/ostrowskatv.pl\/wp-content\/uploads\/2023\/11\/1000060406-01-1333x750.jpeg 1333w\" sizes=\"auto, (max-width: 1366px) 100vw, 1366px\" \/><\/p>\n<p><img loading=\"lazy\" decoding=\"async\" src=\"https:\/\/ostrowskatv.pl\/wp-content\/uploads\/2023\/11\/1000060407-01.jpeg\" alt=\"\" width=\"1366\" height=\"769\" class=\"alignnone size-full wp-image-27268\" srcset=\"https:\/\/ostrowskatv.pl\/wp-content\/uploads\/2023\/11\/1000060407-01.jpeg 1366w, https:\/\/ostrowskatv.pl\/wp-content\/uploads\/2023\/11\/1000060407-01-300x169.jpeg 300w, https:\/\/ostrowskatv.pl\/wp-content\/uploads\/2023\/11\/1000060407-01-1333x750.jpeg 1333w\" sizes=\"auto, (max-width: 1366px) 100vw, 1366px\" \/><\/p>\n<p><img loading=\"lazy\" decoding=\"async\" src=\"https:\/\/ostrowskatv.pl\/wp-content\/uploads\/2023\/11\/1000060408-01.jpeg\" alt=\"\" width=\"1366\" height=\"769\" class=\"alignnone size-full wp-image-27269\" srcset=\"https:\/\/ostrowskatv.pl\/wp-content\/uploads\/2023\/11\/1000060408-01.jpeg 1366w, https:\/\/ostrowskatv.pl\/wp-content\/uploads\/2023\/11\/1000060408-01-300x169.jpeg 300w, https:\/\/ostrowskatv.pl\/wp-content\/uploads\/2023\/11\/1000060408-01-1333x750.jpeg 1333w\" sizes=\"auto, (max-width: 1366px) 100vw, 1366px\" \/><\/p>\n","protected":false},"excerpt":{"rendered":"Przed godzin\u0105 14 dosz\u0142o do zderzenia dw\u00f3ch pojazd\u00f3w na skrzy\u017cowaniu ulic Bema oraz Skorupki w Ostrowie Wielkopolskim. Bus zapali\u0142 si\u0119 bezpo\u015brednio po zdarzeniu. \n<a class=\"moretag\" href=\"https:\/\/ostrowskatv.pl\/?p=27261\"> [...]<\/a>","protected":false},"author":1,"featured_media":27262,"comment_status":"open","ping_status":"closed","sticky":false,"template":"","format":"standard","meta":{"footnotes":""},"categories":[1],"tags":[11],"class_list":["post-27261","post","type-post","status-publish","format-standard","has-post-thumbnail","hentry","category-news","tag-wypadek"],"_links":{"self":[{"href":"https:\/\/ostrowskatv.pl\/index.php?rest_route=\/wp\/v2\/posts\/27261","targetHints":{"allow":["GET"]}}],"collection":[{"href":"https:\/\/ostrowskatv.pl\/index.php?rest_route=\/wp\/v2\/posts"}],"about":[{"href":"https:\/\/ostrowskatv.pl\/index.php?rest_route=\/wp\/v2\/types\/post"}],"author":[{"embeddable":true,"href":"https:\/\/ostrowskatv.pl\/index.php?rest_route=\/wp\/v2\/users\/1"}],"replies":[{"embeddable":true,"href":"https:\/\/ostrowskatv.pl\/index.php?rest_route=%2Fwp%2Fv2%2Fcomments&post=27261"}],"version-history":[{"count":0,"href":"https:\/\/ostrowskatv.pl\/index.php?rest_route=\/wp\/v2\/posts\/27261\/revisions"}],"wp:featuredmedia":[{"embeddable":true,"href":"https:\/\/ostrowskatv.pl\/index.php?rest_route=\/wp\/v2\/media\/27262"}],"wp:attachment":[{"href":"https:\/\/ostrowskatv.pl\/index.php?rest_route=%2Fwp%2Fv2%2Fmedia&parent=27261"}],"wp:term":[{"taxonomy":"category","embeddable":true,"href":"https:\/\/ostrowskatv.pl\/index.php?rest_route=%2Fwp%2Fv2%2Fcategories&post=27261"},{"taxonomy":"post_tag","embeddable":true,"href":"https:\/\/ostrowskatv.pl\/index.php?rest_route=%2Fwp%2Fv2%2Ftags&post=27261"}],"curies":[{"name":"wp","href":"https:\/\/api.w.org\/{rel}","templated":true}]}}