{"id":27217,"date":"2023-11-25T12:03:17","date_gmt":"2023-11-25T11:03:17","guid":{"rendered":"https:\/\/ostrowskatv.pl\/?p=27217"},"modified":"2023-11-25T12:03:17","modified_gmt":"2023-11-25T11:03:17","slug":"nieoznakowane-bmw-znowu-wyeliminowane","status":"publish","type":"post","link":"https:\/\/ostrowskatv.pl\/?p=27217","title":{"rendered":"Nieoznakowane BMW znowu wyeliminowane"},"content":{"rendered":"<p><strong>Piraci drog\u00f3wki z powiatu ostrowskiego mog\u0105 odetchn\u0105\u0107 z ulg\u0105. Kolejny raz nieoznakowane BMW odjecha\u0142o na lawecie.<\/strong><\/p>\n<p>Tym razem nie dosz\u0142o do kolizji ani te\u017c awarii. Funkcjonariusze postanowili przed \u0142owami umy\u0107 radiow\u00f3z. Pojechali na myjni\u0119, z kt\u00f3r\u0105 komenda policji ma podpisan\u0105 umow\u0119. Tam dosz\u0142o do uderzenia w przedni, lewy zderzak radiowozu przed maszyn\u0119 do mycia k\u00f3\u0142.<\/p>\n<p>Policjantom nic si\u0119 nie sta\u0142o. Radiow\u00f3z z uwagi na uszkodzenia zosta\u0142 wyeliminowany z ruchu drogowego. Wy\u0142\u0105czono r\u00f3wnie\u017c z u\u017cytkowania automatyczn\u0105 myjni\u0119.<\/p>\n<p><img loading=\"lazy\" decoding=\"async\" src=\"https:\/\/ostrowskatv.pl\/wp-content\/uploads\/2023\/11\/1000059718-01.jpeg\" alt=\"\" width=\"1366\" height=\"769\" class=\"alignnone size-full wp-image-27218\" srcset=\"https:\/\/ostrowskatv.pl\/wp-content\/uploads\/2023\/11\/1000059718-01.jpeg 1366w, https:\/\/ostrowskatv.pl\/wp-content\/uploads\/2023\/11\/1000059718-01-300x169.jpeg 300w, https:\/\/ostrowskatv.pl\/wp-content\/uploads\/2023\/11\/1000059718-01-1333x750.jpeg 1333w\" sizes=\"auto, (max-width: 1366px) 100vw, 1366px\" \/><\/p>\n<p><img loading=\"lazy\" decoding=\"async\" src=\"https:\/\/ostrowskatv.pl\/wp-content\/uploads\/2023\/11\/1000059716-01.jpeg\" alt=\"\" width=\"1366\" height=\"769\" class=\"alignnone size-full wp-image-27219\" srcset=\"https:\/\/ostrowskatv.pl\/wp-content\/uploads\/2023\/11\/1000059716-01.jpeg 1366w, https:\/\/ostrowskatv.pl\/wp-content\/uploads\/2023\/11\/1000059716-01-300x169.jpeg 300w, https:\/\/ostrowskatv.pl\/wp-content\/uploads\/2023\/11\/1000059716-01-1333x750.jpeg 1333w\" sizes=\"auto, (max-width: 1366px) 100vw, 1366px\" \/><\/p>\n<p><img loading=\"lazy\" decoding=\"async\" src=\"https:\/\/ostrowskatv.pl\/wp-content\/uploads\/2023\/11\/1000059714-01.jpeg\" alt=\"\" width=\"1366\" height=\"769\" class=\"alignnone size-full wp-image-27220\" srcset=\"https:\/\/ostrowskatv.pl\/wp-content\/uploads\/2023\/11\/1000059714-01.jpeg 1366w, https:\/\/ostrowskatv.pl\/wp-content\/uploads\/2023\/11\/1000059714-01-300x169.jpeg 300w, https:\/\/ostrowskatv.pl\/wp-content\/uploads\/2023\/11\/1000059714-01-1333x750.jpeg 1333w\" sizes=\"auto, (max-width: 1366px) 100vw, 1366px\" \/><\/p>\n<p><img loading=\"lazy\" decoding=\"async\" src=\"https:\/\/ostrowskatv.pl\/wp-content\/uploads\/2023\/11\/1000059713-01.jpeg\" alt=\"\" width=\"1366\" height=\"769\" class=\"alignnone size-full wp-image-27221\" srcset=\"https:\/\/ostrowskatv.pl\/wp-content\/uploads\/2023\/11\/1000059713-01.jpeg 1366w, https:\/\/ostrowskatv.pl\/wp-content\/uploads\/2023\/11\/1000059713-01-300x169.jpeg 300w, https:\/\/ostrowskatv.pl\/wp-content\/uploads\/2023\/11\/1000059713-01-1333x750.jpeg 1333w\" sizes=\"auto, (max-width: 1366px) 100vw, 1366px\" \/><\/p>\n<p><img loading=\"lazy\" decoding=\"async\" src=\"https:\/\/ostrowskatv.pl\/wp-content\/uploads\/2023\/11\/1000059711-01.jpeg\" alt=\"\" width=\"1366\" height=\"716\" class=\"alignnone size-full wp-image-27222\" srcset=\"https:\/\/ostrowskatv.pl\/wp-content\/uploads\/2023\/11\/1000059711-01.jpeg 1366w, https:\/\/ostrowskatv.pl\/wp-content\/uploads\/2023\/11\/1000059711-01-300x157.jpeg 300w, https:\/\/ostrowskatv.pl\/wp-content\/uploads\/2023\/11\/1000059711-01-1333x699.jpeg 1333w\" sizes=\"auto, (max-width: 1366px) 100vw, 1366px\" \/><\/p>\n<p><img loading=\"lazy\" decoding=\"async\" src=\"https:\/\/ostrowskatv.pl\/wp-content\/uploads\/2023\/11\/1000059708-01.jpeg\" alt=\"\" width=\"1366\" height=\"769\" class=\"alignnone size-full wp-image-27223\" srcset=\"https:\/\/ostrowskatv.pl\/wp-content\/uploads\/2023\/11\/1000059708-01.jpeg 1366w, https:\/\/ostrowskatv.pl\/wp-content\/uploads\/2023\/11\/1000059708-01-300x169.jpeg 300w, https:\/\/ostrowskatv.pl\/wp-content\/uploads\/2023\/11\/1000059708-01-1333x750.jpeg 1333w\" sizes=\"auto, (max-width: 1366px) 100vw, 1366px\" \/><\/p>\n<p><img loading=\"lazy\" decoding=\"async\" src=\"https:\/\/ostrowskatv.pl\/wp-content\/uploads\/2023\/11\/1000059688-01.jpeg\" alt=\"\" width=\"1366\" height=\"769\" class=\"alignnone size-full wp-image-27224\" srcset=\"https:\/\/ostrowskatv.pl\/wp-content\/uploads\/2023\/11\/1000059688-01.jpeg 1366w, https:\/\/ostrowskatv.pl\/wp-content\/uploads\/2023\/11\/1000059688-01-300x169.jpeg 300w, https:\/\/ostrowskatv.pl\/wp-content\/uploads\/2023\/11\/1000059688-01-1333x750.jpeg 1333w\" sizes=\"auto, (max-width: 1366px) 100vw, 1366px\" \/><\/p>\n<p><img loading=\"lazy\" decoding=\"async\" src=\"https:\/\/ostrowskatv.pl\/wp-content\/uploads\/2023\/11\/1000059689-01.jpeg\" alt=\"\" width=\"1366\" height=\"769\" class=\"alignnone size-full wp-image-27225\" srcset=\"https:\/\/ostrowskatv.pl\/wp-content\/uploads\/2023\/11\/1000059689-01.jpeg 1366w, https:\/\/ostrowskatv.pl\/wp-content\/uploads\/2023\/11\/1000059689-01-300x169.jpeg 300w, https:\/\/ostrowskatv.pl\/wp-content\/uploads\/2023\/11\/1000059689-01-1333x750.jpeg 1333w\" sizes=\"auto, (max-width: 1366px) 100vw, 1366px\" \/><\/p>\n<p><img loading=\"lazy\" decoding=\"async\" src=\"https:\/\/ostrowskatv.pl\/wp-content\/uploads\/2023\/11\/1000059690-01.jpeg\" alt=\"\" width=\"1366\" height=\"769\" class=\"alignnone size-full wp-image-27226\" srcset=\"https:\/\/ostrowskatv.pl\/wp-content\/uploads\/2023\/11\/1000059690-01.jpeg 1366w, https:\/\/ostrowskatv.pl\/wp-content\/uploads\/2023\/11\/1000059690-01-300x169.jpeg 300w, https:\/\/ostrowskatv.pl\/wp-content\/uploads\/2023\/11\/1000059690-01-1333x750.jpeg 1333w\" sizes=\"auto, (max-width: 1366px) 100vw, 1366px\" \/><\/p>\n<p><img loading=\"lazy\" decoding=\"async\" src=\"https:\/\/ostrowskatv.pl\/wp-content\/uploads\/2023\/11\/1000059694-01.jpeg\" alt=\"\" width=\"1366\" height=\"769\" class=\"alignnone size-full wp-image-27227\" srcset=\"https:\/\/ostrowskatv.pl\/wp-content\/uploads\/2023\/11\/1000059694-01.jpeg 1366w, https:\/\/ostrowskatv.pl\/wp-content\/uploads\/2023\/11\/1000059694-01-300x169.jpeg 300w, https:\/\/ostrowskatv.pl\/wp-content\/uploads\/2023\/11\/1000059694-01-1333x750.jpeg 1333w\" sizes=\"auto, (max-width: 1366px) 100vw, 1366px\" \/><\/p>\n","protected":false},"excerpt":{"rendered":"Piraci drog\u00f3wki z powiatu ostrowskiego mog\u0105 odetchn\u0105\u0107 z ulg\u0105. Kolejny raz nieoznakowane BMW odjecha\u0142o na lawecie. Tym razem nie dosz\u0142o do kolizji ani \n<a class=\"moretag\" href=\"https:\/\/ostrowskatv.pl\/?p=27217\"> [...]<\/a>","protected":false},"author":1,"featured_media":27221,"comment_status":"open","ping_status":"closed","sticky":false,"template":"","format":"standard","meta":{"footnotes":""},"categories":[1],"tags":[2],"class_list":["post-27217","post","type-post","status-publish","format-standard","has-post-thumbnail","hentry","category-news","tag-ostrow-wielkopolski"],"_links":{"self":[{"href":"https:\/\/ostrowskatv.pl\/index.php?rest_route=\/wp\/v2\/posts\/27217","targetHints":{"allow":["GET"]}}],"collection":[{"href":"https:\/\/ostrowskatv.pl\/index.php?rest_route=\/wp\/v2\/posts"}],"about":[{"href":"https:\/\/ostrowskatv.pl\/index.php?rest_route=\/wp\/v2\/types\/post"}],"author":[{"embeddable":true,"href":"https:\/\/ostrowskatv.pl\/index.php?rest_route=\/wp\/v2\/users\/1"}],"replies":[{"embeddable":true,"href":"https:\/\/ostrowskatv.pl\/index.php?rest_route=%2Fwp%2Fv2%2Fcomments&post=27217"}],"version-history":[{"count":0,"href":"https:\/\/ostrowskatv.pl\/index.php?rest_route=\/wp\/v2\/posts\/27217\/revisions"}],"wp:featuredmedia":[{"embeddable":true,"href":"https:\/\/ostrowskatv.pl\/index.php?rest_route=\/wp\/v2\/media\/27221"}],"wp:attachment":[{"href":"https:\/\/ostrowskatv.pl\/index.php?rest_route=%2Fwp%2Fv2%2Fmedia&parent=27217"}],"wp:term":[{"taxonomy":"category","embeddable":true,"href":"https:\/\/ostrowskatv.pl\/index.php?rest_route=%2Fwp%2Fv2%2Fcategories&post=27217"},{"taxonomy":"post_tag","embeddable":true,"href":"https:\/\/ostrowskatv.pl\/index.php?rest_route=%2Fwp%2Fv2%2Ftags&post=27217"}],"curies":[{"name":"wp","href":"https:\/\/api.w.org\/{rel}","templated":true}]}}