{"id":27211,"date":"2023-11-24T15:49:26","date_gmt":"2023-11-24T14:49:26","guid":{"rendered":"https:\/\/ostrowskatv.pl\/?p=27211"},"modified":"2023-11-24T15:49:26","modified_gmt":"2023-11-24T14:49:26","slug":"znaleziono-cialo-w-kominie","status":"publish","type":"post","link":"https:\/\/ostrowskatv.pl\/?p=27211","title":{"rendered":"Znaleziono cia\u0142o w kominie"},"content":{"rendered":"<p><strong>Do makabrycznego odkrycia dosz\u0142o na terenie jednego z gospodarstw rolnych. W kominie wysokim na 25 metr\u00f3w znaleziono cia\u0142o m\u0119\u017cczyzny.<\/strong><\/p>\n<p>S\u0142u\u017cby zosta\u0142y wezwane do miejscowo\u015bci Zag\u00f3rzyn (35 km od Ostrowa). Ze zg\u0142oszenia wynika\u0142o, \u017ce m\u0119\u017cczyzna utkn\u0105\u0142 w kominie. Na miejscu okaza\u0142o si\u0119, \u017ce m\u0119\u017cczyzna nie daje oznak \u017cycia, a wed\u0142ug relacji rodziny by\u0142 zaginiony od tygodnia.<\/p>\n<p>Denat mia\u0142 46 lat. Nieoficjalnie mia\u0142 \u017con\u0119 i dziecko.<\/p>\n<p><img loading=\"lazy\" decoding=\"async\" src=\"https:\/\/ostrowskatv.pl\/wp-content\/uploads\/2023\/11\/1000059551-01.jpeg\" alt=\"\" width=\"2525\" height=\"1236\" class=\"alignnone size-full wp-image-27212\" srcset=\"https:\/\/ostrowskatv.pl\/wp-content\/uploads\/2023\/11\/1000059551-01.jpeg 2525w, https:\/\/ostrowskatv.pl\/wp-content\/uploads\/2023\/11\/1000059551-01-300x147.jpeg 300w, https:\/\/ostrowskatv.pl\/wp-content\/uploads\/2023\/11\/1000059551-01-1333x653.jpeg 1333w, https:\/\/ostrowskatv.pl\/wp-content\/uploads\/2023\/11\/1000059551-01-1536x752.jpeg 1536w, https:\/\/ostrowskatv.pl\/wp-content\/uploads\/2023\/11\/1000059551-01-2048x1003.jpeg 2048w\" sizes=\"auto, (max-width: 2525px) 100vw, 2525px\" \/><\/p>\n<p><img loading=\"lazy\" decoding=\"async\" src=\"https:\/\/ostrowskatv.pl\/wp-content\/uploads\/2023\/11\/1000059552-01.jpeg\" alt=\"\" width=\"1366\" height=\"684\" class=\"alignnone size-full wp-image-27213\" srcset=\"https:\/\/ostrowskatv.pl\/wp-content\/uploads\/2023\/11\/1000059552-01.jpeg 1366w, https:\/\/ostrowskatv.pl\/wp-content\/uploads\/2023\/11\/1000059552-01-300x150.jpeg 300w, https:\/\/ostrowskatv.pl\/wp-content\/uploads\/2023\/11\/1000059552-01-1333x667.jpeg 1333w\" sizes=\"auto, (max-width: 1366px) 100vw, 1366px\" \/><\/p>\n<p><img loading=\"lazy\" decoding=\"async\" src=\"https:\/\/ostrowskatv.pl\/wp-content\/uploads\/2023\/11\/1000059645-01.jpeg\" alt=\"\" width=\"693\" height=\"458\" class=\"alignnone size-full wp-image-27214\" srcset=\"https:\/\/ostrowskatv.pl\/wp-content\/uploads\/2023\/11\/1000059645-01.jpeg 693w, https:\/\/ostrowskatv.pl\/wp-content\/uploads\/2023\/11\/1000059645-01-300x198.jpeg 300w\" sizes=\"auto, (max-width: 693px) 100vw, 693px\" \/><\/p>\n<p><img loading=\"lazy\" decoding=\"async\" src=\"https:\/\/ostrowskatv.pl\/wp-content\/uploads\/2023\/11\/1000059650-01.jpeg\" alt=\"\" width=\"1154\" height=\"644\" class=\"alignnone size-full wp-image-27215\" srcset=\"https:\/\/ostrowskatv.pl\/wp-content\/uploads\/2023\/11\/1000059650-01.jpeg 1154w, https:\/\/ostrowskatv.pl\/wp-content\/uploads\/2023\/11\/1000059650-01-300x167.jpeg 300w\" sizes=\"auto, (max-width: 1154px) 100vw, 1154px\" \/><\/p>\n","protected":false},"excerpt":{"rendered":"Do makabrycznego odkrycia dosz\u0142o na terenie jednego z gospodarstw rolnych. W kominie wysokim na 25 metr\u00f3w znaleziono cia\u0142o m\u0119\u017cczyzny. S\u0142u\u017cby zosta\u0142y wezwane do \n<a class=\"moretag\" href=\"https:\/\/ostrowskatv.pl\/?p=27211\"> [...]<\/a>","protected":false},"author":1,"featured_media":27213,"comment_status":"open","ping_status":"closed","sticky":false,"template":"","format":"standard","meta":{"footnotes":""},"categories":[1],"tags":[278,175],"class_list":["post-27211","post","type-post","status-publish","format-standard","has-post-thumbnail","hentry","category-news","tag-komin","tag-powiat-kaliski"],"_links":{"self":[{"href":"https:\/\/ostrowskatv.pl\/index.php?rest_route=\/wp\/v2\/posts\/27211","targetHints":{"allow":["GET"]}}],"collection":[{"href":"https:\/\/ostrowskatv.pl\/index.php?rest_route=\/wp\/v2\/posts"}],"about":[{"href":"https:\/\/ostrowskatv.pl\/index.php?rest_route=\/wp\/v2\/types\/post"}],"author":[{"embeddable":true,"href":"https:\/\/ostrowskatv.pl\/index.php?rest_route=\/wp\/v2\/users\/1"}],"replies":[{"embeddable":true,"href":"https:\/\/ostrowskatv.pl\/index.php?rest_route=%2Fwp%2Fv2%2Fcomments&post=27211"}],"version-history":[{"count":0,"href":"https:\/\/ostrowskatv.pl\/index.php?rest_route=\/wp\/v2\/posts\/27211\/revisions"}],"wp:featuredmedia":[{"embeddable":true,"href":"https:\/\/ostrowskatv.pl\/index.php?rest_route=\/wp\/v2\/media\/27213"}],"wp:attachment":[{"href":"https:\/\/ostrowskatv.pl\/index.php?rest_route=%2Fwp%2Fv2%2Fmedia&parent=27211"}],"wp:term":[{"taxonomy":"category","embeddable":true,"href":"https:\/\/ostrowskatv.pl\/index.php?rest_route=%2Fwp%2Fv2%2Fcategories&post=27211"},{"taxonomy":"post_tag","embeddable":true,"href":"https:\/\/ostrowskatv.pl\/index.php?rest_route=%2Fwp%2Fv2%2Ftags&post=27211"}],"curies":[{"name":"wp","href":"https:\/\/api.w.org\/{rel}","templated":true}]}}