{"id":27196,"date":"2023-11-22T12:56:19","date_gmt":"2023-11-22T11:56:19","guid":{"rendered":"https:\/\/ostrowskatv.pl\/?p=27196"},"modified":"2023-11-22T12:56:19","modified_gmt":"2023-11-22T11:56:19","slug":"glosowali-nad-wygaszeniem-mandatu-radnego","status":"publish","type":"post","link":"https:\/\/ostrowskatv.pl\/?p=27196","title":{"rendered":"G\u0142osowali nad wygaszeniem mandatu radnego"},"content":{"rendered":"<p><strong>Radni Ostrowa Wielkopolskiego g\u0142osowali w sprawie wygaszenia mandatu radnego Mateusza Nycka. Taki wniosek skierowa\u0142 Wielkopolski Urz\u0105d Wojew\u00f3dzki. Jednak nikt nie zag\u0142osowa\u0142 za pozbawieniem Mateusza Nycka mandatu radnego.<\/strong><\/p>\n<p>Rada Miejska otrzyma\u0142a taki wniosek od Wojewody. Jednak nie znalaz\u0142o si\u0119 w nim \u017cadne konkretne uzasadnienie &#8211; zauwa\u017cy\u0142 sam zainteresowany Mateusz Nycek. Nieoficjalnie ma chodzi\u0107 o zakaz prowadzenia dzia\u0142alno\u015bci gospodarczej na w\u0142asny rachunek lub wsp\u00f3lnie z innymi osobami z wykorzystaniem mienia komunalnego gminy, w kt\u00f3rej radny uzyska\u0142 mandat, a tak\u017ce nie mo\u017cna zarz\u0105dza\u0107 tak\u0105 dzia\u0142alno\u015bci\u0105 lub by\u0107 przedstawicielem czy pe\u0142nomocnikiem w prowadzeniu takiej dzia\u0142alno\u015bci.<\/p>\n<p>Internauci zauwa\u017caj\u0105, \u017ce radny Nycek by\u0142 pe\u0142nomocnikiem zarz\u0105du w Centrum Rozwoju Komunalnego (CRK).<\/p>\n<p><a href=\"https:\/\/archiwumbip.umostrow.pl\/files\/170313.15_M.N.pdf\" rel=\"nofollow ugc\">https:\/\/archiwumbip.umostrow.pl\/files\/170313.15_M.N.pdf<\/a><\/p>\n<p>Radny Nycek ubolewa\u0142, \u017ce nie otrzyma\u0142 konkretnej przyczyny i jakichkolwiek argument\u00f3w, poniewa\u017c chcia\u0142by si\u0119 do nich odnie\u015b\u0107 na drodze administracyjnej.<\/p>\n<p>Radny zapewnia, \u017ce <span class=\"s1\">wype\u0142niaj\u0105c mandat radnego miejskiego w pe\u0142ni przestrzega wszystkich przepis\u00f3w prawa, w tym art. 24f ustawy o samorz\u0105dzie gminnym.<\/span><\/p>\n<p>19 radnych by\u0142o przeciw wygaszeniu mandatu,\u00a0 a dw\u00f3ch wstrzyma\u0142o si\u0119 od g\u0142osu.<\/p>\n","protected":false},"excerpt":{"rendered":"Radni Ostrowa Wielkopolskiego g\u0142osowali w sprawie wygaszenia mandatu radnego Mateusza Nycka. Taki wniosek skierowa\u0142 Wielkopolski Urz\u0105d Wojew\u00f3dzki. Jednak nikt nie zag\u0142osowa\u0142 za pozbawieniem \n<a class=\"moretag\" href=\"https:\/\/ostrowskatv.pl\/?p=27196\"> [...]<\/a>","protected":false},"author":1,"featured_media":27197,"comment_status":"open","ping_status":"closed","sticky":false,"template":"","format":"standard","meta":{"footnotes":""},"categories":[1],"tags":[16],"class_list":["post-27196","post","type-post","status-publish","format-standard","has-post-thumbnail","hentry","category-news","tag-radni"],"_links":{"self":[{"href":"https:\/\/ostrowskatv.pl\/index.php?rest_route=\/wp\/v2\/posts\/27196","targetHints":{"allow":["GET"]}}],"collection":[{"href":"https:\/\/ostrowskatv.pl\/index.php?rest_route=\/wp\/v2\/posts"}],"about":[{"href":"https:\/\/ostrowskatv.pl\/index.php?rest_route=\/wp\/v2\/types\/post"}],"author":[{"embeddable":true,"href":"https:\/\/ostrowskatv.pl\/index.php?rest_route=\/wp\/v2\/users\/1"}],"replies":[{"embeddable":true,"href":"https:\/\/ostrowskatv.pl\/index.php?rest_route=%2Fwp%2Fv2%2Fcomments&post=27196"}],"version-history":[{"count":0,"href":"https:\/\/ostrowskatv.pl\/index.php?rest_route=\/wp\/v2\/posts\/27196\/revisions"}],"wp:featuredmedia":[{"embeddable":true,"href":"https:\/\/ostrowskatv.pl\/index.php?rest_route=\/wp\/v2\/media\/27197"}],"wp:attachment":[{"href":"https:\/\/ostrowskatv.pl\/index.php?rest_route=%2Fwp%2Fv2%2Fmedia&parent=27196"}],"wp:term":[{"taxonomy":"category","embeddable":true,"href":"https:\/\/ostrowskatv.pl\/index.php?rest_route=%2Fwp%2Fv2%2Fcategories&post=27196"},{"taxonomy":"post_tag","embeddable":true,"href":"https:\/\/ostrowskatv.pl\/index.php?rest_route=%2Fwp%2Fv2%2Ftags&post=27196"}],"curies":[{"name":"wp","href":"https:\/\/api.w.org\/{rel}","templated":true}]}}