{"id":27194,"date":"2023-11-20T11:41:09","date_gmt":"2023-11-20T10:41:09","guid":{"rendered":"https:\/\/ostrowskatv.pl\/?p=27194"},"modified":"2023-11-20T11:41:09","modified_gmt":"2023-11-20T10:41:09","slug":"nocny-pozar-garazu","status":"publish","type":"post","link":"https:\/\/ostrowskatv.pl\/?p=27194","title":{"rendered":"Nocny po\u017car gara\u017cu"},"content":{"rendered":"<p><strong>O godzinie 1 w nocy zauwa\u017cono po\u017car gara\u017cu wraz\u00a0 z pomieszczeniem kot\u0142owni przylegaj\u0105cym do budynku mieszkalnego. 5 zast\u0119p\u00f3w stra\u017cy po\u017carnej zosta\u0142o skierowanych na posesj\u0119 w miejscowo\u015bci Westrza.<\/strong><\/p>\n<p>Na miejscu okaza\u0142o si\u0119, \u017ce p\u0142on\u0119\u0142a instalacja elektryczna, wywi\u0105zka dachowa oraz elektronarz\u0119dzia. Uszkodzeniu uleg\u0142o okno PCV, 40 m2 blaszanego pokrycia dachowego oraz instalacja CO w kot\u0142owni.<\/p>\n<p>Odymione zosta\u0142o wn\u0119trze budynku mieszkalnego. <span style=\"font-size: 1rem;\">Dzia\u0142ania stra\u017cak\u00f3w trwa\u0142y 2 godziny. Przypuszcza si\u0119, \u017ce przyczyn\u0105 po\u017caru by\u0142o zwarcie w instalacji elektrycznej.<\/span><\/p>\n","protected":false},"excerpt":{"rendered":"O godzinie 1 w nocy zauwa\u017cono po\u017car gara\u017cu wraz\u00a0 z pomieszczeniem kot\u0142owni przylegaj\u0105cym do budynku mieszkalnego. 5 zast\u0119p\u00f3w stra\u017cy po\u017carnej zosta\u0142o skierowanych na \n<a class=\"moretag\" href=\"https:\/\/ostrowskatv.pl\/?p=27194\"> [...]<\/a>","protected":false},"author":1,"featured_media":17521,"comment_status":"open","ping_status":"closed","sticky":false,"template":"","format":"standard","meta":{"footnotes":""},"categories":[1],"tags":[],"class_list":["post-27194","post","type-post","status-publish","format-standard","has-post-thumbnail","hentry","category-news"],"_links":{"self":[{"href":"https:\/\/ostrowskatv.pl\/index.php?rest_route=\/wp\/v2\/posts\/27194","targetHints":{"allow":["GET"]}}],"collection":[{"href":"https:\/\/ostrowskatv.pl\/index.php?rest_route=\/wp\/v2\/posts"}],"about":[{"href":"https:\/\/ostrowskatv.pl\/index.php?rest_route=\/wp\/v2\/types\/post"}],"author":[{"embeddable":true,"href":"https:\/\/ostrowskatv.pl\/index.php?rest_route=\/wp\/v2\/users\/1"}],"replies":[{"embeddable":true,"href":"https:\/\/ostrowskatv.pl\/index.php?rest_route=%2Fwp%2Fv2%2Fcomments&post=27194"}],"version-history":[{"count":0,"href":"https:\/\/ostrowskatv.pl\/index.php?rest_route=\/wp\/v2\/posts\/27194\/revisions"}],"wp:featuredmedia":[{"embeddable":true,"href":"https:\/\/ostrowskatv.pl\/index.php?rest_route=\/wp\/v2\/media\/17521"}],"wp:attachment":[{"href":"https:\/\/ostrowskatv.pl\/index.php?rest_route=%2Fwp%2Fv2%2Fmedia&parent=27194"}],"wp:term":[{"taxonomy":"category","embeddable":true,"href":"https:\/\/ostrowskatv.pl\/index.php?rest_route=%2Fwp%2Fv2%2Fcategories&post=27194"},{"taxonomy":"post_tag","embeddable":true,"href":"https:\/\/ostrowskatv.pl\/index.php?rest_route=%2Fwp%2Fv2%2Ftags&post=27194"}],"curies":[{"name":"wp","href":"https:\/\/api.w.org\/{rel}","templated":true}]}}