{"id":2719,"date":"2016-12-22T20:41:58","date_gmt":"2016-12-22T19:41:58","guid":{"rendered":"http:\/\/ostrowska.tv\/?p=2719"},"modified":"2016-12-22T20:41:58","modified_gmt":"2016-12-22T19:41:58","slug":"seria-czwartkowych-wypadkow","status":"publish","type":"post","link":"https:\/\/ostrowskatv.pl\/?p=2719","title":{"rendered":"Seria czwartkowych wypadk\u00f3w"},"content":{"rendered":"<p><strong>Od dw\u00f3ch dni, ka\u017cdego popo\u0142udnia dochodzi do kilku kolizji i wypadk\u00f3w na drogach powiatu ostrowskiego. Zapewne ma na to wp\u0142yw \u015bliska nawierzchnia, a tak\u017ce przed\u015bwi\u0105teczny p\u0119d. Najgorzej sko\u0144czy\u0142 m\u0119\u017cczyzna z wypadku ko\u0142o Chotowa z urazem kr\u0119gos\u0142upa.<\/strong><\/p>\n<p>Oko\u0142o 35-letni m\u0119\u017cczyzna z Fiata Punto jecha\u0142 lokaln\u0105 drog\u0105 ko\u0142o Chotowa. Na kr\u0119tej drodze z niewiadomych przyczyn dosz\u0142o do zahaczenia o jad\u0105cy z przeciwka samoch\u00f3d osobowy, a nast\u0119pnie Fiat Punto dachowa\u0142 i wylecia\u0142 na pobliskie pole. Kierowca Punto dozna\u0142 powa\u017cnego urazu kr\u0119gos\u0142upa szyjnego z uszkodzeniem rdzenia. Przewieziono go do kaliskiego szpitala na oddzia\u0142 neurochirurgiczny. Wida\u0107 na zdj\u0119ciach jak mocno wkl\u0119\u015bni\u0119ty zosta\u0142 dach auta. Na miejsce wezwano jednostki stra\u017cy po\u017carnej z Ostrowa Wlkp., Gostyczyny, a tak\u017ce Kalisza.<\/p>\n<div id='gallery-1' class='gallery galleryid-2719 gallery-columns-3 gallery-size-thumbnail'><figure class='gallery-item'>\n\t\t\t<div class='gallery-icon landscape'>\n\t\t\t\t<a href='https:\/\/ostrowskatv.pl\/?attachment_id=2720'><img loading=\"lazy\" decoding=\"async\" width=\"150\" height=\"150\" src=\"https:\/\/ostrowskatv.pl\/wp-content\/uploads\/2016\/12\/20161222_164928-150x150.jpg\" class=\"attachment-thumbnail size-thumbnail\" alt=\"\" \/><\/a>\n\t\t\t<\/div><\/figure><figure class='gallery-item'>\n\t\t\t<div class='gallery-icon landscape'>\n\t\t\t\t<a href='https:\/\/ostrowskatv.pl\/?attachment_id=2721'><img loading=\"lazy\" decoding=\"async\" width=\"150\" height=\"150\" src=\"https:\/\/ostrowskatv.pl\/wp-content\/uploads\/2016\/12\/20161222_164714-150x150.jpg\" class=\"attachment-thumbnail size-thumbnail\" alt=\"\" \/><\/a>\n\t\t\t<\/div><\/figure><figure class='gallery-item'>\n\t\t\t<div class='gallery-icon landscape'>\n\t\t\t\t<a href='https:\/\/ostrowskatv.pl\/?attachment_id=2722'><img loading=\"lazy\" decoding=\"async\" width=\"150\" height=\"150\" src=\"https:\/\/ostrowskatv.pl\/wp-content\/uploads\/2016\/12\/20161222_164701-150x150.jpg\" class=\"attachment-thumbnail size-thumbnail\" alt=\"\" \/><\/a>\n\t\t\t<\/div><\/figure><figure class='gallery-item'>\n\t\t\t<div class='gallery-icon landscape'>\n\t\t\t\t<a href='https:\/\/ostrowskatv.pl\/?attachment_id=2723'><img loading=\"lazy\" decoding=\"async\" width=\"150\" height=\"150\" src=\"https:\/\/ostrowskatv.pl\/wp-content\/uploads\/2016\/12\/20161222_164640-150x150.jpg\" class=\"attachment-thumbnail size-thumbnail\" alt=\"\" \/><\/a>\n\t\t\t<\/div><\/figure><figure class='gallery-item'>\n\t\t\t<div class='gallery-icon landscape'>\n\t\t\t\t<a href='https:\/\/ostrowskatv.pl\/?attachment_id=2724'><img loading=\"lazy\" decoding=\"async\" width=\"150\" height=\"150\" src=\"https:\/\/ostrowskatv.pl\/wp-content\/uploads\/2016\/12\/20161222_164609-150x150.jpg\" class=\"attachment-thumbnail size-thumbnail\" alt=\"\" \/><\/a>\n\t\t\t<\/div><\/figure><figure class='gallery-item'>\n\t\t\t<div class='gallery-icon landscape'>\n\t\t\t\t<a href='https:\/\/ostrowskatv.pl\/?attachment_id=2725'><img loading=\"lazy\" decoding=\"async\" width=\"150\" height=\"150\" src=\"https:\/\/ostrowskatv.pl\/wp-content\/uploads\/2016\/12\/20161222_164530-150x150.jpg\" class=\"attachment-thumbnail size-thumbnail\" alt=\"\" \/><\/a>\n\t\t\t<\/div><\/figure><figure class='gallery-item'>\n\t\t\t<div class='gallery-icon landscape'>\n\t\t\t\t<a href='https:\/\/ostrowskatv.pl\/?attachment_id=2726'><img loading=\"lazy\" decoding=\"async\" width=\"150\" height=\"150\" src=\"https:\/\/ostrowskatv.pl\/wp-content\/uploads\/2016\/12\/20161222_164450-150x150.jpg\" class=\"attachment-thumbnail size-thumbnail\" alt=\"\" \/><\/a>\n\t\t\t<\/div><\/figure>\n\t\t<\/div>\n\n<hr \/>\n<p>Nied\u0142ugo potem dosz\u0142o do zderzenia na rondzie Witosa. Jad\u0105c od galerii kierowca Alfy Romeo wykonywa\u0142 przejazd po rondzie by skr\u0119ci\u0107 w lewo w ulic\u0119 Grabowsk\u0105 w stron\u0119 Wt\u00f3rku. Jednak jad\u0105cy od ulicy Strzeleckiej kierowca Renault Scenic nie ust\u0105pi\u0142 pierwsze\u0144stwa i doprowadzi\u0142 do zderzenia. W Scenicu mocno zosta\u0142y uszkodzone drzwi, a w Alfie naro\u017cnik z wyciekiem p\u0142ynu z ch\u0142odnicy.<\/p>\n<div id='gallery-2' class='gallery galleryid-2719 gallery-columns-3 gallery-size-thumbnail'><figure class='gallery-item'>\n\t\t\t<div class='gallery-icon landscape'>\n\t\t\t\t<a href='https:\/\/ostrowskatv.pl\/?attachment_id=2727'><img loading=\"lazy\" decoding=\"async\" width=\"150\" height=\"150\" src=\"https:\/\/ostrowskatv.pl\/wp-content\/uploads\/2016\/12\/20161222_172457-150x150.jpg\" class=\"attachment-thumbnail size-thumbnail\" alt=\"\" \/><\/a>\n\t\t\t<\/div><\/figure><figure class='gallery-item'>\n\t\t\t<div class='gallery-icon landscape'>\n\t\t\t\t<a href='https:\/\/ostrowskatv.pl\/?attachment_id=2728'><img loading=\"lazy\" decoding=\"async\" width=\"150\" height=\"150\" src=\"https:\/\/ostrowskatv.pl\/wp-content\/uploads\/2016\/12\/20161222_172411-150x150.jpg\" class=\"attachment-thumbnail size-thumbnail\" alt=\"\" \/><\/a>\n\t\t\t<\/div><\/figure>\n\t\t<\/div>\n\n<hr \/>\n<p>W tym samym czasie zderzy\u0142y si\u0119 dwa samochody na ulicy Kamiennej w Ostrowie Wlkp. Kobieta kieruj\u0105ca s\u0142u\u017cbow\u0105 Skod\u0105 Fabi\u0105 zjecha\u0142a na przeciwny pas ruchu i uderzy\u0142a w Audi i Peugeota 1007. Kobieta jecha\u0142a od strony Wysocka Ma\u0142ego w kierunku Ostrowa Wlkp.<\/p>\n<div id='gallery-3' class='gallery galleryid-2719 gallery-columns-3 gallery-size-thumbnail'><figure class='gallery-item'>\n\t\t\t<div class='gallery-icon landscape'>\n\t\t\t\t<a href='https:\/\/ostrowskatv.pl\/?attachment_id=2729'><img loading=\"lazy\" decoding=\"async\" width=\"150\" height=\"150\" src=\"https:\/\/ostrowskatv.pl\/wp-content\/uploads\/2016\/12\/20161222_174035-150x150.jpg\" class=\"attachment-thumbnail size-thumbnail\" alt=\"\" \/><\/a>\n\t\t\t<\/div><\/figure><figure class='gallery-item'>\n\t\t\t<div class='gallery-icon landscape'>\n\t\t\t\t<a href='https:\/\/ostrowskatv.pl\/?attachment_id=2730'><img loading=\"lazy\" decoding=\"async\" width=\"150\" height=\"150\" src=\"https:\/\/ostrowskatv.pl\/wp-content\/uploads\/2016\/12\/20161222_173700-150x150.jpg\" class=\"attachment-thumbnail size-thumbnail\" alt=\"\" \/><\/a>\n\t\t\t<\/div><\/figure>\n\t\t<\/div>\n\n","protected":false},"excerpt":{"rendered":"Od dw\u00f3ch dni, ka\u017cdego popo\u0142udnia dochodzi do kilku kolizji i wypadk\u00f3w na drogach powiatu ostrowskiego. Zapewne ma na to wp\u0142yw \u015bliska nawierzchnia, a \n<a class=\"moretag\" href=\"https:\/\/ostrowskatv.pl\/?p=2719\"> [...]<\/a>","protected":false},"author":1,"featured_media":2724,"comment_status":"open","ping_status":"open","sticky":false,"template":"","format":"standard","meta":{"footnotes":""},"categories":[1],"tags":[11],"class_list":["post-2719","post","type-post","status-publish","format-standard","has-post-thumbnail","hentry","category-news","tag-wypadek"],"_links":{"self":[{"href":"https:\/\/ostrowskatv.pl\/index.php?rest_route=\/wp\/v2\/posts\/2719","targetHints":{"allow":["GET"]}}],"collection":[{"href":"https:\/\/ostrowskatv.pl\/index.php?rest_route=\/wp\/v2\/posts"}],"about":[{"href":"https:\/\/ostrowskatv.pl\/index.php?rest_route=\/wp\/v2\/types\/post"}],"author":[{"embeddable":true,"href":"https:\/\/ostrowskatv.pl\/index.php?rest_route=\/wp\/v2\/users\/1"}],"replies":[{"embeddable":true,"href":"https:\/\/ostrowskatv.pl\/index.php?rest_route=%2Fwp%2Fv2%2Fcomments&post=2719"}],"version-history":[{"count":0,"href":"https:\/\/ostrowskatv.pl\/index.php?rest_route=\/wp\/v2\/posts\/2719\/revisions"}],"wp:featuredmedia":[{"embeddable":true,"href":"https:\/\/ostrowskatv.pl\/index.php?rest_route=\/wp\/v2\/media\/2724"}],"wp:attachment":[{"href":"https:\/\/ostrowskatv.pl\/index.php?rest_route=%2Fwp%2Fv2%2Fmedia&parent=2719"}],"wp:term":[{"taxonomy":"category","embeddable":true,"href":"https:\/\/ostrowskatv.pl\/index.php?rest_route=%2Fwp%2Fv2%2Fcategories&post=2719"},{"taxonomy":"post_tag","embeddable":true,"href":"https:\/\/ostrowskatv.pl\/index.php?rest_route=%2Fwp%2Fv2%2Ftags&post=2719"}],"curies":[{"name":"wp","href":"https:\/\/api.w.org\/{rel}","templated":true}]}}