{"id":27181,"date":"2023-11-20T11:00:33","date_gmt":"2023-11-20T10:00:33","guid":{"rendered":"https:\/\/ostrowskatv.pl\/?p=27181"},"modified":"2023-11-20T11:07:44","modified_gmt":"2023-11-20T10:07:44","slug":"reanimacja-w-lesie-akcja-ratownicza","status":"publish","type":"post","link":"https:\/\/ostrowskatv.pl\/?p=27181","title":{"rendered":"Reanimacja w lesie. Akcja ratownicza"},"content":{"rendered":"<p><strong>Po godzinie 8 rano s\u0142u\u017cby ratunkowe zosta\u0142y poinformowane o dramatycznym zdarzeniu na terenie lasu. Karetka, LPR, stra\u017c po\u017carna oraz policja zosta\u0142y wys\u0142ane w rejon w\u0119z\u0142a Franklin\u00f3w, gdzie w pobliskim lesie prowadzone by\u0142y prace le\u015bne.<\/strong><\/p>\n<p>Okaza\u0142o si\u0119, \u017ce jeden z pracownik\u00f3w zosta\u0142 odnaleziony przez koleg\u00f3w z pracy. Jego stan wymaga\u0142 podj\u0119cia natychmiastowej pomocy medycznej. <\/p>\n<p>Prowadzono reanimacj\u0119 i ta by\u0142a kontynuowana z u\u017cyciem urz\u0105dzenia, kt\u00f3re automatycznie uciska klatk\u0119 piersiow\u0105. Jest to o tyle wa\u017cne, \u017ce jest to prowadzone w spos\u00f3b idealny pod wzgl\u0119dem g\u0142\u0119boko\u015bci uci\u015bni\u0119\u0107 oraz tempa. <\/p>\n<p>Kilkadziesi\u0105t minut prowadzenia zaawansowanych dzia\u0142a\u0144 medycznych nie pozwoli\u0142o na sta\u0142e przywr\u00f3ci\u0107 pracy serca. Podj\u0119to decyzj\u0119 o przeniesieniu poszkodowanego do karetki i przewiezieniu na Szpitalny Oddzia\u0142 Ratunkowy. Przez ca\u0142y czas urz\u0105dzenie wykonywa\u0142o masa\u017c serca.<\/p>\n<p>M\u0119\u017cczyzna z wygl\u0105du mia\u0142 oko\u0142o 55-60 lat.<\/p>\n<p><img loading=\"lazy\" decoding=\"async\" src=\"https:\/\/ostrowskatv.pl\/wp-content\/uploads\/2023\/11\/1000058899-01.jpeg\" alt=\"\" width=\"1366\" height=\"769\" class=\"alignnone size-full wp-image-27182\" srcset=\"https:\/\/ostrowskatv.pl\/wp-content\/uploads\/2023\/11\/1000058899-01.jpeg 1366w, https:\/\/ostrowskatv.pl\/wp-content\/uploads\/2023\/11\/1000058899-01-300x169.jpeg 300w, https:\/\/ostrowskatv.pl\/wp-content\/uploads\/2023\/11\/1000058899-01-1333x750.jpeg 1333w\" sizes=\"auto, (max-width: 1366px) 100vw, 1366px\" \/><\/p>\n<p><img loading=\"lazy\" decoding=\"async\" src=\"https:\/\/ostrowskatv.pl\/wp-content\/uploads\/2023\/11\/1000058900-01.jpeg\" alt=\"\" width=\"1366\" height=\"769\" class=\"alignnone size-full wp-image-27183\" srcset=\"https:\/\/ostrowskatv.pl\/wp-content\/uploads\/2023\/11\/1000058900-01.jpeg 1366w, https:\/\/ostrowskatv.pl\/wp-content\/uploads\/2023\/11\/1000058900-01-300x169.jpeg 300w, https:\/\/ostrowskatv.pl\/wp-content\/uploads\/2023\/11\/1000058900-01-1333x750.jpeg 1333w\" sizes=\"auto, (max-width: 1366px) 100vw, 1366px\" \/><\/p>\n<p><img loading=\"lazy\" decoding=\"async\" src=\"https:\/\/ostrowskatv.pl\/wp-content\/uploads\/2023\/11\/1000058901-01.jpeg\" alt=\"\" width=\"1366\" height=\"766\" class=\"alignnone size-full wp-image-27184\" srcset=\"https:\/\/ostrowskatv.pl\/wp-content\/uploads\/2023\/11\/1000058901-01.jpeg 1366w, https:\/\/ostrowskatv.pl\/wp-content\/uploads\/2023\/11\/1000058901-01-300x168.jpeg 300w, https:\/\/ostrowskatv.pl\/wp-content\/uploads\/2023\/11\/1000058901-01-1333x747.jpeg 1333w\" sizes=\"auto, (max-width: 1366px) 100vw, 1366px\" \/><\/p>\n<p><img loading=\"lazy\" decoding=\"async\" src=\"https:\/\/ostrowskatv.pl\/wp-content\/uploads\/2023\/11\/1000058902-01.jpeg\" alt=\"\" width=\"1366\" height=\"769\" class=\"alignnone size-full wp-image-27185\" srcset=\"https:\/\/ostrowskatv.pl\/wp-content\/uploads\/2023\/11\/1000058902-01.jpeg 1366w, https:\/\/ostrowskatv.pl\/wp-content\/uploads\/2023\/11\/1000058902-01-300x169.jpeg 300w, https:\/\/ostrowskatv.pl\/wp-content\/uploads\/2023\/11\/1000058902-01-1333x750.jpeg 1333w\" sizes=\"auto, (max-width: 1366px) 100vw, 1366px\" \/><\/p>\n<p><img loading=\"lazy\" decoding=\"async\" src=\"https:\/\/ostrowskatv.pl\/wp-content\/uploads\/2023\/11\/1000058907-01.jpeg\" alt=\"\" width=\"1366\" height=\"769\" class=\"alignnone size-full wp-image-27186\" srcset=\"https:\/\/ostrowskatv.pl\/wp-content\/uploads\/2023\/11\/1000058907-01.jpeg 1366w, https:\/\/ostrowskatv.pl\/wp-content\/uploads\/2023\/11\/1000058907-01-300x169.jpeg 300w, https:\/\/ostrowskatv.pl\/wp-content\/uploads\/2023\/11\/1000058907-01-1333x750.jpeg 1333w\" sizes=\"auto, (max-width: 1366px) 100vw, 1366px\" \/><\/p>\n<p><img loading=\"lazy\" decoding=\"async\" src=\"https:\/\/ostrowskatv.pl\/wp-content\/uploads\/2023\/11\/1000058908-01.jpeg\" alt=\"\" width=\"1366\" height=\"769\" class=\"alignnone size-full wp-image-27187\" srcset=\"https:\/\/ostrowskatv.pl\/wp-content\/uploads\/2023\/11\/1000058908-01.jpeg 1366w, https:\/\/ostrowskatv.pl\/wp-content\/uploads\/2023\/11\/1000058908-01-300x169.jpeg 300w, https:\/\/ostrowskatv.pl\/wp-content\/uploads\/2023\/11\/1000058908-01-1333x750.jpeg 1333w\" sizes=\"auto, (max-width: 1366px) 100vw, 1366px\" \/><\/p>\n<p><img loading=\"lazy\" decoding=\"async\" src=\"https:\/\/ostrowskatv.pl\/wp-content\/uploads\/2023\/11\/1000058910-01.jpeg\" alt=\"\" width=\"1366\" height=\"769\" class=\"alignnone size-full wp-image-27188\" srcset=\"https:\/\/ostrowskatv.pl\/wp-content\/uploads\/2023\/11\/1000058910-01.jpeg 1366w, https:\/\/ostrowskatv.pl\/wp-content\/uploads\/2023\/11\/1000058910-01-300x169.jpeg 300w, https:\/\/ostrowskatv.pl\/wp-content\/uploads\/2023\/11\/1000058910-01-1333x750.jpeg 1333w\" sizes=\"auto, (max-width: 1366px) 100vw, 1366px\" \/><\/p>\n<p><img loading=\"lazy\" decoding=\"async\" src=\"https:\/\/ostrowskatv.pl\/wp-content\/uploads\/2023\/11\/1000058911-01.jpeg\" alt=\"\" width=\"1366\" height=\"658\" class=\"alignnone size-full wp-image-27189\" srcset=\"https:\/\/ostrowskatv.pl\/wp-content\/uploads\/2023\/11\/1000058911-01.jpeg 1366w, https:\/\/ostrowskatv.pl\/wp-content\/uploads\/2023\/11\/1000058911-01-300x145.jpeg 300w, https:\/\/ostrowskatv.pl\/wp-content\/uploads\/2023\/11\/1000058911-01-1333x642.jpeg 1333w\" sizes=\"auto, (max-width: 1366px) 100vw, 1366px\" \/><\/p>\n<p><img loading=\"lazy\" decoding=\"async\" src=\"https:\/\/ostrowskatv.pl\/wp-content\/uploads\/2023\/11\/1000058912-01.jpeg\" alt=\"\" width=\"1366\" height=\"769\" class=\"alignnone size-full wp-image-27190\" srcset=\"https:\/\/ostrowskatv.pl\/wp-content\/uploads\/2023\/11\/1000058912-01.jpeg 1366w, https:\/\/ostrowskatv.pl\/wp-content\/uploads\/2023\/11\/1000058912-01-300x169.jpeg 300w, https:\/\/ostrowskatv.pl\/wp-content\/uploads\/2023\/11\/1000058912-01-1333x750.jpeg 1333w\" sizes=\"auto, (max-width: 1366px) 100vw, 1366px\" \/><\/p>\n","protected":false},"excerpt":{"rendered":"Po godzinie 8 rano s\u0142u\u017cby ratunkowe zosta\u0142y poinformowane o dramatycznym zdarzeniu na terenie lasu. Karetka, LPR, stra\u017c po\u017carna oraz policja zosta\u0142y wys\u0142ane w \n<a class=\"moretag\" href=\"https:\/\/ostrowskatv.pl\/?p=27181\"> [...]<\/a>","protected":false},"author":1,"featured_media":27188,"comment_status":"open","ping_status":"closed","sticky":false,"template":"","format":"standard","meta":{"footnotes":""},"categories":[1],"tags":[239,277,95],"class_list":["post-27181","post","type-post","status-publish","format-standard","has-post-thumbnail","hentry","category-news","tag-las","tag-reanimacja","tag-szczury"],"_links":{"self":[{"href":"https:\/\/ostrowskatv.pl\/index.php?rest_route=\/wp\/v2\/posts\/27181","targetHints":{"allow":["GET"]}}],"collection":[{"href":"https:\/\/ostrowskatv.pl\/index.php?rest_route=\/wp\/v2\/posts"}],"about":[{"href":"https:\/\/ostrowskatv.pl\/index.php?rest_route=\/wp\/v2\/types\/post"}],"author":[{"embeddable":true,"href":"https:\/\/ostrowskatv.pl\/index.php?rest_route=\/wp\/v2\/users\/1"}],"replies":[{"embeddable":true,"href":"https:\/\/ostrowskatv.pl\/index.php?rest_route=%2Fwp%2Fv2%2Fcomments&post=27181"}],"version-history":[{"count":0,"href":"https:\/\/ostrowskatv.pl\/index.php?rest_route=\/wp\/v2\/posts\/27181\/revisions"}],"wp:featuredmedia":[{"embeddable":true,"href":"https:\/\/ostrowskatv.pl\/index.php?rest_route=\/wp\/v2\/media\/27188"}],"wp:attachment":[{"href":"https:\/\/ostrowskatv.pl\/index.php?rest_route=%2Fwp%2Fv2%2Fmedia&parent=27181"}],"wp:term":[{"taxonomy":"category","embeddable":true,"href":"https:\/\/ostrowskatv.pl\/index.php?rest_route=%2Fwp%2Fv2%2Fcategories&post=27181"},{"taxonomy":"post_tag","embeddable":true,"href":"https:\/\/ostrowskatv.pl\/index.php?rest_route=%2Fwp%2Fv2%2Ftags&post=27181"}],"curies":[{"name":"wp","href":"https:\/\/api.w.org\/{rel}","templated":true}]}}