{"id":2714,"date":"2016-12-21T23:27:36","date_gmt":"2016-12-21T22:27:36","guid":{"rendered":"http:\/\/ostrowska.tv\/?p=2714"},"modified":"2016-12-21T23:28:56","modified_gmt":"2016-12-21T22:28:56","slug":"poslowie-pis-o-zamieszaniu-w-sejmie","status":"publish","type":"post","link":"https:\/\/ostrowskatv.pl\/?p=2714","title":{"rendered":"Pos\u0142owie PiS o zamieszaniu w Sejmie"},"content":{"rendered":"<p><strong>Pos\u0142owie Prawa i Sprawiedliwo\u015bci z okr\u0119gu kalisko-leszczy\u0144skiego zorganizowali konferencj\u0119 prasow\u0105, na kt\u00f3rej podzielili si\u0119 wiedz\u0105 nt. tego co wydarzy\u0142o si\u0119 w Sejmie w czasie pi\u0105tkowych obrad.<\/strong><\/p>\n<p>Tomasz \u0141awniczak, pose\u0142 PiS, by\u0142y wicestarosta powiedzia\u0142, \u017ce: &#8211; Dosz\u0142o do faktycznego przerwania obrad sejmu poprzez ca\u0142kowit\u0105 blokad\u0119 m\u00f3wnicy, a potem \u2013 co\u015b co jest bez precedensu \u2013 fotela marsza\u0142ka Kuchci\u0144skiego. To spowodowa\u0142o konieczno\u015b\u0107 przeniesienia obrad do Sali Kolumnowej, gdzie by\u0142o zachowane kworum. Tam te\u017c uchwalili\u015bmy ustaw\u0119 bud\u017cetow\u0105 i kompleks innych ustaw tj. dezubekizacyjn\u0105 czy prawo pozwalaj\u0105ce \u015bci\u0105\u0107 drzewo na w\u0142asnej posesji bez zgody urz\u0119dnika.<\/p>\n<p>Sam moment przerwania w mojej ocenie jest charakterystycznym elementem kultury politycznej. Wczoraj wieczorem prezydent Andrzej Duda mia\u0142 wywiad w mediach narodowych. Wskazywa\u0142 na ten moment, m\u00f3wi\u0105c \u017ce rozmawia\u0142 z Marsza\u0142kiem o rzeczywiste przyczyny zerwania. Andrzej Duda przekaza\u0142 relacj\u0119 Kuchci\u0144skiego:<strong> Panie Prezydencie, po raz kolejny wychodzi kto\u015b, kto m\u00f3g\u0142by by\u0107 moim synem i wskazuj\u0105cym palcem poucza mnie o rzeczach nie maj\u0105cych nic wsp\u00f3lnego z porz\u0105dkiem obrad.<\/strong> \u00a0(zupe\u0142nie niepotrzebna ocena kogo\u015b przez pryzmat wieku)<\/p>\n<p>Pose\u0142 \u0141awniczak precyzyjnie opisywa\u0142 to co zapami\u0119ta\u0142 z pierwszego konfliktu.<\/p>\n<p>Jest grupa pos\u0142\u00f3w, kt\u00f3rzy zabieraj\u0105 g\u0142os na temat og\u00f3lny i pouczaj\u0105 Marsza\u0142ka jak powinien prowadzi\u0107 Sejm, a nie m\u00f3wi\u0105c nic merytorycznego nt. zg\u0142aszanych poprawek do ustaw.<\/p>\n<p>Marsza\u0142ek wyznaczy\u0142 jedn\u0105 minut\u0119 na zabranie g\u0142osu. Pose\u0142 Micha\u0142 Szczerba z PO nale\u017cy do tej grupy pos\u0142\u00f3w, kt\u00f3rzy notorycznie ten czas przekraczali. Wtedy kiedy mija 1:15, 1:30 prosi uprzejmym g\u0142osem, \u017ceby wracali do sedna sprawy.<\/p>\n<p>Tym razem Marsza\u0142ek Sejmu, kiedy min\u0119\u0142a minuta, a pose\u0142 Szczerba mia\u0142 g\u0142os, stwierdzi\u0142, \u017ce Pan m\u00f3wi nie na temat i prosi\u0142, \u017ceby pose\u0142 Szczerba wr\u00f3ci\u0142 do rzeczy. Gdy pose\u0142 Szczerba m\u00f3wi\u0142, zawiesi\u0142 kartk\u0119 z napisem \u201ewolne media\u201d na m\u00f3wnicy i zacz\u0105\u0142 poucza\u0107 marsza\u0142ka, ze muzyka \u0142agodzi obyczaje i \u017ce Marsza\u0142ek powinien s\u0142ucha\u0107 dobrej muzyki.<\/p>\n<p>I w tym momencie Marsza\u0142ek mu przerwa\u0142, pouczy\u0142 go. Gdy pose\u0142 Szczerba kontynuowa\u0142 swoj\u0105 wypowied\u017a nt. muzyki, zosta\u0142 wykluczony z posiedzenia. Marsza\u0142ek post\u0105pi\u0142 w spos\u00f3b ca\u0142kowicie zgodny z regulaminem, w mojej ocenie, ale w spos\u00f3b nie przewidywany przez pos\u0142\u00f3w uwa\u017caj\u0105cych si\u0119 przez ludzi o\u015bwieconych. St\u0105d zrobi\u0142 si\u0119 konflikt.<\/p>\n<h3>Jak by\u0142o naprawd\u0119? Analiza materia\u0142u wideo z obrad Sejmu pokazuje, \u017ce pose\u0142 Szczerba na samym pocz\u0105tku po\u0142o\u017cy\u0142 kartk\u0119 z napisem z przodu m\u00f3wnicy. Marsza\u0142ek zwr\u00f3ci\u0142 mu uwag\u0119, \u017ce zak\u0142\u00f3ca porz\u0105dek obrad. Co ciekawe, zak\u0142\u00f3caniem nie by\u0142o odtwarzanie nagrania z tabletu przez prezesa PiS Jaros\u0142awa Kaczy\u0144skiego w poprzedniej kadencji. W 40 sekundzie pose\u0142 Szczerba zdj\u0105\u0142 kartk\u0119 i rozpocz\u0105\u0142 przemow\u0119 od s\u0142\u00f3w: \u201eKochany Panie Marsza\u0142ku, muzyka \u0142agodzi obyczaje\u201d. Wtedy zosta\u0142 mu odebrany g\u0142os, cho\u0107 mia\u0142 jeszcze 15 sekund.<\/h3>\n<h3>Z relacji pos\u0142a Jaros\u0142awa Urbaniaka wiemy, \u017ce wyst\u0105pienie mia\u0142o dotyczy\u0107 wniosku o zwi\u0119kszenie pieni\u0119dzy na zesp\u00f3\u0142 Sinfonia Varsovia. Dlatego te\u017c zdaje si\u0119, \u017ce Marsza\u0142ek Kuchci\u0144ski zbyt wcze\u015bnie odebra\u0142 pos\u0142owi Szczerbie g\u0142os.<\/h3>\n<p>Pose\u0142 Prawa i Sprawiedliwo\u015bci Jan Mosi\u0144ski s\u0142usznie zauwa\u017cy\u0142, \u017ce gdyby okupywanie m\u00f3wnicy uniemo\u017cliwi\u0142o uchwalenie bud\u017cetu nie tylko w grudniu, ale r\u00f3wnie\u017c w styczniu\/lutym, w\u00f3wczas zgodnie z Konstytucj\u0105 musia\u0142by rozpisa\u0107 nowe wybory parlamentarne.<\/p>\n<h3>\u00a0Piotr Kaleta, pose\u0142 PiS: &#8211; Mieli\u015bmy okazje obserwowa\u0107 bardzo nie\u0142adne, opryskliwe, grubia\u0144skie zachowanie pos\u0142a Jaros\u0142awa Urbaniaka. W dos\u0142owny spos\u00f3b zaatakowa\u0142 Marsza\u0142ka Kuchci\u0144skiego. W spos\u00f3b dos\u0142owny pr\u00f3bowa\u0142 go zaatakowa\u0107, chcia\u0142 mu przeszkodzi\u0107 w prowadzeniu obrad. Gdy podszed\u0142em bli\u017cej do obu pan\u00f3w, mia\u0142em okazj\u0119 us\u0142ysze\u0107 jakimi brzydkimi s\u0142owami zwraca\u0142 si\u0119 pose\u0142 Urbaniak do marsza\u0142ka ju\u017c po wy\u0142\u0105czeniu mikrofon\u00f3w.<\/h3>\n<p>Przypomnijmy, \u017ce pose\u0142 Jaros\u0142aw Urbaniak dopomina\u0142 si\u0119 o mo\u017cliwo\u015b\u0107 zabrania g\u0142osu z m\u00f3wnicy, jako zapisany na list\u0119 ch\u0119tnych, ale jakby nie by\u0142o, to kole\u017canki i koledzy pos\u0142a Urbaniaka blokowali j\u0105.<\/p>\n<p>Wkr\u00f3tce ci\u0105g dalszy relacji z konferencji pos\u0142\u00f3w&#8230;<\/p>\n","protected":false},"excerpt":{"rendered":"Pos\u0142owie Prawa i Sprawiedliwo\u015bci z okr\u0119gu kalisko-leszczy\u0144skiego zorganizowali konferencj\u0119 prasow\u0105, na kt\u00f3rej podzielili si\u0119 wiedz\u0105 nt. tego co wydarzy\u0142o si\u0119 w Sejmie w \n<a class=\"moretag\" href=\"https:\/\/ostrowskatv.pl\/?p=2714\"> [...]<\/a>","protected":false},"author":1,"featured_media":2715,"comment_status":"open","ping_status":"open","sticky":false,"template":"","format":"standard","meta":{"footnotes":""},"categories":[1],"tags":[2],"class_list":["post-2714","post","type-post","status-publish","format-standard","has-post-thumbnail","hentry","category-news","tag-ostrow-wielkopolski"],"_links":{"self":[{"href":"https:\/\/ostrowskatv.pl\/index.php?rest_route=\/wp\/v2\/posts\/2714","targetHints":{"allow":["GET"]}}],"collection":[{"href":"https:\/\/ostrowskatv.pl\/index.php?rest_route=\/wp\/v2\/posts"}],"about":[{"href":"https:\/\/ostrowskatv.pl\/index.php?rest_route=\/wp\/v2\/types\/post"}],"author":[{"embeddable":true,"href":"https:\/\/ostrowskatv.pl\/index.php?rest_route=\/wp\/v2\/users\/1"}],"replies":[{"embeddable":true,"href":"https:\/\/ostrowskatv.pl\/index.php?rest_route=%2Fwp%2Fv2%2Fcomments&post=2714"}],"version-history":[{"count":0,"href":"https:\/\/ostrowskatv.pl\/index.php?rest_route=\/wp\/v2\/posts\/2714\/revisions"}],"wp:featuredmedia":[{"embeddable":true,"href":"https:\/\/ostrowskatv.pl\/index.php?rest_route=\/wp\/v2\/media\/2715"}],"wp:attachment":[{"href":"https:\/\/ostrowskatv.pl\/index.php?rest_route=%2Fwp%2Fv2%2Fmedia&parent=2714"}],"wp:term":[{"taxonomy":"category","embeddable":true,"href":"https:\/\/ostrowskatv.pl\/index.php?rest_route=%2Fwp%2Fv2%2Fcategories&post=2714"},{"taxonomy":"post_tag","embeddable":true,"href":"https:\/\/ostrowskatv.pl\/index.php?rest_route=%2Fwp%2Fv2%2Ftags&post=2714"}],"curies":[{"name":"wp","href":"https:\/\/api.w.org\/{rel}","templated":true}]}}