{"id":2708,"date":"2016-12-21T14:12:13","date_gmt":"2016-12-21T13:12:13","guid":{"rendered":"http:\/\/ostrowska.tv\/?p=2708"},"modified":"2016-12-21T14:12:13","modified_gmt":"2016-12-21T13:12:13","slug":"wypadek-skorupkipradzynskiego-honda-vs-volkswagen","status":"publish","type":"post","link":"https:\/\/ostrowskatv.pl\/?p=2708","title":{"rendered":"Wypadek: Skorupki\/Pr\u0105dzy\u0144skiego. Honda vs. Volkswagen"},"content":{"rendered":"<p><strong>W \u015brod\u0119 o godzinie 12:30 dosz\u0142o do wypadku dw\u00f3ch samochod\u00f3w osobowych. Ulic\u0105 Pr\u0105dzy\u0144skiego od ul. Pozna\u0144skiej jecha\u0142a Honda Civic kierowana przez 52-letni\u0105 kobiet\u0119. Natomiast ulic\u0105 Skorupki w stron\u0119 zak\u0142ad\u00f3w ZAP jecha\u0142 Volkswagen Touran z 42-letnim m\u0119\u017cczyzn\u0105 za kierownic\u0105. Nie zauwa\u017cy\u0142 on znaku ust\u0105p pierwsze\u0144stwa i doprowadzi\u0142 do wypadku z Hond\u0105, kt\u00f3ra dodatkowo uderzy\u0142a w s\u0142up energetyczny. Kobiet\u0119 zabra\u0142o pogotowie do szpitala, a kierowcy Volkswagena nic si\u0119 nie sta\u0142o.<\/strong><\/p>\n<div id='gallery-1' class='gallery galleryid-2708 gallery-columns-3 gallery-size-thumbnail'><figure class='gallery-item'>\n\t\t\t<div class='gallery-icon landscape'>\n\t\t\t\t<a href='https:\/\/ostrowskatv.pl\/?attachment_id=2709'><img loading=\"lazy\" decoding=\"async\" width=\"150\" height=\"150\" src=\"https:\/\/ostrowskatv.pl\/wp-content\/uploads\/2016\/12\/skorupki-pradzynskiego-04-150x150.jpg\" class=\"attachment-thumbnail size-thumbnail\" alt=\"\" \/><\/a>\n\t\t\t<\/div><\/figure><figure class='gallery-item'>\n\t\t\t<div class='gallery-icon landscape'>\n\t\t\t\t<a href='https:\/\/ostrowskatv.pl\/?attachment_id=2710'><img loading=\"lazy\" decoding=\"async\" width=\"150\" height=\"150\" src=\"https:\/\/ostrowskatv.pl\/wp-content\/uploads\/2016\/12\/skorupki-pradzynskiego-02-150x150.jpg\" class=\"attachment-thumbnail size-thumbnail\" alt=\"\" \/><\/a>\n\t\t\t<\/div><\/figure><figure class='gallery-item'>\n\t\t\t<div class='gallery-icon landscape'>\n\t\t\t\t<a href='https:\/\/ostrowskatv.pl\/?attachment_id=2711'><img loading=\"lazy\" decoding=\"async\" width=\"150\" height=\"150\" src=\"https:\/\/ostrowskatv.pl\/wp-content\/uploads\/2016\/12\/skorupki-pradzynskiego-01-150x150.jpg\" class=\"attachment-thumbnail size-thumbnail\" alt=\"\" \/><\/a>\n\t\t\t<\/div><\/figure><figure class='gallery-item'>\n\t\t\t<div class='gallery-icon landscape'>\n\t\t\t\t<a href='https:\/\/ostrowskatv.pl\/?attachment_id=2712'><img loading=\"lazy\" decoding=\"async\" width=\"150\" height=\"150\" src=\"https:\/\/ostrowskatv.pl\/wp-content\/uploads\/2016\/12\/skorupki-pradzynskiego-03-150x150.jpg\" class=\"attachment-thumbnail size-thumbnail\" alt=\"\" \/><\/a>\n\t\t\t<\/div><\/figure>\n\t\t<\/div>\n\n","protected":false},"excerpt":{"rendered":"W \u015brod\u0119 o godzinie 12:30 dosz\u0142o do wypadku dw\u00f3ch samochod\u00f3w osobowych. Ulic\u0105 Pr\u0105dzy\u0144skiego od ul. Pozna\u0144skiej jecha\u0142a Honda Civic kierowana przez 52-letni\u0105 kobiet\u0119. \n<a class=\"moretag\" href=\"https:\/\/ostrowskatv.pl\/?p=2708\"> [...]<\/a>","protected":false},"author":1,"featured_media":2711,"comment_status":"open","ping_status":"open","sticky":false,"template":"","format":"standard","meta":{"footnotes":""},"categories":[1],"tags":[2],"class_list":["post-2708","post","type-post","status-publish","format-standard","has-post-thumbnail","hentry","category-news","tag-ostrow-wielkopolski"],"_links":{"self":[{"href":"https:\/\/ostrowskatv.pl\/index.php?rest_route=\/wp\/v2\/posts\/2708","targetHints":{"allow":["GET"]}}],"collection":[{"href":"https:\/\/ostrowskatv.pl\/index.php?rest_route=\/wp\/v2\/posts"}],"about":[{"href":"https:\/\/ostrowskatv.pl\/index.php?rest_route=\/wp\/v2\/types\/post"}],"author":[{"embeddable":true,"href":"https:\/\/ostrowskatv.pl\/index.php?rest_route=\/wp\/v2\/users\/1"}],"replies":[{"embeddable":true,"href":"https:\/\/ostrowskatv.pl\/index.php?rest_route=%2Fwp%2Fv2%2Fcomments&post=2708"}],"version-history":[{"count":0,"href":"https:\/\/ostrowskatv.pl\/index.php?rest_route=\/wp\/v2\/posts\/2708\/revisions"}],"wp:featuredmedia":[{"embeddable":true,"href":"https:\/\/ostrowskatv.pl\/index.php?rest_route=\/wp\/v2\/media\/2711"}],"wp:attachment":[{"href":"https:\/\/ostrowskatv.pl\/index.php?rest_route=%2Fwp%2Fv2%2Fmedia&parent=2708"}],"wp:term":[{"taxonomy":"category","embeddable":true,"href":"https:\/\/ostrowskatv.pl\/index.php?rest_route=%2Fwp%2Fv2%2Fcategories&post=2708"},{"taxonomy":"post_tag","embeddable":true,"href":"https:\/\/ostrowskatv.pl\/index.php?rest_route=%2Fwp%2Fv2%2Ftags&post=2708"}],"curies":[{"name":"wp","href":"https:\/\/api.w.org\/{rel}","templated":true}]}}