{"id":2703,"date":"2016-12-19T18:15:31","date_gmt":"2016-12-19T17:15:31","guid":{"rendered":"http:\/\/ostrowska.tv\/?p=2703"},"modified":"2016-12-19T18:16:14","modified_gmt":"2016-12-19T17:16:14","slug":"powazny-wypadek-na-alei-slowackiego-i-konopnickiej","status":"publish","type":"post","link":"https:\/\/ostrowskatv.pl\/?p=2703","title":{"rendered":"Powa\u017cny wypadek na Alei S\u0142owackiego  i Konopnickiej"},"content":{"rendered":"<p>Do powa\u017cnego w skutkach wypadku dosz\u0142o w poniedzia\u0142ek po godzinie 17:00. Przez przej\u015bcie dla pieszych na czerwonym \u015bwietle przebiega\u0142a oko\u0142o 20-letnia dziewczyna. Kierowca busa marki Opel pr\u00f3buj\u0105c omin\u0105\u0107 piesz\u0105 odbi\u0142 w lewo na przeciwny pas ruchu gdzie zderzy\u0142 si\u0119 czo\u0142owo z osob\u00f3wk\u0105 marki Kia. Drugi bus odbi\u0142 w prawo i zatrzyma\u0142 si\u0119 na wysepce. <\/p>\n<p>Piesza by\u0142a reanimowana przez \u015bwiadk\u00f3w zdarzenia. Natomiast kobieta z osob\u00f3wki skar\u017cy\u0142a si\u0119 na b\u00f3le w klatce piersiowej. Obie kobiety pojecha\u0142y do szpitala. <\/p>\n<div id='gallery-1' class='gallery galleryid-2703 gallery-columns-3 gallery-size-thumbnail'><figure class='gallery-item'>\n\t\t\t<div class='gallery-icon landscape'>\n\t\t\t\t<a href='https:\/\/ostrowskatv.pl\/?attachment_id=2702'><img loading=\"lazy\" decoding=\"async\" width=\"150\" height=\"150\" src=\"https:\/\/ostrowskatv.pl\/wp-content\/uploads\/2016\/12\/tmp_14945-PicsArt_12-19-06.03.43593753923-150x150.jpg\" class=\"attachment-thumbnail size-thumbnail\" alt=\"\" \/><\/a>\n\t\t\t<\/div><\/figure><figure class='gallery-item'>\n\t\t\t<div class='gallery-icon landscape'>\n\t\t\t\t<a href='https:\/\/ostrowskatv.pl\/?attachment_id=2701'><img loading=\"lazy\" decoding=\"async\" width=\"150\" height=\"150\" src=\"https:\/\/ostrowskatv.pl\/wp-content\/uploads\/2016\/12\/tmp_14945-PicsArt_12-19-06.06.37-1980426730-150x150.jpg\" class=\"attachment-thumbnail size-thumbnail\" alt=\"\" \/><\/a>\n\t\t\t<\/div><\/figure><figure class='gallery-item'>\n\t\t\t<div class='gallery-icon landscape'>\n\t\t\t\t<a href='https:\/\/ostrowskatv.pl\/?attachment_id=2700'><img loading=\"lazy\" decoding=\"async\" width=\"150\" height=\"150\" src=\"https:\/\/ostrowskatv.pl\/wp-content\/uploads\/2016\/12\/tmp_14945-PicsArt_12-19-06.07.10-843053763-150x150.jpg\" class=\"attachment-thumbnail size-thumbnail\" alt=\"\" \/><\/a>\n\t\t\t<\/div><\/figure>\n\t\t<\/div>\n\n","protected":false},"excerpt":{"rendered":"Do powa\u017cnego w skutkach wypadku dosz\u0142o w poniedzia\u0142ek po godzinie 17:00. Przez przej\u015bcie dla pieszych na czerwonym \u015bwietle przebiega\u0142a oko\u0142o 20-letnia dziewczyna. Kierowca \n<a class=\"moretag\" href=\"https:\/\/ostrowskatv.pl\/?p=2703\"> [...]<\/a>","protected":false},"author":1,"featured_media":2701,"comment_status":"open","ping_status":"open","sticky":false,"template":"","format":"standard","meta":{"footnotes":""},"categories":[1],"tags":[2],"class_list":["post-2703","post","type-post","status-publish","format-standard","has-post-thumbnail","hentry","category-news","tag-ostrow-wielkopolski"],"_links":{"self":[{"href":"https:\/\/ostrowskatv.pl\/index.php?rest_route=\/wp\/v2\/posts\/2703","targetHints":{"allow":["GET"]}}],"collection":[{"href":"https:\/\/ostrowskatv.pl\/index.php?rest_route=\/wp\/v2\/posts"}],"about":[{"href":"https:\/\/ostrowskatv.pl\/index.php?rest_route=\/wp\/v2\/types\/post"}],"author":[{"embeddable":true,"href":"https:\/\/ostrowskatv.pl\/index.php?rest_route=\/wp\/v2\/users\/1"}],"replies":[{"embeddable":true,"href":"https:\/\/ostrowskatv.pl\/index.php?rest_route=%2Fwp%2Fv2%2Fcomments&post=2703"}],"version-history":[{"count":0,"href":"https:\/\/ostrowskatv.pl\/index.php?rest_route=\/wp\/v2\/posts\/2703\/revisions"}],"wp:featuredmedia":[{"embeddable":true,"href":"https:\/\/ostrowskatv.pl\/index.php?rest_route=\/wp\/v2\/media\/2701"}],"wp:attachment":[{"href":"https:\/\/ostrowskatv.pl\/index.php?rest_route=%2Fwp%2Fv2%2Fmedia&parent=2703"}],"wp:term":[{"taxonomy":"category","embeddable":true,"href":"https:\/\/ostrowskatv.pl\/index.php?rest_route=%2Fwp%2Fv2%2Fcategories&post=2703"},{"taxonomy":"post_tag","embeddable":true,"href":"https:\/\/ostrowskatv.pl\/index.php?rest_route=%2Fwp%2Fv2%2Ftags&post=2703"}],"curies":[{"name":"wp","href":"https:\/\/api.w.org\/{rel}","templated":true}]}}