{"id":27001,"date":"2023-11-06T12:44:38","date_gmt":"2023-11-06T11:44:38","guid":{"rendered":"https:\/\/ostrowskatv.pl\/?p=27001"},"modified":"2023-11-06T12:44:38","modified_gmt":"2023-11-06T11:44:38","slug":"zderzenie-przy-wiadukcie-ostrow-wtorek","status":"publish","type":"post","link":"https:\/\/ostrowskatv.pl\/?p=27001","title":{"rendered":"Zderzenie przy wiadukcie Ostr\u00f3w &#8211; Wt\u00f3rek"},"content":{"rendered":"<p><strong>Po godzinie 12 przy wiadukcie pomi\u0119dzy Ostrowem Wielkopolskim a Wt\u00f3rkiem zderzy\u0142y si\u0119 2 auta osobowe. Nikt nie zosta\u0142 ranny.<\/strong><\/p>\n<p>Kobieta z Westrzy kieruj\u0105c seatem nie dostrzeg\u0142a renault scenic i uderzy\u0142a w jego bok. Oba auta zosta\u0142y do\u015b\u0107 mocno uszkodzone, ale kierowcy nie odnie\u015bli obra\u017ce\u0144 cia\u0142a.<\/p>\n<p><img loading=\"lazy\" decoding=\"async\" src=\"https:\/\/ostrowskatv.pl\/wp-content\/uploads\/2023\/11\/1000056561-01.jpeg\" alt=\"\" width=\"1366\" height=\"801\" class=\"alignnone size-full wp-image-27002\" srcset=\"https:\/\/ostrowskatv.pl\/wp-content\/uploads\/2023\/11\/1000056561-01.jpeg 1366w, https:\/\/ostrowskatv.pl\/wp-content\/uploads\/2023\/11\/1000056561-01-300x176.jpeg 300w, https:\/\/ostrowskatv.pl\/wp-content\/uploads\/2023\/11\/1000056561-01-1333x782.jpeg 1333w, https:\/\/ostrowskatv.pl\/wp-content\/uploads\/2023\/11\/1000056561-01-752x440.jpeg 752w\" sizes=\"auto, (max-width: 1366px) 100vw, 1366px\" \/><\/p>\n<p><img loading=\"lazy\" decoding=\"async\" src=\"https:\/\/ostrowskatv.pl\/wp-content\/uploads\/2023\/11\/1000056562-01.jpeg\" alt=\"\" width=\"1365\" height=\"976\" class=\"alignnone size-full wp-image-27003\" srcset=\"https:\/\/ostrowskatv.pl\/wp-content\/uploads\/2023\/11\/1000056562-01.jpeg 1365w, https:\/\/ostrowskatv.pl\/wp-content\/uploads\/2023\/11\/1000056562-01-300x215.jpeg 300w, https:\/\/ostrowskatv.pl\/wp-content\/uploads\/2023\/11\/1000056562-01-1333x953.jpeg 1333w, https:\/\/ostrowskatv.pl\/wp-content\/uploads\/2023\/11\/1000056562-01-120x85.jpeg 120w\" sizes=\"auto, (max-width: 1365px) 100vw, 1365px\" \/><\/p>\n<p><img loading=\"lazy\" decoding=\"async\" src=\"https:\/\/ostrowskatv.pl\/wp-content\/uploads\/2023\/11\/1000056563-01.jpeg\" alt=\"\" width=\"1366\" height=\"769\" class=\"alignnone size-full wp-image-27004\" srcset=\"https:\/\/ostrowskatv.pl\/wp-content\/uploads\/2023\/11\/1000056563-01.jpeg 1366w, https:\/\/ostrowskatv.pl\/wp-content\/uploads\/2023\/11\/1000056563-01-300x169.jpeg 300w, https:\/\/ostrowskatv.pl\/wp-content\/uploads\/2023\/11\/1000056563-01-1333x750.jpeg 1333w\" sizes=\"auto, (max-width: 1366px) 100vw, 1366px\" \/><\/p>\n<p><img loading=\"lazy\" decoding=\"async\" src=\"https:\/\/ostrowskatv.pl\/wp-content\/uploads\/2023\/11\/1000056564-01.jpeg\" alt=\"\" width=\"1366\" height=\"851\" class=\"alignnone size-full wp-image-27005\" srcset=\"https:\/\/ostrowskatv.pl\/wp-content\/uploads\/2023\/11\/1000056564-01.jpeg 1366w, https:\/\/ostrowskatv.pl\/wp-content\/uploads\/2023\/11\/1000056564-01-300x187.jpeg 300w, https:\/\/ostrowskatv.pl\/wp-content\/uploads\/2023\/11\/1000056564-01-1333x830.jpeg 1333w\" sizes=\"auto, (max-width: 1366px) 100vw, 1366px\" \/><\/p>\n<p><img loading=\"lazy\" decoding=\"async\" src=\"https:\/\/ostrowskatv.pl\/wp-content\/uploads\/2023\/11\/1000056565-01.jpeg\" alt=\"\" width=\"1366\" height=\"612\" class=\"alignnone size-full wp-image-27006\" srcset=\"https:\/\/ostrowskatv.pl\/wp-content\/uploads\/2023\/11\/1000056565-01.jpeg 1366w, https:\/\/ostrowskatv.pl\/wp-content\/uploads\/2023\/11\/1000056565-01-300x134.jpeg 300w, https:\/\/ostrowskatv.pl\/wp-content\/uploads\/2023\/11\/1000056565-01-1333x597.jpeg 1333w\" sizes=\"auto, (max-width: 1366px) 100vw, 1366px\" \/><\/p>\n","protected":false},"excerpt":{"rendered":"Po godzinie 12 przy wiadukcie pomi\u0119dzy Ostrowem Wielkopolskim a Wt\u00f3rkiem zderzy\u0142y si\u0119 2 auta osobowe. Nikt nie zosta\u0142 ranny. Kobieta z Westrzy kieruj\u0105c \n<a class=\"moretag\" href=\"https:\/\/ostrowskatv.pl\/?p=27001\"> [...]<\/a>","protected":false},"author":1,"featured_media":27003,"comment_status":"open","ping_status":"closed","sticky":false,"template":"","format":"standard","meta":{"footnotes":""},"categories":[1],"tags":[48,2,72],"class_list":["post-27001","post","type-post","status-publish","format-standard","has-post-thumbnail","hentry","category-news","tag-kolizja","tag-ostrow-wielkopolski","tag-samochod"],"_links":{"self":[{"href":"https:\/\/ostrowskatv.pl\/index.php?rest_route=\/wp\/v2\/posts\/27001","targetHints":{"allow":["GET"]}}],"collection":[{"href":"https:\/\/ostrowskatv.pl\/index.php?rest_route=\/wp\/v2\/posts"}],"about":[{"href":"https:\/\/ostrowskatv.pl\/index.php?rest_route=\/wp\/v2\/types\/post"}],"author":[{"embeddable":true,"href":"https:\/\/ostrowskatv.pl\/index.php?rest_route=\/wp\/v2\/users\/1"}],"replies":[{"embeddable":true,"href":"https:\/\/ostrowskatv.pl\/index.php?rest_route=%2Fwp%2Fv2%2Fcomments&post=27001"}],"version-history":[{"count":0,"href":"https:\/\/ostrowskatv.pl\/index.php?rest_route=\/wp\/v2\/posts\/27001\/revisions"}],"wp:featuredmedia":[{"embeddable":true,"href":"https:\/\/ostrowskatv.pl\/index.php?rest_route=\/wp\/v2\/media\/27003"}],"wp:attachment":[{"href":"https:\/\/ostrowskatv.pl\/index.php?rest_route=%2Fwp%2Fv2%2Fmedia&parent=27001"}],"wp:term":[{"taxonomy":"category","embeddable":true,"href":"https:\/\/ostrowskatv.pl\/index.php?rest_route=%2Fwp%2Fv2%2Fcategories&post=27001"},{"taxonomy":"post_tag","embeddable":true,"href":"https:\/\/ostrowskatv.pl\/index.php?rest_route=%2Fwp%2Fv2%2Ftags&post=27001"}],"curies":[{"name":"wp","href":"https:\/\/api.w.org\/{rel}","templated":true}]}}