{"id":26982,"date":"2023-11-02T15:12:51","date_gmt":"2023-11-02T14:12:51","guid":{"rendered":"https:\/\/ostrowskatv.pl\/?p=26982"},"modified":"2023-11-02T15:12:51","modified_gmt":"2023-11-02T14:12:51","slug":"policjant-oskarzony-o-zastrzelenie-21-latka","status":"publish","type":"post","link":"https:\/\/ostrowskatv.pl\/?p=26982","title":{"rendered":"Policjant oskar\u017cony o zastrzelenie 21-latka"},"content":{"rendered":"<p><strong>Dwoje s\u0119dzi\u00f3w z powiatu ostrowskiego oraz przewodnicz\u0105ca sk\u0142adu s\u0119dziowskiego rozstrzygn\u0105 ewentualn\u0105 win\u0119 oraz jej zakres po zdarzeniu do kt\u00f3rego dosz\u0142o cztery lata temu na terenie Konina. To w\u0142a\u015bnie tam jeden z policjant\u00f3w bieg\u0142 za 21-latkiem, a z jego broni pad\u0142 strza\u0142, kt\u00f3ry pozbawi\u0142 \u017cycia m\u0142odego m\u0119\u017cczyzny.<\/strong><\/p>\n<p>Przed S\u0105dem Okr\u0119gowym w Kaliszu ruszy\u0142 proces policjanta, kt\u00f3ry na terenie jednego z osiedli w Koninie postanowi\u0142 wylegitymowa\u0107 grupk\u0119 m\u0142odych m\u0119\u017cczyzn. Jeden z nich na widok policjant\u00f3w zacz\u0105\u0142 ucieka\u0107. Policjant z odbezpieczon\u0105 i prze\u0142adowan\u0105 broni\u0105 rozpocz\u0105\u0142 po\u015bcig. Przy jednym z blok\u00f3w m\u0142odzieniec upad\u0142, a policyjna bro\u0144 wystrzeli\u0142a. Pocz\u0105tkowo utrzymywano, \u017ce strza\u0142 pad\u0142 od strony przodu 21-latka, ale ekspertyzy wykaza\u0142y, \u017ce policjant strzeli\u0142 w plecy 21-latka.<\/p>\n<p>Prokurator oskar\u017cy\u0142 32-latka o nieumy\u015blne spowodowanie \u015bmierci. Grozi mu do 5 lat wi\u0119zienia. Dzi\u015b redaktor Piotr \u017bytnicki z Gazety Wyborczej wykaza\u0142 przy wszystkich dziennikarzach szereg nie\u015bcis\u0142o\u015bci w post\u0119powaniu prokuratora, w tym m.in. brak postawienia zarzutu przekroczenia uprawnie\u0144 przez policjanta czy brak wyja\u015bnienia dlaczego na no\u017cyczkach by\u0142y \u015blady DNA 21-latka, a na znalezionym i przypisywanym 21-latkowi woreczku po substancjach odurzaj\u0105cych ju\u017c takowego nie by\u0142o.<\/p>\n<p>Dzi\u015b policjant kaja\u0142 si\u0119 przed s\u0105dem, twierdz\u0105c, \u017ce ka\u017cdego dnia widzi twarz umieraj\u0105cego 21-latka. S\u0142owo przepraszam jednak w kierunku ojca zmar\u0142ego nie pad\u0142o. Ojciec zmar\u0142ego chcia\u0142by do\u017cywocia dla policjanta, ale na przeszkodzie stoj\u0105 kwestie proceduralne.<\/p>\n<p>Funkcjonariuszowi grozi do 5 lat wi\u0119zienia.<\/p>\n<p><img loading=\"lazy\" decoding=\"async\" src=\"https:\/\/ostrowskatv.pl\/wp-content\/uploads\/2023\/11\/1000055992-01.jpeg\" alt=\"\" width=\"1366\" height=\"1222\" class=\"alignnone size-full wp-image-26984\" srcset=\"https:\/\/ostrowskatv.pl\/wp-content\/uploads\/2023\/11\/1000055992-01.jpeg 1366w, https:\/\/ostrowskatv.pl\/wp-content\/uploads\/2023\/11\/1000055992-01-300x268.jpeg 300w, https:\/\/ostrowskatv.pl\/wp-content\/uploads\/2023\/11\/1000055992-01-1333x1192.jpeg 1333w\" sizes=\"auto, (max-width: 1366px) 100vw, 1366px\" \/><\/p>\n<p><img loading=\"lazy\" decoding=\"async\" src=\"https:\/\/ostrowskatv.pl\/wp-content\/uploads\/2023\/11\/1000055949-01.jpeg\" alt=\"\" width=\"1366\" height=\"858\" class=\"alignnone size-full wp-image-26985\" srcset=\"https:\/\/ostrowskatv.pl\/wp-content\/uploads\/2023\/11\/1000055949-01.jpeg 1366w, https:\/\/ostrowskatv.pl\/wp-content\/uploads\/2023\/11\/1000055949-01-300x188.jpeg 300w, https:\/\/ostrowskatv.pl\/wp-content\/uploads\/2023\/11\/1000055949-01-1333x837.jpeg 1333w\" sizes=\"auto, (max-width: 1366px) 100vw, 1366px\" \/><\/p>\n<p><img loading=\"lazy\" decoding=\"async\" src=\"https:\/\/ostrowskatv.pl\/wp-content\/uploads\/2023\/11\/1000055906-01.jpeg\" alt=\"\" width=\"1366\" height=\"752\" class=\"alignnone size-full wp-image-26986\" srcset=\"https:\/\/ostrowskatv.pl\/wp-content\/uploads\/2023\/11\/1000055906-01.jpeg 1366w, https:\/\/ostrowskatv.pl\/wp-content\/uploads\/2023\/11\/1000055906-01-300x165.jpeg 300w, https:\/\/ostrowskatv.pl\/wp-content\/uploads\/2023\/11\/1000055906-01-1333x734.jpeg 1333w\" sizes=\"auto, (max-width: 1366px) 100vw, 1366px\" \/><\/p>\n<p><img loading=\"lazy\" decoding=\"async\" src=\"https:\/\/ostrowskatv.pl\/wp-content\/uploads\/2023\/11\/1000055907-01.jpeg\" alt=\"\" width=\"1366\" height=\"937\" class=\"alignnone size-full wp-image-26987\" srcset=\"https:\/\/ostrowskatv.pl\/wp-content\/uploads\/2023\/11\/1000055907-01.jpeg 1366w, https:\/\/ostrowskatv.pl\/wp-content\/uploads\/2023\/11\/1000055907-01-300x206.jpeg 300w, https:\/\/ostrowskatv.pl\/wp-content\/uploads\/2023\/11\/1000055907-01-1333x914.jpeg 1333w\" sizes=\"auto, (max-width: 1366px) 100vw, 1366px\" \/><\/p>\n<p><img loading=\"lazy\" decoding=\"async\" src=\"https:\/\/ostrowskatv.pl\/wp-content\/uploads\/2023\/11\/1000055908-01.jpeg\" alt=\"\" width=\"1366\" height=\"845\" class=\"alignnone size-full wp-image-26988\" srcset=\"https:\/\/ostrowskatv.pl\/wp-content\/uploads\/2023\/11\/1000055908-01.jpeg 1366w, https:\/\/ostrowskatv.pl\/wp-content\/uploads\/2023\/11\/1000055908-01-300x186.jpeg 300w, https:\/\/ostrowskatv.pl\/wp-content\/uploads\/2023\/11\/1000055908-01-1333x825.jpeg 1333w\" sizes=\"auto, (max-width: 1366px) 100vw, 1366px\" \/><\/p>\n<p><img loading=\"lazy\" decoding=\"async\" src=\"https:\/\/ostrowskatv.pl\/wp-content\/uploads\/2023\/11\/1000055913-01.jpeg\" alt=\"\" width=\"1221\" height=\"985\" class=\"alignnone size-full wp-image-26989\" srcset=\"https:\/\/ostrowskatv.pl\/wp-content\/uploads\/2023\/11\/1000055913-01.jpeg 1221w, https:\/\/ostrowskatv.pl\/wp-content\/uploads\/2023\/11\/1000055913-01-300x242.jpeg 300w\" sizes=\"auto, (max-width: 1221px) 100vw, 1221px\" \/><\/p>\n<p><img loading=\"lazy\" decoding=\"async\" src=\"https:\/\/ostrowskatv.pl\/wp-content\/uploads\/2023\/11\/1000055910-01.jpeg\" alt=\"\" width=\"886\" height=\"1366\" class=\"alignnone size-full wp-image-26990\" srcset=\"https:\/\/ostrowskatv.pl\/wp-content\/uploads\/2023\/11\/1000055910-01.jpeg 886w, https:\/\/ostrowskatv.pl\/wp-content\/uploads\/2023\/11\/1000055910-01-195x300.jpeg 195w, https:\/\/ostrowskatv.pl\/wp-content\/uploads\/2023\/11\/1000055910-01-865x1333.jpeg 865w\" sizes=\"auto, (max-width: 886px) 100vw, 886px\" \/><\/p>\n","protected":false},"excerpt":{"rendered":"Dwoje s\u0119dzi\u00f3w z powiatu ostrowskiego oraz przewodnicz\u0105ca sk\u0142adu s\u0119dziowskiego rozstrzygn\u0105 ewentualn\u0105 win\u0119 oraz jej zakres po zdarzeniu do kt\u00f3rego dosz\u0142o cztery lata temu \n<a class=\"moretag\" href=\"https:\/\/ostrowskatv.pl\/?p=26982\"> [...]<\/a>","protected":false},"author":1,"featured_media":26989,"comment_status":"open","ping_status":"closed","sticky":false,"template":"","format":"standard","meta":{"footnotes":""},"categories":[1],"tags":[52],"class_list":["post-26982","post","type-post","status-publish","format-standard","has-post-thumbnail","hentry","category-news","tag-sad"],"_links":{"self":[{"href":"https:\/\/ostrowskatv.pl\/index.php?rest_route=\/wp\/v2\/posts\/26982","targetHints":{"allow":["GET"]}}],"collection":[{"href":"https:\/\/ostrowskatv.pl\/index.php?rest_route=\/wp\/v2\/posts"}],"about":[{"href":"https:\/\/ostrowskatv.pl\/index.php?rest_route=\/wp\/v2\/types\/post"}],"author":[{"embeddable":true,"href":"https:\/\/ostrowskatv.pl\/index.php?rest_route=\/wp\/v2\/users\/1"}],"replies":[{"embeddable":true,"href":"https:\/\/ostrowskatv.pl\/index.php?rest_route=%2Fwp%2Fv2%2Fcomments&post=26982"}],"version-history":[{"count":0,"href":"https:\/\/ostrowskatv.pl\/index.php?rest_route=\/wp\/v2\/posts\/26982\/revisions"}],"wp:featuredmedia":[{"embeddable":true,"href":"https:\/\/ostrowskatv.pl\/index.php?rest_route=\/wp\/v2\/media\/26989"}],"wp:attachment":[{"href":"https:\/\/ostrowskatv.pl\/index.php?rest_route=%2Fwp%2Fv2%2Fmedia&parent=26982"}],"wp:term":[{"taxonomy":"category","embeddable":true,"href":"https:\/\/ostrowskatv.pl\/index.php?rest_route=%2Fwp%2Fv2%2Fcategories&post=26982"},{"taxonomy":"post_tag","embeddable":true,"href":"https:\/\/ostrowskatv.pl\/index.php?rest_route=%2Fwp%2Fv2%2Ftags&post=26982"}],"curies":[{"name":"wp","href":"https:\/\/api.w.org\/{rel}","templated":true}]}}