{"id":26953,"date":"2023-10-30T17:59:05","date_gmt":"2023-10-30T16:59:05","guid":{"rendered":"https:\/\/ostrowskatv.pl\/?p=26953"},"modified":"2023-10-30T17:59:05","modified_gmt":"2023-10-30T16:59:05","slug":"cofal-zeby-zaparkowac-drugie-auto-wyjezdzalo-z-boku-kto-winien","status":"publish","type":"post","link":"https:\/\/ostrowskatv.pl\/?p=26953","title":{"rendered":"Cofa\u0142, \u017ceby zaparkowa\u0107. Drugie auto wyje\u017cd\u017ca\u0142o z boku. Kto winien?"},"content":{"rendered":"<p><strong>Do pozornie intryguj\u0105cego zdarzenia dosz\u0142o oko\u0142o godziny 15.30 na ulicy Kolejowej w Ostrowie Wielkopolskim. Z jednej strony z ulicy podporz\u0105dkowanej wyje\u017cd\u017ca\u0142a kieruj\u0105ca citroenem cactusem. Z drugiej na ulicy jednokierunkowej cofa\u0142 kierowca peugeota.<\/strong><\/p>\n<p>Kiedy policjanci zapytali kieruj\u0105cej czy w chwili zdarzenia jecha\u0142a czy jej samoch\u00f3d sta\u0142, o\u015bwiadczy\u0142a, \u017ce zd\u0105\u017cy\u0142a wyhamowa\u0107. Wtedy w citroena wjecha\u0142 kierowca peugeota i to on zosta\u0142 uznany sprawc\u0105 kolizji.<\/p>\n<p><img loading=\"lazy\" decoding=\"async\" src=\"https:\/\/ostrowskatv.pl\/wp-content\/uploads\/2023\/10\/1000055186-01.jpeg\" alt=\"\" width=\"1366\" height=\"606\" class=\"alignnone size-full wp-image-26957\" srcset=\"https:\/\/ostrowskatv.pl\/wp-content\/uploads\/2023\/10\/1000055186-01.jpeg 1366w, https:\/\/ostrowskatv.pl\/wp-content\/uploads\/2023\/10\/1000055186-01-300x133.jpeg 300w, https:\/\/ostrowskatv.pl\/wp-content\/uploads\/2023\/10\/1000055186-01-1333x591.jpeg 1333w\" sizes=\"auto, (max-width: 1366px) 100vw, 1366px\" \/><\/p>\n<p><img loading=\"lazy\" decoding=\"async\" src=\"https:\/\/ostrowskatv.pl\/wp-content\/uploads\/2023\/10\/1000055182-01.jpeg\" alt=\"\" width=\"1366\" height=\"725\" class=\"alignnone size-full wp-image-26958\" srcset=\"https:\/\/ostrowskatv.pl\/wp-content\/uploads\/2023\/10\/1000055182-01.jpeg 1366w, https:\/\/ostrowskatv.pl\/wp-content\/uploads\/2023\/10\/1000055182-01-300x159.jpeg 300w, https:\/\/ostrowskatv.pl\/wp-content\/uploads\/2023\/10\/1000055182-01-1333x707.jpeg 1333w\" sizes=\"auto, (max-width: 1366px) 100vw, 1366px\" \/><\/p>\n<p><img loading=\"lazy\" decoding=\"async\" src=\"https:\/\/ostrowskatv.pl\/wp-content\/uploads\/2023\/10\/1000055179-01.jpeg\" alt=\"\" width=\"1366\" height=\"912\" class=\"alignnone size-full wp-image-26959\" srcset=\"https:\/\/ostrowskatv.pl\/wp-content\/uploads\/2023\/10\/1000055179-01.jpeg 1366w, https:\/\/ostrowskatv.pl\/wp-content\/uploads\/2023\/10\/1000055179-01-300x200.jpeg 300w, https:\/\/ostrowskatv.pl\/wp-content\/uploads\/2023\/10\/1000055179-01-1333x890.jpeg 1333w\" sizes=\"auto, (max-width: 1366px) 100vw, 1366px\" \/><\/p>\n<p><img loading=\"lazy\" decoding=\"async\" src=\"https:\/\/ostrowskatv.pl\/wp-content\/uploads\/2023\/10\/1000055178-01.jpeg\" alt=\"\" width=\"1366\" height=\"777\" class=\"alignnone size-full wp-image-26960\" srcset=\"https:\/\/ostrowskatv.pl\/wp-content\/uploads\/2023\/10\/1000055178-01.jpeg 1366w, https:\/\/ostrowskatv.pl\/wp-content\/uploads\/2023\/10\/1000055178-01-300x171.jpeg 300w, https:\/\/ostrowskatv.pl\/wp-content\/uploads\/2023\/10\/1000055178-01-1333x758.jpeg 1333w, https:\/\/ostrowskatv.pl\/wp-content\/uploads\/2023\/10\/1000055178-01-388x220.jpeg 388w\" sizes=\"auto, (max-width: 1366px) 100vw, 1366px\" \/><\/p>\n","protected":false},"excerpt":{"rendered":"Do pozornie intryguj\u0105cego zdarzenia dosz\u0142o oko\u0142o godziny 15.30 na ulicy Kolejowej w Ostrowie Wielkopolskim. Z jednej strony z ulicy podporz\u0105dkowanej wyje\u017cd\u017ca\u0142a kieruj\u0105ca citroenem \n<a class=\"moretag\" href=\"https:\/\/ostrowskatv.pl\/?p=26953\"> [...]<\/a>","protected":false},"author":1,"featured_media":26957,"comment_status":"open","ping_status":"closed","sticky":false,"template":"","format":"standard","meta":{"footnotes":""},"categories":[1],"tags":[48],"class_list":["post-26953","post","type-post","status-publish","format-standard","has-post-thumbnail","hentry","category-news","tag-kolizja"],"_links":{"self":[{"href":"https:\/\/ostrowskatv.pl\/index.php?rest_route=\/wp\/v2\/posts\/26953","targetHints":{"allow":["GET"]}}],"collection":[{"href":"https:\/\/ostrowskatv.pl\/index.php?rest_route=\/wp\/v2\/posts"}],"about":[{"href":"https:\/\/ostrowskatv.pl\/index.php?rest_route=\/wp\/v2\/types\/post"}],"author":[{"embeddable":true,"href":"https:\/\/ostrowskatv.pl\/index.php?rest_route=\/wp\/v2\/users\/1"}],"replies":[{"embeddable":true,"href":"https:\/\/ostrowskatv.pl\/index.php?rest_route=%2Fwp%2Fv2%2Fcomments&post=26953"}],"version-history":[{"count":0,"href":"https:\/\/ostrowskatv.pl\/index.php?rest_route=\/wp\/v2\/posts\/26953\/revisions"}],"wp:featuredmedia":[{"embeddable":true,"href":"https:\/\/ostrowskatv.pl\/index.php?rest_route=\/wp\/v2\/media\/26957"}],"wp:attachment":[{"href":"https:\/\/ostrowskatv.pl\/index.php?rest_route=%2Fwp%2Fv2%2Fmedia&parent=26953"}],"wp:term":[{"taxonomy":"category","embeddable":true,"href":"https:\/\/ostrowskatv.pl\/index.php?rest_route=%2Fwp%2Fv2%2Fcategories&post=26953"},{"taxonomy":"post_tag","embeddable":true,"href":"https:\/\/ostrowskatv.pl\/index.php?rest_route=%2Fwp%2Fv2%2Ftags&post=26953"}],"curies":[{"name":"wp","href":"https:\/\/api.w.org\/{rel}","templated":true}]}}