{"id":26946,"date":"2023-10-30T17:43:21","date_gmt":"2023-10-30T16:43:21","guid":{"rendered":"https:\/\/ostrowskatv.pl\/?p=26946"},"modified":"2023-10-30T20:31:27","modified_gmt":"2023-10-30T19:31:27","slug":"potracil-2-rowerzystow-przodem-i-tylem","status":"publish","type":"post","link":"https:\/\/ostrowskatv.pl\/?p=26946","title":{"rendered":"Potr\u0105ci\u0142 2 rowerzyst\u00f3w przodem i ty\u0142em"},"content":{"rendered":"<p><strong>Spor\u0105 nieostro\u017cno\u015bci\u0105 wykaza\u0142o si\u0119 trzech m\u0119\u017cczyzn, kt\u00f3rych los po\u0142\u0105czy\u0142 oko\u0142o godziny 16.30. Kierowca jad\u0105c samochodem marki Dacia potr\u0105ci\u0142 dw\u00f3ch rowerzyst\u00f3w.<\/strong><\/p>\n<p>Z jednej strony kierowca samochodu Dacia nie zachowa\u0142 szczeg\u00f3lnej ostro\u017cno\u015bci w rejonie przej\u015bcia dla pieszych i uderzy\u0142 przodem auta w rowerzyst\u0119 jad\u0105cego od strony Piask\u00f3w.<\/p>\n<p>Po chwili postanowi\u0142 wycofa\u0107, \u017ceby udro\u017cni\u0107 przejazd innym autom. Wtedy najecha\u0142 na drugi rower. W pierwszym rowerze zepsuciu uleg\u0142 uk\u0142ad nap\u0119dowy, a w drugim wykrzywione zosta\u0142o ko\u0142o. Szcz\u0119\u015bliwie rowerzystom nic si\u0119 nie sta\u0142o.<\/p>\n<p>Normalnie rowerzy\u015bci grozi\u0142o 2x1050z\u0142 za kolizje i punkty karne. Policjanci zlitowali si\u0119 i za pierwsze wykroczenie dali mandat kierowcy dacii oraz rowerzy\u015bcie (przejazd rowerem przez przej\u015bcie), a za drugie potr\u0105cenie pouczyli kierowc\u0119 samochodu. <\/p>\n<p><img loading=\"lazy\" decoding=\"async\" src=\"https:\/\/ostrowskatv.pl\/wp-content\/uploads\/2023\/10\/1000055191-01.jpeg\" alt=\"\" width=\"1366\" height=\"769\" class=\"alignnone size-full wp-image-26947\" srcset=\"https:\/\/ostrowskatv.pl\/wp-content\/uploads\/2023\/10\/1000055191-01.jpeg 1366w, https:\/\/ostrowskatv.pl\/wp-content\/uploads\/2023\/10\/1000055191-01-300x169.jpeg 300w, https:\/\/ostrowskatv.pl\/wp-content\/uploads\/2023\/10\/1000055191-01-1333x750.jpeg 1333w\" sizes=\"auto, (max-width: 1366px) 100vw, 1366px\" \/><\/p>\n<p><img loading=\"lazy\" decoding=\"async\" src=\"https:\/\/ostrowskatv.pl\/wp-content\/uploads\/2023\/10\/1000055192-01.jpeg\" alt=\"\" width=\"1366\" height=\"769\" class=\"alignnone size-full wp-image-26948\" srcset=\"https:\/\/ostrowskatv.pl\/wp-content\/uploads\/2023\/10\/1000055192-01.jpeg 1366w, https:\/\/ostrowskatv.pl\/wp-content\/uploads\/2023\/10\/1000055192-01-300x169.jpeg 300w, https:\/\/ostrowskatv.pl\/wp-content\/uploads\/2023\/10\/1000055192-01-1333x750.jpeg 1333w\" sizes=\"auto, (max-width: 1366px) 100vw, 1366px\" \/><\/p>\n<p><img loading=\"lazy\" decoding=\"async\" src=\"https:\/\/ostrowskatv.pl\/wp-content\/uploads\/2023\/10\/1000055193-01.jpeg\" alt=\"\" width=\"1366\" height=\"769\" class=\"alignnone size-full wp-image-26949\" srcset=\"https:\/\/ostrowskatv.pl\/wp-content\/uploads\/2023\/10\/1000055193-01.jpeg 1366w, https:\/\/ostrowskatv.pl\/wp-content\/uploads\/2023\/10\/1000055193-01-300x169.jpeg 300w, https:\/\/ostrowskatv.pl\/wp-content\/uploads\/2023\/10\/1000055193-01-1333x750.jpeg 1333w\" sizes=\"auto, (max-width: 1366px) 100vw, 1366px\" \/><\/p>\n<p><img loading=\"lazy\" decoding=\"async\" src=\"https:\/\/ostrowskatv.pl\/wp-content\/uploads\/2023\/10\/1000055194-01.jpeg\" alt=\"\" width=\"1366\" height=\"769\" class=\"alignnone size-full wp-image-26950\" srcset=\"https:\/\/ostrowskatv.pl\/wp-content\/uploads\/2023\/10\/1000055194-01.jpeg 1366w, https:\/\/ostrowskatv.pl\/wp-content\/uploads\/2023\/10\/1000055194-01-300x169.jpeg 300w, https:\/\/ostrowskatv.pl\/wp-content\/uploads\/2023\/10\/1000055194-01-1333x750.jpeg 1333w\" sizes=\"auto, (max-width: 1366px) 100vw, 1366px\" \/><\/p>\n<p><img loading=\"lazy\" decoding=\"async\" src=\"https:\/\/ostrowskatv.pl\/wp-content\/uploads\/2023\/10\/1000055203-01.jpeg\" alt=\"\" width=\"1366\" height=\"769\" class=\"alignnone size-full wp-image-26951\" srcset=\"https:\/\/ostrowskatv.pl\/wp-content\/uploads\/2023\/10\/1000055203-01.jpeg 1366w, https:\/\/ostrowskatv.pl\/wp-content\/uploads\/2023\/10\/1000055203-01-300x169.jpeg 300w, https:\/\/ostrowskatv.pl\/wp-content\/uploads\/2023\/10\/1000055203-01-1333x750.jpeg 1333w\" sizes=\"auto, (max-width: 1366px) 100vw, 1366px\" \/><\/p>\n","protected":false},"excerpt":{"rendered":"Spor\u0105 nieostro\u017cno\u015bci\u0105 wykaza\u0142o si\u0119 trzech m\u0119\u017cczyzn, kt\u00f3rych los po\u0142\u0105czy\u0142 oko\u0142o godziny 16.30. Kierowca jad\u0105c samochodem marki Dacia potr\u0105ci\u0142 dw\u00f3ch rowerzyst\u00f3w. Z jednej strony \n<a class=\"moretag\" href=\"https:\/\/ostrowskatv.pl\/?p=26946\"> [...]<\/a>","protected":false},"author":1,"featured_media":26949,"comment_status":"open","ping_status":"closed","sticky":false,"template":"","format":"standard","meta":{"footnotes":""},"categories":[1],"tags":[2,220],"class_list":["post-26946","post","type-post","status-publish","format-standard","has-post-thumbnail","hentry","category-news","tag-ostrow-wielkopolski","tag-rower"],"_links":{"self":[{"href":"https:\/\/ostrowskatv.pl\/index.php?rest_route=\/wp\/v2\/posts\/26946","targetHints":{"allow":["GET"]}}],"collection":[{"href":"https:\/\/ostrowskatv.pl\/index.php?rest_route=\/wp\/v2\/posts"}],"about":[{"href":"https:\/\/ostrowskatv.pl\/index.php?rest_route=\/wp\/v2\/types\/post"}],"author":[{"embeddable":true,"href":"https:\/\/ostrowskatv.pl\/index.php?rest_route=\/wp\/v2\/users\/1"}],"replies":[{"embeddable":true,"href":"https:\/\/ostrowskatv.pl\/index.php?rest_route=%2Fwp%2Fv2%2Fcomments&post=26946"}],"version-history":[{"count":0,"href":"https:\/\/ostrowskatv.pl\/index.php?rest_route=\/wp\/v2\/posts\/26946\/revisions"}],"wp:featuredmedia":[{"embeddable":true,"href":"https:\/\/ostrowskatv.pl\/index.php?rest_route=\/wp\/v2\/media\/26949"}],"wp:attachment":[{"href":"https:\/\/ostrowskatv.pl\/index.php?rest_route=%2Fwp%2Fv2%2Fmedia&parent=26946"}],"wp:term":[{"taxonomy":"category","embeddable":true,"href":"https:\/\/ostrowskatv.pl\/index.php?rest_route=%2Fwp%2Fv2%2Fcategories&post=26946"},{"taxonomy":"post_tag","embeddable":true,"href":"https:\/\/ostrowskatv.pl\/index.php?rest_route=%2Fwp%2Fv2%2Ftags&post=26946"}],"curies":[{"name":"wp","href":"https:\/\/api.w.org\/{rel}","templated":true}]}}