{"id":267,"date":"2016-01-29T21:25:43","date_gmt":"2016-01-29T20:25:43","guid":{"rendered":"http:\/\/ostrowska.tv\/?p=267"},"modified":"2016-01-29T22:03:01","modified_gmt":"2016-01-29T21:03:01","slug":"wojtus-waleczne-serce-pomozecie","status":"publish","type":"post","link":"https:\/\/ostrowskatv.pl\/?p=267","title":{"rendered":"Wojtu\u015b waleczne serce. Pomo\u017cecie?!"},"content":{"rendered":"<p><strong>Wojtu\u015b jeszcze nie przyszed\u0142 na \u015bwiat, a ju\u017c walczy o \u017cycie. Maluszkowi nie wykszta\u0142ci\u0142a si\u0119 lewa komora serduszka. Pozosta\u0142o niewiele ponad dwa tygodnie, \u017ceby wygra\u0107. Tyle czasu zosta\u0142o na zebranie pieni\u0119dzy na kosztown\u0105 operacj\u0119 w jednej z niemieckich klinik.<\/strong><\/p>\n<p>Najwierniejszymi kibicami Wojtusia s\u0105 \u0141ukasz i Sandra Portasiak. M\u0142ode ma\u0142\u017ce\u0144stwo z Ostrowa. On jest stra\u017cakiem. Na co dzie\u0144 z odwag\u0105 ratuje \u017cycie innym. Teraz sam jest bezbronny i prosi o pomoc dla swojego nienarodzonego jeszcze synka. Odwagi i wiary nie brakuje r\u00f3wnie\u017c jego \u017conie.<\/p>\n<p>Ma\u0142\u017ce\u0144stwo jeden wielki dramat ju\u017c prze\u017cy\u0142o. Sandra by\u0142a w ci\u0105\u017cy, ale poroni\u0142a. Mimo wszystko do dzi\u015b nie straci\u0142a nadziei, \u017ce ona i jej m\u0105\u017c b\u0119d\u0105 szcz\u0119\u015bliwymi rodzicami. &#8211; <em>M\u00f3wi\u0105, \u017ce po stracie jednego dziecka kolejne b\u0119dzie silne, bo ma ju\u017c swojego anio\u0142a<\/em> \u2013 przekonuje w rozmowie z nasz\u0105 redakcj\u0105.<\/p>\n<p>Silny mia\u0142 by\u0107 w\u0142a\u015bnie Wojtu\u015b. Kiedy para dowiedzia\u0142a si\u0119, \u017ce wkr\u00f3tce b\u0119dzie mie\u0107 synka, by\u0142a prawdopodobnie najszcz\u0119\u015bliwszym ma\u0142\u017ce\u0144stwem pod s\u0142o\u0144cem. Rado\u015b\u0107 nie trwa\u0142a jednak d\u0142ugo. Maluszkowi nie wykszta\u0142ci\u0142a si\u0119 lewa komora serduszka. &#8211; <em>To by\u0142 dla nas kolejny cios. Zastanawiali\u015bmy si\u0119, dlaczego znowu co\u015b takiego spotyka w\u0142a\u015bnie nas \u2013 <\/em>wspomina \u0141ukasz.<em> &#8211; Po pewnym czasie pojawi\u0142a si\u0119 jednak refleksja, \u017ce trzeba wierzy\u0107 i walczy\u0107<\/em> \u2013 dodaje Sandra.<\/p>\n<p>Ma\u0142\u017ce\u0144stwo pomocy dla Wojtusia szuka\u0142o w ca\u0142ej Polsce. Je\u017adzi\u0142o od lekarza do lekarza i cz\u0119sto s\u0142ysza\u0142o, \u017ce dla ich synka nie ma wielkiej nadziei. Wiara wr\u00f3ci\u0142a za spraw\u0105 profesora Malca, kt\u00f3ry przekonywa\u0142 \u0141ukasza i Sandr\u0119, \u017ce ich synek mo\u017ce \u017cy\u0107, a on regularnie operuje dzieci z takimi wadami. Wtedy rozpocz\u0119\u0142a si\u0119 prawdziwa batalia o \u017cycie Wojtusia. Jego rodzice zacz\u0119li szuka\u0107 pieni\u0119dzy na kosztown\u0105 operacj\u0119, kt\u00f3ra musi zosta\u0107 przeprowadzona w jednej z niemieckich klinik. W Polsce na taki zabieg nie ma szans. &#8211; <em>M\u00f3wimy o minutach, a nawet sekundach. Wojtu\u015b b\u0119dzie musia\u0142 by\u0107 operowany chwil\u0119 po tym, jak przyjdzie na \u015bwiat. To dla niego jedyna szansa<\/em> \u2013 przekonuj\u0105 rodzice.<\/p>\n<p>Para musi zebra\u0107 350 tysi\u0119cy z\u0142otych. Ma ju\u017c ponad 100 i niewiele ponad dwa tygodnie. Je\u015bli nie wygraj\u0105 wy\u015bcigu z czasem, operacja nie dojdzie do skutku i dla Wojtusia nie b\u0119dzie \u017cadnej nadziei. Mo\u017cecie im pom\u00f3c, nagradzaj\u0105c w ten spos\u00f3b determinacj\u0119, z jak\u0105 walcz\u0105 o \u017cycie swojego synka. Najpierw jednak obejrzyjcie poni\u017cszy materia\u0142 i przekonajcie si\u0119, kim s\u0105 ci ludzie. W rozmowie z nasz\u0105 redakcj\u0105 opowiedzieli swoj\u0105 przejmuj\u0105c\u0105 i chwytaj\u0105c\u0105 za serce histori\u0119. Nie zabrak\u0142o \u0142ez, ale i wielkiego optymizmu. \u0141ukasz i Sandra kupili ju\u017c dla Wojtusia \u0142\u00f3\u017ceczko, bo wierz\u0105, \u017ce nied\u0142ugo b\u0119dzie potrzebne. Pom\u00f3\u017ccie im wygra\u0107 walk\u0119 o to pi\u0119kne marzenie.<\/p>\n<p>Link do akcji pomocy dla Wojtusia &#8211;&gt; <a href=\"https:\/\/www.siepomaga.pl\/serduszko-wojtusia\">https:\/\/www.siepomaga.pl\/serduszko-wojtusia<\/a><\/p>\n<p>&nbsp;<\/p>\n<div style=\"width: 640px;\" class=\"wp-video\"><video class=\"wp-video-shortcode\" id=\"video-267-1\" width=\"640\" height=\"360\" preload=\"metadata\" controls=\"controls\"><source type=\"video\/mp4\" src=\"http:\/\/ostrowska.tv\/wp-content\/uploads\/2016\/01\/wojtus-waleczne-serce2.mp4?_=1\" \/><a href=\"http:\/\/ostrowska.tv\/wp-content\/uploads\/2016\/01\/wojtus-waleczne-serce2.mp4\">http:\/\/ostrowska.tv\/wp-content\/uploads\/2016\/01\/wojtus-waleczne-serce2.mp4<\/a><\/video><\/div>\n","protected":false},"excerpt":{"rendered":"Wojtu\u015b jeszcze nie przyszed\u0142 na \u015bwiat, a ju\u017c walczy o \u017cycie. Maluszkowi nie wykszta\u0142ci\u0142a si\u0119 lewa komora serduszka. Pozosta\u0142o niewiele ponad dwa tygodnie, \n<a class=\"moretag\" href=\"https:\/\/ostrowskatv.pl\/?p=267\"> [...]<\/a>","protected":false},"author":1,"featured_media":268,"comment_status":"open","ping_status":"open","sticky":false,"template":"","format":"standard","meta":{"footnotes":""},"categories":[1],"tags":[39],"class_list":["post-267","post","type-post","status-publish","format-standard","has-post-thumbnail","hentry","category-news","tag-pomoc"],"_links":{"self":[{"href":"https:\/\/ostrowskatv.pl\/index.php?rest_route=\/wp\/v2\/posts\/267","targetHints":{"allow":["GET"]}}],"collection":[{"href":"https:\/\/ostrowskatv.pl\/index.php?rest_route=\/wp\/v2\/posts"}],"about":[{"href":"https:\/\/ostrowskatv.pl\/index.php?rest_route=\/wp\/v2\/types\/post"}],"author":[{"embeddable":true,"href":"https:\/\/ostrowskatv.pl\/index.php?rest_route=\/wp\/v2\/users\/1"}],"replies":[{"embeddable":true,"href":"https:\/\/ostrowskatv.pl\/index.php?rest_route=%2Fwp%2Fv2%2Fcomments&post=267"}],"version-history":[{"count":0,"href":"https:\/\/ostrowskatv.pl\/index.php?rest_route=\/wp\/v2\/posts\/267\/revisions"}],"wp:featuredmedia":[{"embeddable":true,"href":"https:\/\/ostrowskatv.pl\/index.php?rest_route=\/wp\/v2\/media\/268"}],"wp:attachment":[{"href":"https:\/\/ostrowskatv.pl\/index.php?rest_route=%2Fwp%2Fv2%2Fmedia&parent=267"}],"wp:term":[{"taxonomy":"category","embeddable":true,"href":"https:\/\/ostrowskatv.pl\/index.php?rest_route=%2Fwp%2Fv2%2Fcategories&post=267"},{"taxonomy":"post_tag","embeddable":true,"href":"https:\/\/ostrowskatv.pl\/index.php?rest_route=%2Fwp%2Fv2%2Ftags&post=267"}],"curies":[{"name":"wp","href":"https:\/\/api.w.org\/{rel}","templated":true}]}}