{"id":26643,"date":"2023-10-15T07:26:30","date_gmt":"2023-10-15T06:26:30","guid":{"rendered":"https:\/\/ostrowskatv.pl\/?p=26643"},"modified":"2023-10-15T07:26:30","modified_gmt":"2023-10-15T06:26:30","slug":"wypadek-przy-galerii-ostrovia-sprawca-pijany","status":"publish","type":"post","link":"https:\/\/ostrowskatv.pl\/?p=26643","title":{"rendered":"Wypadek przy Galerii Ostrovia. Sprawca pijany"},"content":{"rendered":"<p><strong>O godzinie 22 przy galerii Ostrovia dosz\u0142o do wypadku dw\u00f3ch aut osobowych. M\u0119\u017cczyzna w wieku oko\u0142o 35-40 lat kieruj\u0105c oplem zafir\u0105 z impetem wjecha\u0142 w ty\u0142 volkswagena.<\/strong><\/p>\n<p>Zderzenie mia\u0142o miejsce przed sygnalizacj\u0105 \u015bwietln\u0105. Mocno op\u00f3\u017aniona reakcja sprawcy wynika\u0142a ze st\u0119\u017cenia alkoholu w wydychanym powietrzu. Urz\u0105dzenie pomiarowe wskaza\u0142o prawie 2 promile.<\/p>\n<p>Poszkodowany z volkswagena zosta\u0142 zabrany do szpitala, ale tam nie stwierdzono powa\u017cniejszych obra\u017ce\u0144 cia\u0142a.<\/p>\n<p>Opel by\u0142 na tablicach rejestracyjnych z powiatu kaliskiego.<\/p>\n<h3 id=\"kary-za-jazde-po-uzyciu\">Kary za jazd\u0119 w stanie po u\u017cyciu alkoholu<\/h3>\n<p>Zgodnie z art. 87 Kodeksu wykrocze\u0144 (k.w.), za prowadzenie pojazdu mechanicznego po u\u017cyciu alkoholu b\u0105d\u017a \u015brodk\u00f3w o podobnym dzia\u0142aniu, grozi:<\/p>\n<ol class=\"list-text-style orange-number\">\n<li>\n<div>grzywna nie ni\u017csza ni\u017c 2500 z\u0142 (maksymalna to 30 tys. z\u0142) lub areszt do 30 dni,<\/div>\n<\/li>\n<li>\n<div>zakaz prowadzenia pojazd\u00f3w od 6 miesi\u0119cy do 3 lat,<\/div>\n<\/li>\n<li>\n<div>15 punkt\u00f3w karnych.<\/div>\n<\/li>\n<\/ol>\n<h3 id=\"kary-za-jazde-w-stanie-nietrzezwym\">Kary za jazd\u0119 w stanie nietrze\u017awo\u015bci w 2023 roku<\/h3>\n<p>Zgodnie z prawem, za prowadzenie pojazdu mechanicznego w stanie nietrze\u017awo\u015bci, grozi:<\/p>\n<ol class=\"list-text-style orange-number\">\n<li>\n<div>pozbawienie wolno\u015bci do lat 3,<\/div>\n<\/li>\n<li>\n<div>zakaz prowadzenia pojazd\u00f3w od 3 do 15 lat,<\/div>\n<\/li>\n<li>\n<div>kara pieni\u0119\u017cna od 5000 z\u0142 do 60 000 z\u0142 (na rzecz Funduszu Pomocy Pokrzywdzonym i Pomocy Postpenitencjarnej),<\/div>\n<\/li>\n<li>\n<div>15 punkt\u00f3w karnych.<\/div>\n<\/li>\n<\/ol>\n<p>Gwoli wyja\u015bnienia, grzywna naliczana jest w zale\u017cno\u015bci od sytuacji maj\u0105tkowej sprawcy. S\u0105d wymierza j\u0105 w wysoko\u015bci od 10 do 540 stawek dziennych, gdzie 1 stawka dzienna wynosi nie mniej ni\u017c 10 z\u0142, nie wi\u0119cej ni\u017c 2000 z\u0142.<\/p>\n<p><img loading=\"lazy\" decoding=\"async\" src=\"https:\/\/ostrowskatv.pl\/wp-content\/uploads\/2023\/10\/1000052403-01.jpeg\" alt=\"\" width=\"1366\" height=\"686\" class=\"alignnone size-full wp-image-26645\" srcset=\"https:\/\/ostrowskatv.pl\/wp-content\/uploads\/2023\/10\/1000052403-01.jpeg 1366w, https:\/\/ostrowskatv.pl\/wp-content\/uploads\/2023\/10\/1000052403-01-300x151.jpeg 300w, https:\/\/ostrowskatv.pl\/wp-content\/uploads\/2023\/10\/1000052403-01-1333x669.jpeg 1333w\" sizes=\"auto, (max-width: 1366px) 100vw, 1366px\" \/><\/p>\n<p><img loading=\"lazy\" decoding=\"async\" src=\"https:\/\/ostrowskatv.pl\/wp-content\/uploads\/2023\/10\/1000052402-01.jpeg\" alt=\"\" width=\"1366\" height=\"769\" class=\"alignnone size-full wp-image-26646\" srcset=\"https:\/\/ostrowskatv.pl\/wp-content\/uploads\/2023\/10\/1000052402-01.jpeg 1366w, https:\/\/ostrowskatv.pl\/wp-content\/uploads\/2023\/10\/1000052402-01-300x169.jpeg 300w, https:\/\/ostrowskatv.pl\/wp-content\/uploads\/2023\/10\/1000052402-01-1333x750.jpeg 1333w\" sizes=\"auto, (max-width: 1366px) 100vw, 1366px\" \/><\/p>\n<p><img loading=\"lazy\" decoding=\"async\" src=\"https:\/\/ostrowskatv.pl\/wp-content\/uploads\/2023\/10\/1000052397-01.jpeg\" alt=\"\" width=\"1366\" height=\"769\" class=\"alignnone size-full wp-image-26647\" srcset=\"https:\/\/ostrowskatv.pl\/wp-content\/uploads\/2023\/10\/1000052397-01.jpeg 1366w, https:\/\/ostrowskatv.pl\/wp-content\/uploads\/2023\/10\/1000052397-01-300x169.jpeg 300w, https:\/\/ostrowskatv.pl\/wp-content\/uploads\/2023\/10\/1000052397-01-1333x750.jpeg 1333w\" sizes=\"auto, (max-width: 1366px) 100vw, 1366px\" \/><\/p>\n<p><img loading=\"lazy\" decoding=\"async\" src=\"https:\/\/ostrowskatv.pl\/wp-content\/uploads\/2023\/10\/1000052396-01.jpeg\" alt=\"\" width=\"1366\" height=\"769\" class=\"alignnone size-full wp-image-26648\" srcset=\"https:\/\/ostrowskatv.pl\/wp-content\/uploads\/2023\/10\/1000052396-01.jpeg 1366w, https:\/\/ostrowskatv.pl\/wp-content\/uploads\/2023\/10\/1000052396-01-300x169.jpeg 300w, https:\/\/ostrowskatv.pl\/wp-content\/uploads\/2023\/10\/1000052396-01-1333x750.jpeg 1333w\" sizes=\"auto, (max-width: 1366px) 100vw, 1366px\" \/><\/p>\n<p><img loading=\"lazy\" decoding=\"async\" src=\"https:\/\/ostrowskatv.pl\/wp-content\/uploads\/2023\/10\/1000052395-01.jpeg\" alt=\"\" width=\"1366\" height=\"769\" class=\"alignnone size-full wp-image-26649\" srcset=\"https:\/\/ostrowskatv.pl\/wp-content\/uploads\/2023\/10\/1000052395-01.jpeg 1366w, https:\/\/ostrowskatv.pl\/wp-content\/uploads\/2023\/10\/1000052395-01-300x169.jpeg 300w, https:\/\/ostrowskatv.pl\/wp-content\/uploads\/2023\/10\/1000052395-01-1333x750.jpeg 1333w\" sizes=\"auto, (max-width: 1366px) 100vw, 1366px\" \/><\/p>\n<p><img loading=\"lazy\" decoding=\"async\" src=\"https:\/\/ostrowskatv.pl\/wp-content\/uploads\/2023\/10\/1000052394-01.jpeg\" alt=\"\" width=\"1366\" height=\"769\" class=\"alignnone size-full wp-image-26650\" srcset=\"https:\/\/ostrowskatv.pl\/wp-content\/uploads\/2023\/10\/1000052394-01.jpeg 1366w, https:\/\/ostrowskatv.pl\/wp-content\/uploads\/2023\/10\/1000052394-01-300x169.jpeg 300w, https:\/\/ostrowskatv.pl\/wp-content\/uploads\/2023\/10\/1000052394-01-1333x750.jpeg 1333w\" sizes=\"auto, (max-width: 1366px) 100vw, 1366px\" \/><\/p>\n<p><img loading=\"lazy\" decoding=\"async\" src=\"https:\/\/ostrowskatv.pl\/wp-content\/uploads\/2023\/10\/1000052393-01.jpeg\" alt=\"\" width=\"1366\" height=\"633\" class=\"alignnone size-full wp-image-26651\" srcset=\"https:\/\/ostrowskatv.pl\/wp-content\/uploads\/2023\/10\/1000052393-01.jpeg 1366w, https:\/\/ostrowskatv.pl\/wp-content\/uploads\/2023\/10\/1000052393-01-300x139.jpeg 300w, https:\/\/ostrowskatv.pl\/wp-content\/uploads\/2023\/10\/1000052393-01-1333x618.jpeg 1333w\" sizes=\"auto, (max-width: 1366px) 100vw, 1366px\" \/><\/p>\n","protected":false},"excerpt":{"rendered":"O godzinie 22 przy galerii Ostrovia dosz\u0142o do wypadku dw\u00f3ch aut osobowych. M\u0119\u017cczyzna w wieku oko\u0142o 35-40 lat kieruj\u0105c oplem zafir\u0105 z impetem \n<a class=\"moretag\" href=\"https:\/\/ostrowskatv.pl\/?p=26643\"> [...]<\/a>","protected":false},"author":1,"featured_media":26650,"comment_status":"open","ping_status":"closed","sticky":false,"template":"","format":"standard","meta":{"footnotes":""},"categories":[1],"tags":[],"class_list":["post-26643","post","type-post","status-publish","format-standard","has-post-thumbnail","hentry","category-news"],"_links":{"self":[{"href":"https:\/\/ostrowskatv.pl\/index.php?rest_route=\/wp\/v2\/posts\/26643","targetHints":{"allow":["GET"]}}],"collection":[{"href":"https:\/\/ostrowskatv.pl\/index.php?rest_route=\/wp\/v2\/posts"}],"about":[{"href":"https:\/\/ostrowskatv.pl\/index.php?rest_route=\/wp\/v2\/types\/post"}],"author":[{"embeddable":true,"href":"https:\/\/ostrowskatv.pl\/index.php?rest_route=\/wp\/v2\/users\/1"}],"replies":[{"embeddable":true,"href":"https:\/\/ostrowskatv.pl\/index.php?rest_route=%2Fwp%2Fv2%2Fcomments&post=26643"}],"version-history":[{"count":0,"href":"https:\/\/ostrowskatv.pl\/index.php?rest_route=\/wp\/v2\/posts\/26643\/revisions"}],"wp:featuredmedia":[{"embeddable":true,"href":"https:\/\/ostrowskatv.pl\/index.php?rest_route=\/wp\/v2\/media\/26650"}],"wp:attachment":[{"href":"https:\/\/ostrowskatv.pl\/index.php?rest_route=%2Fwp%2Fv2%2Fmedia&parent=26643"}],"wp:term":[{"taxonomy":"category","embeddable":true,"href":"https:\/\/ostrowskatv.pl\/index.php?rest_route=%2Fwp%2Fv2%2Fcategories&post=26643"},{"taxonomy":"post_tag","embeddable":true,"href":"https:\/\/ostrowskatv.pl\/index.php?rest_route=%2Fwp%2Fv2%2Ftags&post=26643"}],"curies":[{"name":"wp","href":"https:\/\/api.w.org\/{rel}","templated":true}]}}