{"id":26616,"date":"2023-10-13T13:52:39","date_gmt":"2023-10-13T12:52:39","guid":{"rendered":"https:\/\/ostrowskatv.pl\/?p=26616"},"modified":"2023-10-13T14:29:47","modified_gmt":"2023-10-13T13:29:47","slug":"wielkie-bum-na-wroclawskiej-mlodzieniec-zignorowal-rejon-przejscia","status":"publish","type":"post","link":"https:\/\/ostrowskatv.pl\/?p=26616","title":{"rendered":"Wielkie BUM na Wroc\u0142awskiej. M\u0142odzieniec zignorowa\u0142 rejon przej\u015bcia"},"content":{"rendered":"<p><strong>Du\u017c\u0105 nierozwag\u0105 wykaza\u0142 si\u0119 m\u0142ody kierowca volkswagena, kt\u00f3ry doje\u017cd\u017caj\u0105c do przej\u015bcia dla pieszych ani my\u015bla\u0142 zwolni\u0107. Nie wiadomo czym by\u0142 zaj\u0119ty, ale nie zauwa\u017cy\u0142, \u017ce przed nim zatrzyma\u0142 si\u0119 citroen.<\/strong><\/p>\n<p>Z impetem uderzy\u0142 w jego ty\u0142 i skasowa\u0142 oba auta. Powsta\u0142e uszkodzenia mog\u0105 spowodowa\u0107, \u017ce pojazdy mog\u0105 by\u0107 tylko rozebrane na cz\u0119\u015bci, bowiem ich naprawa nie b\u0119dzie si\u0119 kalkulowa\u0107. <\/p>\n<p>77-letni m\u0119\u017cczyzna z citroena uskar\u017ca\u0142 si\u0119 na b\u00f3l plec\u00f3w. M\u0142odzie\u0144cowi, kt\u00f3ry spowodowa\u0142 kolizj\u0119 nic si\u0119 nie sta\u0142o.<\/p>\n<p>Na miejsce wezwano policj\u0119 oraz stra\u017c po\u017carn\u0105, kt\u00f3ra zneutralizowa\u0142a wyciek p\u0142ynu.<\/p>\n<p><img loading=\"lazy\" decoding=\"async\" src=\"https:\/\/ostrowskatv.pl\/wp-content\/uploads\/2023\/10\/1000052209-01.jpeg\" alt=\"\" width=\"1366\" height=\"692\" class=\"alignnone size-full wp-image-26617\" srcset=\"https:\/\/ostrowskatv.pl\/wp-content\/uploads\/2023\/10\/1000052209-01.jpeg 1366w, https:\/\/ostrowskatv.pl\/wp-content\/uploads\/2023\/10\/1000052209-01-300x152.jpeg 300w, https:\/\/ostrowskatv.pl\/wp-content\/uploads\/2023\/10\/1000052209-01-1333x675.jpeg 1333w\" sizes=\"auto, (max-width: 1366px) 100vw, 1366px\" \/><\/p>\n<p><img loading=\"lazy\" decoding=\"async\" src=\"https:\/\/ostrowskatv.pl\/wp-content\/uploads\/2023\/10\/1000052208-01.jpeg\" alt=\"\" width=\"1366\" height=\"769\" class=\"alignnone size-full wp-image-26618\" srcset=\"https:\/\/ostrowskatv.pl\/wp-content\/uploads\/2023\/10\/1000052208-01.jpeg 1366w, https:\/\/ostrowskatv.pl\/wp-content\/uploads\/2023\/10\/1000052208-01-300x169.jpeg 300w, https:\/\/ostrowskatv.pl\/wp-content\/uploads\/2023\/10\/1000052208-01-1333x750.jpeg 1333w\" sizes=\"auto, (max-width: 1366px) 100vw, 1366px\" \/><\/p>\n<p><img loading=\"lazy\" decoding=\"async\" src=\"https:\/\/ostrowskatv.pl\/wp-content\/uploads\/2023\/10\/1000052207-01.jpeg\" alt=\"\" width=\"1366\" height=\"769\" class=\"alignnone size-full wp-image-26619\" srcset=\"https:\/\/ostrowskatv.pl\/wp-content\/uploads\/2023\/10\/1000052207-01.jpeg 1366w, https:\/\/ostrowskatv.pl\/wp-content\/uploads\/2023\/10\/1000052207-01-300x169.jpeg 300w, https:\/\/ostrowskatv.pl\/wp-content\/uploads\/2023\/10\/1000052207-01-1333x750.jpeg 1333w\" sizes=\"auto, (max-width: 1366px) 100vw, 1366px\" \/><\/p>\n<p><img loading=\"lazy\" decoding=\"async\" src=\"https:\/\/ostrowskatv.pl\/wp-content\/uploads\/2023\/10\/1000052206-01.jpeg\" alt=\"\" width=\"1366\" height=\"831\" class=\"alignnone size-full wp-image-26620\" srcset=\"https:\/\/ostrowskatv.pl\/wp-content\/uploads\/2023\/10\/1000052206-01.jpeg 1366w, https:\/\/ostrowskatv.pl\/wp-content\/uploads\/2023\/10\/1000052206-01-300x183.jpeg 300w, https:\/\/ostrowskatv.pl\/wp-content\/uploads\/2023\/10\/1000052206-01-1333x811.jpeg 1333w\" sizes=\"auto, (max-width: 1366px) 100vw, 1366px\" \/><\/p>\n<p><img loading=\"lazy\" decoding=\"async\" src=\"https:\/\/ostrowskatv.pl\/wp-content\/uploads\/2023\/10\/1000052205-01.jpeg\" alt=\"\" width=\"1366\" height=\"738\" class=\"alignnone size-full wp-image-26621\" srcset=\"https:\/\/ostrowskatv.pl\/wp-content\/uploads\/2023\/10\/1000052205-01.jpeg 1366w, https:\/\/ostrowskatv.pl\/wp-content\/uploads\/2023\/10\/1000052205-01-300x162.jpeg 300w, https:\/\/ostrowskatv.pl\/wp-content\/uploads\/2023\/10\/1000052205-01-1333x720.jpeg 1333w\" sizes=\"auto, (max-width: 1366px) 100vw, 1366px\" \/><\/p>\n<p><img loading=\"lazy\" decoding=\"async\" src=\"https:\/\/ostrowskatv.pl\/wp-content\/uploads\/2023\/10\/1000052202-01.jpeg\" alt=\"\" width=\"1366\" height=\"730\" class=\"alignnone size-full wp-image-26622\" srcset=\"https:\/\/ostrowskatv.pl\/wp-content\/uploads\/2023\/10\/1000052202-01.jpeg 1366w, https:\/\/ostrowskatv.pl\/wp-content\/uploads\/2023\/10\/1000052202-01-300x160.jpeg 300w, https:\/\/ostrowskatv.pl\/wp-content\/uploads\/2023\/10\/1000052202-01-1333x712.jpeg 1333w\" sizes=\"auto, (max-width: 1366px) 100vw, 1366px\" \/><\/p>\n<p><img loading=\"lazy\" decoding=\"async\" src=\"https:\/\/ostrowskatv.pl\/wp-content\/uploads\/2023\/10\/1000052201-01.jpeg\" alt=\"\" width=\"1366\" height=\"769\" class=\"alignnone size-full wp-image-26623\" srcset=\"https:\/\/ostrowskatv.pl\/wp-content\/uploads\/2023\/10\/1000052201-01.jpeg 1366w, https:\/\/ostrowskatv.pl\/wp-content\/uploads\/2023\/10\/1000052201-01-300x169.jpeg 300w, https:\/\/ostrowskatv.pl\/wp-content\/uploads\/2023\/10\/1000052201-01-1333x750.jpeg 1333w\" sizes=\"auto, (max-width: 1366px) 100vw, 1366px\" \/><\/p>\n","protected":false},"excerpt":{"rendered":"Du\u017c\u0105 nierozwag\u0105 wykaza\u0142 si\u0119 m\u0142ody kierowca volkswagena, kt\u00f3ry doje\u017cd\u017caj\u0105c do przej\u015bcia dla pieszych ani my\u015bla\u0142 zwolni\u0107. Nie wiadomo czym by\u0142 zaj\u0119ty, ale nie \n<a class=\"moretag\" href=\"https:\/\/ostrowskatv.pl\/?p=26616\"> [...]<\/a>","protected":false},"author":1,"featured_media":26618,"comment_status":"open","ping_status":"closed","sticky":false,"template":"","format":"standard","meta":{"footnotes":""},"categories":[1],"tags":[2],"class_list":["post-26616","post","type-post","status-publish","format-standard","has-post-thumbnail","hentry","category-news","tag-ostrow-wielkopolski"],"_links":{"self":[{"href":"https:\/\/ostrowskatv.pl\/index.php?rest_route=\/wp\/v2\/posts\/26616","targetHints":{"allow":["GET"]}}],"collection":[{"href":"https:\/\/ostrowskatv.pl\/index.php?rest_route=\/wp\/v2\/posts"}],"about":[{"href":"https:\/\/ostrowskatv.pl\/index.php?rest_route=\/wp\/v2\/types\/post"}],"author":[{"embeddable":true,"href":"https:\/\/ostrowskatv.pl\/index.php?rest_route=\/wp\/v2\/users\/1"}],"replies":[{"embeddable":true,"href":"https:\/\/ostrowskatv.pl\/index.php?rest_route=%2Fwp%2Fv2%2Fcomments&post=26616"}],"version-history":[{"count":0,"href":"https:\/\/ostrowskatv.pl\/index.php?rest_route=\/wp\/v2\/posts\/26616\/revisions"}],"wp:featuredmedia":[{"embeddable":true,"href":"https:\/\/ostrowskatv.pl\/index.php?rest_route=\/wp\/v2\/media\/26618"}],"wp:attachment":[{"href":"https:\/\/ostrowskatv.pl\/index.php?rest_route=%2Fwp%2Fv2%2Fmedia&parent=26616"}],"wp:term":[{"taxonomy":"category","embeddable":true,"href":"https:\/\/ostrowskatv.pl\/index.php?rest_route=%2Fwp%2Fv2%2Fcategories&post=26616"},{"taxonomy":"post_tag","embeddable":true,"href":"https:\/\/ostrowskatv.pl\/index.php?rest_route=%2Fwp%2Fv2%2Ftags&post=26616"}],"curies":[{"name":"wp","href":"https:\/\/api.w.org\/{rel}","templated":true}]}}