{"id":26611,"date":"2023-10-13T15:33:00","date_gmt":"2023-10-13T14:33:00","guid":{"rendered":"https:\/\/ostrowskatv.pl\/?p=26611"},"modified":"2023-10-13T15:33:00","modified_gmt":"2023-10-13T14:33:00","slug":"ostatni-dzien-kampanii-klimek-razem-z-malag","status":"publish","type":"post","link":"https:\/\/ostrowskatv.pl\/?p=26611","title":{"rendered":"Ostatni dzie\u0144 kampanii. Klimek razem z Mal\u0105g"},"content":{"rendered":"<p><strong>Ostatniego dnia kampanii wyborczej prezydent Ostrowa Wlkp. Beata Klimek stan\u0119\u0142a rami\u0119 w rami\u0119 z minister Marlen\u0105 Mal\u0105g. Wszystko z powodu du\u017cych pieni\u0119dzy, kt\u00f3re trafiaj\u0105 do naszego miasta z rz\u0105dowych dotacji.<\/strong><\/p>\n<p>W ramach 8. edycji Polskiego \u0141adu do Ostrowa Wielkopolskiego trafiaj\u0105 kolejne miliony na inwestycje. W\u015br\u00f3d nich stadion lekkoatletyczny (10,7 mln z\u0142), ulica Kili\u0144skiego przy stadionie &#8222;za parowozowni\u0105&#8221; (1,9 mln z\u0142), dodatkowy modu\u0142 do instalacji sortowania odpad\u00f3w (7,505 mln z\u0142) oraz kocio\u0142 na biomas\u0119 do OZC (12 mln z\u0142) &#8211; co ma obni\u017cy\u0107 rachunki za ogrzewanie. Dzi\u015b odby\u0142o si\u0119 spotkanie minister Marleny Mal\u0105g z prezydent Ostrowa Wlkp.<\/p>\n<blockquote><p>&#8211; W trudnych czasach tych pieni\u0119dzy nie zabrak\u0142o i nie zabraknie. Dzi\u0119ki uszczelnieniu bud\u017cetu pa\u0144stwa pieni\u0105dze nie wyp\u0142ywaj\u0105 ju\u017c i mafie VAT-owskie nie szalej\u0105 ju\u017c. Z tych pieni\u0119dzy nie korzystaj\u0105 ju\u017c tylko elity polskiego narodu, tylko mo\u017cna tworzy\u0107 programy z kt\u00f3rych korzystaj\u0105 m.in. ostrowianie. &#8211; m\u00f3wi Marlena Mal\u0105g, minister Rodziny i Polityki Spo\u0142ecznej.<\/p>\n<p>250 miliard\u00f3w z\u0142otych w skali kraju niewiele m\u00f3wi przeci\u0119tnemu ostrowianinowi. Trudno sobie wyobrazi\u0107 jaka cz\u0119\u015b\u0107 tej kwoty trafi do Ostrowa Wielkopolskiego. A jest to a\u017c 40 milion\u00f3w z\u0142otych dla ostrowskich rodzin. Do tego dochodz\u0105 Rodzinny Kapita\u0142 Opieku\u0144czy, Dobry Start czy Maluch+. Na ostatni program Ostr\u00f3w Wielkopolski si\u0119ga po te pieni\u0105dze i dzi\u0119ki temu zostanie utworzone blisko 200 miejsc \u017c\u0142obkowych. Na ten cel przeznaczono oko\u0142o 10 milion\u00f3w z\u0142otych. Kiedy b\u0119d\u0105 oddane do u\u017cytku obiekty, b\u0119d\u0105 dop\u0142aty do takich miejsc w wysoko\u015bci 800 z\u0142\/dziecko. &#8211; wymienia\u0142a Marlena Mal\u0105g, minister Rodziny i Polityki Spo\u0142ecznej.<\/p><\/blockquote>\n<p>Wcze\u015bniej na obiekt przy ulicy Kusoci\u0144skiego trafi\u0142o 12 mln z\u0142 rz\u0105dowych pieni\u0119dzy, a teraz ponad 10 mln.<\/p>\n<blockquote><p>Dzi\u0119ki pomocy, wsparciu, \u017cyczliwo\u015bci uda\u0142o nam si\u0119 pozyska\u0107 z program\u00f3w krajowych prawie 35 milion\u00f3w z\u0142otych, czyli ponad 30% z warto\u015bci wszystkich inwestycji. Taka kwota to wa\u017cna pozycja w finansach miasta &#8211; m\u00f3wi\u0142a Beata Klimek, prezydent Ostrowa Wlkp.<\/p><\/blockquote>\n<p>Chcemy, \u017ceby Ostr\u00f3w Wielkopolski si\u0119 rozwija\u0142 i \u017ceby jak najwi\u0119cej pieni\u0119dzy trafia\u0142o do mieszka\u0144c\u00f3w. &#8211; doda\u0142a na koniec Marlena Mal\u0105g.<\/p>\n<p><img loading=\"lazy\" decoding=\"async\" class=\"alignnone size-full wp-image-26633\" src=\"https:\/\/ostrowskatv.pl\/wp-content\/uploads\/2023\/10\/1000052173-01-1.jpeg\" alt=\"\" width=\"1366\" height=\"954\" srcset=\"https:\/\/ostrowskatv.pl\/wp-content\/uploads\/2023\/10\/1000052173-01-1.jpeg 1366w, https:\/\/ostrowskatv.pl\/wp-content\/uploads\/2023\/10\/1000052173-01-1-300x210.jpeg 300w, https:\/\/ostrowskatv.pl\/wp-content\/uploads\/2023\/10\/1000052173-01-1-1333x931.jpeg 1333w, https:\/\/ostrowskatv.pl\/wp-content\/uploads\/2023\/10\/1000052173-01-1-120x85.jpeg 120w\" sizes=\"auto, (max-width: 1366px) 100vw, 1366px\" \/><\/p>\n<p><img loading=\"lazy\" decoding=\"async\" class=\"alignnone size-full wp-image-26634\" src=\"https:\/\/ostrowskatv.pl\/wp-content\/uploads\/2023\/10\/1000052172-01-1.jpeg\" alt=\"\" width=\"1366\" height=\"769\" srcset=\"https:\/\/ostrowskatv.pl\/wp-content\/uploads\/2023\/10\/1000052172-01-1.jpeg 1366w, https:\/\/ostrowskatv.pl\/wp-content\/uploads\/2023\/10\/1000052172-01-1-300x169.jpeg 300w, https:\/\/ostrowskatv.pl\/wp-content\/uploads\/2023\/10\/1000052172-01-1-1333x750.jpeg 1333w\" sizes=\"auto, (max-width: 1366px) 100vw, 1366px\" \/><\/p>\n<p><img loading=\"lazy\" decoding=\"async\" class=\"alignnone size-full wp-image-26635\" src=\"https:\/\/ostrowskatv.pl\/wp-content\/uploads\/2023\/10\/1000052171-01.jpeg\" alt=\"\" width=\"1366\" height=\"618\" srcset=\"https:\/\/ostrowskatv.pl\/wp-content\/uploads\/2023\/10\/1000052171-01.jpeg 1366w, https:\/\/ostrowskatv.pl\/wp-content\/uploads\/2023\/10\/1000052171-01-300x136.jpeg 300w, https:\/\/ostrowskatv.pl\/wp-content\/uploads\/2023\/10\/1000052171-01-1333x603.jpeg 1333w\" sizes=\"auto, (max-width: 1366px) 100vw, 1366px\" \/><\/p>\n<p><img loading=\"lazy\" decoding=\"async\" class=\"alignnone size-full wp-image-26636\" src=\"https:\/\/ostrowskatv.pl\/wp-content\/uploads\/2023\/10\/1000052170-01.jpeg\" alt=\"\" width=\"1366\" height=\"769\" srcset=\"https:\/\/ostrowskatv.pl\/wp-content\/uploads\/2023\/10\/1000052170-01.jpeg 1366w, https:\/\/ostrowskatv.pl\/wp-content\/uploads\/2023\/10\/1000052170-01-300x169.jpeg 300w, https:\/\/ostrowskatv.pl\/wp-content\/uploads\/2023\/10\/1000052170-01-1333x750.jpeg 1333w\" sizes=\"auto, (max-width: 1366px) 100vw, 1366px\" \/><\/p>\n<p><img loading=\"lazy\" decoding=\"async\" class=\"alignnone size-full wp-image-26637\" src=\"https:\/\/ostrowskatv.pl\/wp-content\/uploads\/2023\/10\/1000052169-01.jpeg\" alt=\"\" width=\"1366\" height=\"691\" srcset=\"https:\/\/ostrowskatv.pl\/wp-content\/uploads\/2023\/10\/1000052169-01.jpeg 1366w, https:\/\/ostrowskatv.pl\/wp-content\/uploads\/2023\/10\/1000052169-01-300x152.jpeg 300w, https:\/\/ostrowskatv.pl\/wp-content\/uploads\/2023\/10\/1000052169-01-1333x674.jpeg 1333w\" sizes=\"auto, (max-width: 1366px) 100vw, 1366px\" \/><\/p>\n<p><img loading=\"lazy\" decoding=\"async\" class=\"alignnone size-full wp-image-26638\" src=\"https:\/\/ostrowskatv.pl\/wp-content\/uploads\/2023\/10\/1000052157-01.jpeg\" alt=\"\" width=\"1365\" height=\"965\" srcset=\"https:\/\/ostrowskatv.pl\/wp-content\/uploads\/2023\/10\/1000052157-01.jpeg 1365w, https:\/\/ostrowskatv.pl\/wp-content\/uploads\/2023\/10\/1000052157-01-300x212.jpeg 300w, https:\/\/ostrowskatv.pl\/wp-content\/uploads\/2023\/10\/1000052157-01-1333x942.jpeg 1333w, https:\/\/ostrowskatv.pl\/wp-content\/uploads\/2023\/10\/1000052157-01-120x85.jpeg 120w\" sizes=\"auto, (max-width: 1365px) 100vw, 1365px\" \/><\/p>\n","protected":false},"excerpt":{"rendered":"Ostatniego dnia kampanii wyborczej prezydent Ostrowa Wlkp. Beata Klimek stan\u0119\u0142a rami\u0119 w rami\u0119 z minister Marlen\u0105 Mal\u0105g. Wszystko z powodu du\u017cych pieni\u0119dzy, kt\u00f3re \n<a class=\"moretag\" href=\"https:\/\/ostrowskatv.pl\/?p=26611\"> [...]<\/a>","protected":false},"author":1,"featured_media":0,"comment_status":"open","ping_status":"closed","sticky":false,"template":"","format":"standard","meta":{"footnotes":""},"categories":[1],"tags":[2],"class_list":["post-26611","post","type-post","status-publish","format-standard","hentry","category-news","tag-ostrow-wielkopolski"],"_links":{"self":[{"href":"https:\/\/ostrowskatv.pl\/index.php?rest_route=\/wp\/v2\/posts\/26611","targetHints":{"allow":["GET"]}}],"collection":[{"href":"https:\/\/ostrowskatv.pl\/index.php?rest_route=\/wp\/v2\/posts"}],"about":[{"href":"https:\/\/ostrowskatv.pl\/index.php?rest_route=\/wp\/v2\/types\/post"}],"author":[{"embeddable":true,"href":"https:\/\/ostrowskatv.pl\/index.php?rest_route=\/wp\/v2\/users\/1"}],"replies":[{"embeddable":true,"href":"https:\/\/ostrowskatv.pl\/index.php?rest_route=%2Fwp%2Fv2%2Fcomments&post=26611"}],"version-history":[{"count":0,"href":"https:\/\/ostrowskatv.pl\/index.php?rest_route=\/wp\/v2\/posts\/26611\/revisions"}],"wp:attachment":[{"href":"https:\/\/ostrowskatv.pl\/index.php?rest_route=%2Fwp%2Fv2%2Fmedia&parent=26611"}],"wp:term":[{"taxonomy":"category","embeddable":true,"href":"https:\/\/ostrowskatv.pl\/index.php?rest_route=%2Fwp%2Fv2%2Fcategories&post=26611"},{"taxonomy":"post_tag","embeddable":true,"href":"https:\/\/ostrowskatv.pl\/index.php?rest_route=%2Fwp%2Fv2%2Ftags&post=26611"}],"curies":[{"name":"wp","href":"https:\/\/api.w.org\/{rel}","templated":true}]}}