{"id":26597,"date":"2023-10-12T19:15:37","date_gmt":"2023-10-12T18:15:37","guid":{"rendered":"https:\/\/ostrowskatv.pl\/?p=26597"},"modified":"2023-10-12T19:17:49","modified_gmt":"2023-10-12T18:17:49","slug":"wpadka-za-wpadka-finisz-kampanii","status":"publish","type":"post","link":"https:\/\/ostrowskatv.pl\/?p=26597","title":{"rendered":"Wpadka za wpadk\u0105 &#8211; finisz kampanii"},"content":{"rendered":"<p><strong>Na finiszu kampanii widzimy pe\u0142no baner\u00f3w i bilbord\u00f3w. Wydaje si\u0119, \u017ce jest ich wi\u0119cej ni\u017c kiedykolwiek wcze\u015bniej. Politycy spotykaj\u0105 si\u0119 i prezentuj\u0105 dokonania. Katarzyna S\u00f3jka, minister zdrowia, mieszkanka powiatu ostrzeszowskiego r\u00f3wnie\u017c postanowi\u0142a da\u0107 czadu na koniec, ale co\u015b nie wychodzi.<\/strong><\/p>\n<p>Katarzyna S\u00f3jka ministrem zdrowia zosta\u0142a do\u015b\u0107 niespodziewanie. Wcze\u015bniej zdymisjonowany zosta\u0142 Adam Niedzielski za podejrzenie ujawnienia poufnych danych z recepty pacjenta. Ma\u0142o komu znana lekarka, sporadycznie przyjmuj\u0105ca pacjent\u00f3w w miejscowej przychodni i b\u0119d\u0105ca w zawieszonej wsp\u00f3\u0142pracy z ostrowskim szpitalem, obj\u0119\u0142a najwa\u017cniejsze stanowisko w Ministerstwie Zdrowia.<\/p>\n<p>Przez pierwsze dwa tygodnie by\u0142a nieobecna w mediach, a w internauci z wypiekami na twarzy ogl\u0105dali pa\u0142a\u0107 rodziny partnera, w kt\u00f3rym mo\u017ce wkr\u00f3tce zamieszka\u0107. Cz\u0119\u015b\u0107 komentator\u00f3w np. z dziennika Fakt por\u00f3wnuje go do Bia\u0142ego Domu z USA.<\/p>\n<p>P\u00f3\u017aniej pojawi\u0142y si\u0119 nie\u015bcis\u0142o\u015bci w o\u015bwiadczeniu maj\u0105tkowym, z kt\u00f3rego wynika\u0142o, \u017ce minister zdrowia po pierwsze nie ma na siebie ani mieszkania, domu czy samochodu, cho\u0107 na polityce zarobi\u0142a oko\u0142o 200 tys. z\u0142. Dziennikarze doszukali si\u0119, \u017ce na koncie ma wi\u0119cej oszcz\u0119dno\u015bci ni\u017c by wynika\u0142o z zarobk\u00f3w. S\u00f3jka wyja\u015bnia\u0142a, \u017ce zaci\u0105gn\u0119\u0142a kredyt na wi\u0119ksz\u0105 kwot\u0119, ale nie wyda\u0142a jej w ca\u0142o\u015bci i st\u0105d te &#8222;oszcz\u0119dno\u015bci&#8221;.<\/p>\n<p>Ca\u0142a Polska us\u0142ysza\u0142a, \u017ce minister S\u00f3jka bra\u0142a udzia\u0142 w potr\u0105ceniu rowerzysty, kt\u00f3ry jest jej sympatykiem. \u015aledczy wci\u0105\u017c wyja\u015bniaj\u0105 udzia\u0142 winy uczestnik\u00f3w tego zdarzenia.<\/p>\n<p><img loading=\"lazy\" decoding=\"async\" src=\"https:\/\/ostrowskatv.pl\/wp-content\/uploads\/2023\/10\/1000052014-01.jpeg\" alt=\"\" width=\"1084\" height=\"1366\" class=\"alignnone size-full wp-image-26600\" srcset=\"https:\/\/ostrowskatv.pl\/wp-content\/uploads\/2023\/10\/1000052014-01.jpeg 1084w, https:\/\/ostrowskatv.pl\/wp-content\/uploads\/2023\/10\/1000052014-01-238x300.jpeg 238w, https:\/\/ostrowskatv.pl\/wp-content\/uploads\/2023\/10\/1000052014-01-1058x1333.jpeg 1058w\" sizes=\"auto, (max-width: 1084px) 100vw, 1084px\" \/><\/p>\n<p><img loading=\"lazy\" decoding=\"async\" src=\"https:\/\/ostrowskatv.pl\/wp-content\/uploads\/2023\/10\/1000052018-01.jpeg\" alt=\"\" width=\"1366\" height=\"769\" class=\"alignnone size-full wp-image-26601\" srcset=\"https:\/\/ostrowskatv.pl\/wp-content\/uploads\/2023\/10\/1000052018-01.jpeg 1366w, https:\/\/ostrowskatv.pl\/wp-content\/uploads\/2023\/10\/1000052018-01-300x169.jpeg 300w, https:\/\/ostrowskatv.pl\/wp-content\/uploads\/2023\/10\/1000052018-01-1333x750.jpeg 1333w\" sizes=\"auto, (max-width: 1366px) 100vw, 1366px\" \/><\/p>\n<p>Na 2 dni przed cisz\u0105 wyborcz\u0105 Minister Zdrowia Katarzyna S\u00f3jka przyjecha\u0142a ze swoj\u0105 \u015bwit\u0105 do szpitali powiatowych w po\u0142udniowej Wielkopolsce. Wr\u0119cza\u0142a czeki z kwotami pieni\u0119dzy na inwestycje.<\/p>\n<p>Konferencj\u0119 prowadzi\u0142a jej rzecznik prasowa, kt\u00f3ra nie wiedzia\u0142a jak ma na imi\u0119 Marlena Mal\u0105g, obecna na konferencji Minister Rodziny i Polityki Spo\u0142ecznej. Podczas prezentacji rzeczniczka powiedzia\u0142a &#8222;Marzena Mal\u0105g&#8221;. Wzbudzi\u0142o to s\u0142uszne poruszenie w\u015br\u00f3d zgromadzonych.<\/p>\n<p>Kilka godzin wcze\u015bniej na profilu spo\u0142eczno\u015bciowym Ministerstwa Zdrowia podano nieprawid\u0142owy adres szpitala, w kt\u00f3rym mia\u0142o si\u0119 odby\u0107 spotkanie z dziennikarzami. Jak wida\u0107 za publiczne pieni\u0105dze s\u0105 zatrudniane osoby, kt\u00f3rym do pe\u0142nego profesjonalizmu troch\u0119 brakuje.<\/p>\n<p><img loading=\"lazy\" decoding=\"async\" src=\"https:\/\/ostrowskatv.pl\/wp-content\/uploads\/2023\/10\/Sojka-blad.jpg\" alt=\"\" width=\"1440\" height=\"1178\" class=\"alignnone size-full wp-image-26605\" srcset=\"https:\/\/ostrowskatv.pl\/wp-content\/uploads\/2023\/10\/Sojka-blad.jpg 1440w, https:\/\/ostrowskatv.pl\/wp-content\/uploads\/2023\/10\/Sojka-blad-300x245.jpg 300w, https:\/\/ostrowskatv.pl\/wp-content\/uploads\/2023\/10\/Sojka-blad-1333x1090.jpg 1333w\" sizes=\"auto, (max-width: 1440px) 100vw, 1440px\" \/><\/p>\n","protected":false},"excerpt":{"rendered":"Na finiszu kampanii widzimy pe\u0142no baner\u00f3w i bilbord\u00f3w. Wydaje si\u0119, \u017ce jest ich wi\u0119cej ni\u017c kiedykolwiek wcze\u015bniej. Politycy spotykaj\u0105 si\u0119 i prezentuj\u0105 dokonania. \n<a class=\"moretag\" href=\"https:\/\/ostrowskatv.pl\/?p=26597\"> [...]<\/a>","protected":false},"author":1,"featured_media":26602,"comment_status":"open","ping_status":"closed","sticky":false,"template":"","format":"standard","meta":{"footnotes":""},"categories":[1],"tags":[2],"class_list":["post-26597","post","type-post","status-publish","format-standard","has-post-thumbnail","hentry","category-news","tag-ostrow-wielkopolski"],"_links":{"self":[{"href":"https:\/\/ostrowskatv.pl\/index.php?rest_route=\/wp\/v2\/posts\/26597","targetHints":{"allow":["GET"]}}],"collection":[{"href":"https:\/\/ostrowskatv.pl\/index.php?rest_route=\/wp\/v2\/posts"}],"about":[{"href":"https:\/\/ostrowskatv.pl\/index.php?rest_route=\/wp\/v2\/types\/post"}],"author":[{"embeddable":true,"href":"https:\/\/ostrowskatv.pl\/index.php?rest_route=\/wp\/v2\/users\/1"}],"replies":[{"embeddable":true,"href":"https:\/\/ostrowskatv.pl\/index.php?rest_route=%2Fwp%2Fv2%2Fcomments&post=26597"}],"version-history":[{"count":0,"href":"https:\/\/ostrowskatv.pl\/index.php?rest_route=\/wp\/v2\/posts\/26597\/revisions"}],"wp:featuredmedia":[{"embeddable":true,"href":"https:\/\/ostrowskatv.pl\/index.php?rest_route=\/wp\/v2\/media\/26602"}],"wp:attachment":[{"href":"https:\/\/ostrowskatv.pl\/index.php?rest_route=%2Fwp%2Fv2%2Fmedia&parent=26597"}],"wp:term":[{"taxonomy":"category","embeddable":true,"href":"https:\/\/ostrowskatv.pl\/index.php?rest_route=%2Fwp%2Fv2%2Fcategories&post=26597"},{"taxonomy":"post_tag","embeddable":true,"href":"https:\/\/ostrowskatv.pl\/index.php?rest_route=%2Fwp%2Fv2%2Ftags&post=26597"}],"curies":[{"name":"wp","href":"https:\/\/api.w.org\/{rel}","templated":true}]}}