{"id":2657,"date":"2016-12-17T22:50:30","date_gmt":"2016-12-17T21:50:30","guid":{"rendered":"http:\/\/ostrowska.tv\/?p=2657"},"modified":"2016-12-18T00:00:09","modified_gmt":"2016-12-17T23:00:09","slug":"zaklocenia-na-sobotnim-protescie-wolne-media","status":"publish","type":"post","link":"https:\/\/ostrowskatv.pl\/?p=2657","title":{"rendered":"Zak\u0142\u00f3cenia na sobotnim prote\u015bcie &#8222;Wolne media&#8221; (wideo)"},"content":{"rendered":"<p><strong>Do konfrontacji pomi\u0119dzy grup\u0105 os\u00f3b skupionych wok\u00f3\u0142 idei &#8222;Wolne media&#8221;, a grup\u0105 pi\u0119ciu m\u0119\u017cczyzn dosz\u0142o w czasie sobotniego protestu. M\u0142odzi m\u0119\u017cczy\u017ani w wulgarny spos\u00f3b wyrazili dezaprobat\u0119 dla zgromadzonych &#8222;komuch\u00f3w&#8221; i innych &#8222;lewak\u00f3w&#8221;. G\u0142\u00f3wna grupa protestuj\u0105cych zaprosi\u0142a awanturnik\u00f3w do merytorycznej dyskusji, Ci jednak nie skorzystali.<\/strong><\/p>\n<p>Sobota 17 grudnia 2016 r. to drugi dzie\u0144 protest\u00f3w, kt\u00f3re s\u0105 organizowane w ca\u0142ej Polsce. Tym razem nie przeciwko zmianom w Trybunale Konstytucyjnym, a w sprawie ograniczenia przez Prawo i Sprawiedliwo\u015b\u0107 dotychczasowej wolno\u015bci przedstawicieli medi\u00f3w na terenie parlamentu. Na ostrowski Rynek przysz\u0142o 120 os\u00f3b. Najpierw przemawiali przedstawiciele r\u00f3\u017cnych grup. Po oznaczeniach mo\u017cna stwierdzi\u0107, \u017ce byli to osoby skupione wok\u00f3\u0142 partii Platforma Obywatelska, .Nowoczesna oraz s\u0142ynnym Komitecie Obrony Demokracji.<\/p>\n<p>Po kilkunastu minutach zza drewnianych domk\u00f3w wysz\u0142o 6 m\u0119\u017cczyzn, zachowuj\u0105cych si\u0119 jakby byli odurzeni alkoholem i w nieparlamentarnych s\u0142owach prowokowali uczestnik\u00f3w g\u0142\u00f3wnego protestu. Mo\u017cna by si\u0119 zastanowi\u0107 gdzie by\u0142a prewencja? W Kaliszu by\u0142y patrole, kt\u00f3re zabezpiecza\u0142y bliskie otoczenie protestuj\u0105cych. Tym razem nie by\u0142o ani jednego policjanta. Przypomnijmy, \u017ce gdy m\u0142odzie\u017c w formie zabawy zorganizowa\u0142a &#8222;wojn\u0119 na poduszki&#8221; na polanie Parku Miejskiego, w\u00f3wczas pojawi\u0142o si\u0119 sze\u015b\u0107 radiowoz\u00f3w. Zreszt\u0105 policja bardzo ch\u0119tnie kontrolowa\u0142a i n\u0119ka\u0142a w inny spos\u00f3b protestuj\u0105cych w sprawie budowy Obwodnicy Ostrowa Wlkp. II etap.<\/p>\n<p><iframe loading=\"lazy\" width=\"560\" height=\"315\" src=\"https:\/\/www.youtube.com\/embed\/dLZq4xLbKZc\" frameborder=\"0\" allowfullscreen><\/iframe><\/p>\n<div id='gallery-1' class='gallery galleryid-2657 gallery-columns-3 gallery-size-thumbnail'><figure class='gallery-item'>\n\t\t\t<div class='gallery-icon landscape'>\n\t\t\t\t<a href='https:\/\/ostrowskatv.pl\/?attachment_id=2658'><img loading=\"lazy\" decoding=\"async\" width=\"150\" height=\"150\" src=\"https:\/\/ostrowskatv.pl\/wp-content\/uploads\/2016\/12\/kod-konstytucja-150x150.jpg\" class=\"attachment-thumbnail size-thumbnail\" alt=\"\" \/><\/a>\n\t\t\t<\/div><\/figure><figure class='gallery-item'>\n\t\t\t<div class='gallery-icon landscape'>\n\t\t\t\t<a href='https:\/\/ostrowskatv.pl\/?attachment_id=2659'><img loading=\"lazy\" decoding=\"async\" width=\"150\" height=\"150\" src=\"https:\/\/ostrowskatv.pl\/wp-content\/uploads\/2016\/12\/pis-protest-150x150.jpg\" class=\"attachment-thumbnail size-thumbnail\" alt=\"\" \/><\/a>\n\t\t\t<\/div><\/figure><figure class='gallery-item'>\n\t\t\t<div class='gallery-icon portrait'>\n\t\t\t\t<a href='https:\/\/ostrowskatv.pl\/?attachment_id=2660'><img loading=\"lazy\" decoding=\"async\" width=\"150\" height=\"150\" src=\"https:\/\/ostrowskatv.pl\/wp-content\/uploads\/2016\/12\/pis-protest-2-150x150.jpg\" class=\"attachment-thumbnail size-thumbnail\" alt=\"\" \/><\/a>\n\t\t\t<\/div><\/figure><figure class='gallery-item'>\n\t\t\t<div class='gallery-icon landscape'>\n\t\t\t\t<a href='https:\/\/ostrowskatv.pl\/?attachment_id=2661'><img loading=\"lazy\" decoding=\"async\" width=\"150\" height=\"150\" src=\"https:\/\/ostrowskatv.pl\/wp-content\/uploads\/2016\/12\/pis-protest-3-150x150.jpg\" class=\"attachment-thumbnail size-thumbnail\" alt=\"\" \/><\/a>\n\t\t\t<\/div><\/figure><figure class='gallery-item'>\n\t\t\t<div class='gallery-icon landscape'>\n\t\t\t\t<a href='https:\/\/ostrowskatv.pl\/?attachment_id=2662'><img loading=\"lazy\" decoding=\"async\" width=\"150\" height=\"150\" src=\"https:\/\/ostrowskatv.pl\/wp-content\/uploads\/2016\/12\/pis-protest-4-150x150.jpg\" class=\"attachment-thumbnail size-thumbnail\" alt=\"\" \/><\/a>\n\t\t\t<\/div><\/figure><figure class='gallery-item'>\n\t\t\t<div class='gallery-icon landscape'>\n\t\t\t\t<a href='https:\/\/ostrowskatv.pl\/?attachment_id=2663'><img loading=\"lazy\" decoding=\"async\" width=\"150\" height=\"150\" src=\"https:\/\/ostrowskatv.pl\/wp-content\/uploads\/2016\/12\/pis-protest-5-150x150.jpg\" class=\"attachment-thumbnail size-thumbnail\" alt=\"\" \/><\/a>\n\t\t\t<\/div><\/figure><figure class='gallery-item'>\n\t\t\t<div class='gallery-icon landscape'>\n\t\t\t\t<a href='https:\/\/ostrowskatv.pl\/?attachment_id=2664'><img loading=\"lazy\" decoding=\"async\" width=\"150\" height=\"150\" src=\"https:\/\/ostrowskatv.pl\/wp-content\/uploads\/2016\/12\/pis-protest-6-150x150.jpg\" class=\"attachment-thumbnail size-thumbnail\" alt=\"\" \/><\/a>\n\t\t\t<\/div><\/figure><figure class='gallery-item'>\n\t\t\t<div class='gallery-icon landscape'>\n\t\t\t\t<a href='https:\/\/ostrowskatv.pl\/?attachment_id=2665'><img loading=\"lazy\" decoding=\"async\" width=\"150\" height=\"150\" src=\"https:\/\/ostrowskatv.pl\/wp-content\/uploads\/2016\/12\/protest-kod-150x150.jpg\" class=\"attachment-thumbnail size-thumbnail\" alt=\"\" \/><\/a>\n\t\t\t<\/div><\/figure><figure class='gallery-item'>\n\t\t\t<div class='gallery-icon landscape'>\n\t\t\t\t<a href='https:\/\/ostrowskatv.pl\/?attachment_id=2666'><img loading=\"lazy\" decoding=\"async\" width=\"150\" height=\"150\" src=\"https:\/\/ostrowskatv.pl\/wp-content\/uploads\/2016\/12\/tablica-pis-150x150.jpg\" class=\"attachment-thumbnail size-thumbnail\" alt=\"\" \/><\/a>\n\t\t\t<\/div><\/figure><figure class='gallery-item'>\n\t\t\t<div class='gallery-icon landscape'>\n\t\t\t\t<a href='https:\/\/ostrowskatv.pl\/?attachment_id=2667'><img loading=\"lazy\" decoding=\"async\" width=\"150\" height=\"150\" src=\"https:\/\/ostrowskatv.pl\/wp-content\/uploads\/2016\/12\/tlum-wolne-media-01-150x150.jpg\" class=\"attachment-thumbnail size-thumbnail\" alt=\"\" \/><\/a>\n\t\t\t<\/div><\/figure>\n\t\t<\/div>\n\n","protected":false},"excerpt":{"rendered":"Do konfrontacji pomi\u0119dzy grup\u0105 os\u00f3b skupionych wok\u00f3\u0142 idei &#8222;Wolne media&#8221;, a grup\u0105 pi\u0119ciu m\u0119\u017cczyzn dosz\u0142o w czasie sobotniego protestu. M\u0142odzi m\u0119\u017cczy\u017ani w wulgarny \n<a class=\"moretag\" href=\"https:\/\/ostrowskatv.pl\/?p=2657\"> [...]<\/a>","protected":false},"author":1,"featured_media":2665,"comment_status":"open","ping_status":"open","sticky":false,"template":"","format":"standard","meta":{"footnotes":""},"categories":[1],"tags":[2],"class_list":["post-2657","post","type-post","status-publish","format-standard","has-post-thumbnail","hentry","category-news","tag-ostrow-wielkopolski"],"_links":{"self":[{"href":"https:\/\/ostrowskatv.pl\/index.php?rest_route=\/wp\/v2\/posts\/2657","targetHints":{"allow":["GET"]}}],"collection":[{"href":"https:\/\/ostrowskatv.pl\/index.php?rest_route=\/wp\/v2\/posts"}],"about":[{"href":"https:\/\/ostrowskatv.pl\/index.php?rest_route=\/wp\/v2\/types\/post"}],"author":[{"embeddable":true,"href":"https:\/\/ostrowskatv.pl\/index.php?rest_route=\/wp\/v2\/users\/1"}],"replies":[{"embeddable":true,"href":"https:\/\/ostrowskatv.pl\/index.php?rest_route=%2Fwp%2Fv2%2Fcomments&post=2657"}],"version-history":[{"count":0,"href":"https:\/\/ostrowskatv.pl\/index.php?rest_route=\/wp\/v2\/posts\/2657\/revisions"}],"wp:featuredmedia":[{"embeddable":true,"href":"https:\/\/ostrowskatv.pl\/index.php?rest_route=\/wp\/v2\/media\/2665"}],"wp:attachment":[{"href":"https:\/\/ostrowskatv.pl\/index.php?rest_route=%2Fwp%2Fv2%2Fmedia&parent=2657"}],"wp:term":[{"taxonomy":"category","embeddable":true,"href":"https:\/\/ostrowskatv.pl\/index.php?rest_route=%2Fwp%2Fv2%2Fcategories&post=2657"},{"taxonomy":"post_tag","embeddable":true,"href":"https:\/\/ostrowskatv.pl\/index.php?rest_route=%2Fwp%2Fv2%2Ftags&post=2657"}],"curies":[{"name":"wp","href":"https:\/\/api.w.org\/{rel}","templated":true}]}}