{"id":26528,"date":"2023-10-08T08:35:59","date_gmt":"2023-10-08T07:35:59","guid":{"rendered":"https:\/\/ostrowskatv.pl\/?p=26528"},"modified":"2023-10-08T08:35:59","modified_gmt":"2023-10-08T07:35:59","slug":"roztargniona-kobieta-rozbila-mercedesa-zdjecia","status":"publish","type":"post","link":"https:\/\/ostrowskatv.pl\/?p=26528","title":{"rendered":"Roztargniona kobieta rozbi\u0142a mercedesa (ZDJ\u0118CIA)"},"content":{"rendered":"<p><strong>O godzinie 23 na skrzy\u017cowaniu ulic Led\u00f3chowskiego oraz Strzeleckiej dosz\u0142o do zderzenia dw\u00f3ch aut osobowych. Na miejsce wys\u0142ano stra\u017c po\u017carn\u0105 oraz policj\u0119.<br \/>\n<\/strong><\/p>\n<p>Kobieta z Przygodzic kieruj\u0105c citroenem c3 nie ust\u0105pi\u0142a pierwsze\u0144stwa i doprowadzi\u0142a do zderzenia z mercedesem z powiatu ostrzeszowskiego. W efekcie jedno z aut wpad\u0142o na barierki i skasowa\u0142o znak informuj\u0105cy o przej\u015bciu dla pieszych.<\/p>\n<p>Na miejscu opr\u00f3cz policji pojawili si\u0119 stra\u017cacy, kt\u00f3rzy usun\u0119li pozosta\u0142o\u015bci po kolizji i zabezpieczyli elementy infrastruktury drogowej.<\/p>\n<p>Przypominamy, \u017ce w godzinach nocnych \u015bwiat\u0142a sygnalizacji przechodz\u0105 w tryb pulsuj\u0105cego \u017c\u00f3\u0142tego \u015bwiat\u0142a. <\/p>\n<p><img loading=\"lazy\" decoding=\"async\" src=\"https:\/\/ostrowskatv.pl\/wp-content\/uploads\/2023\/10\/1000051395-01.jpeg\" alt=\"\" width=\"1366\" height=\"768\" class=\"alignnone size-full wp-image-26529\" srcset=\"https:\/\/ostrowskatv.pl\/wp-content\/uploads\/2023\/10\/1000051395-01.jpeg 1366w, https:\/\/ostrowskatv.pl\/wp-content\/uploads\/2023\/10\/1000051395-01-300x169.jpeg 300w, https:\/\/ostrowskatv.pl\/wp-content\/uploads\/2023\/10\/1000051395-01-1333x749.jpeg 1333w\" sizes=\"auto, (max-width: 1366px) 100vw, 1366px\" \/><\/p>\n<p><img loading=\"lazy\" decoding=\"async\" src=\"https:\/\/ostrowskatv.pl\/wp-content\/uploads\/2023\/10\/1000051383-01.jpeg\" alt=\"\" width=\"1366\" height=\"769\" class=\"alignnone size-full wp-image-26530\" srcset=\"https:\/\/ostrowskatv.pl\/wp-content\/uploads\/2023\/10\/1000051383-01.jpeg 1366w, https:\/\/ostrowskatv.pl\/wp-content\/uploads\/2023\/10\/1000051383-01-300x169.jpeg 300w, https:\/\/ostrowskatv.pl\/wp-content\/uploads\/2023\/10\/1000051383-01-1333x750.jpeg 1333w\" sizes=\"auto, (max-width: 1366px) 100vw, 1366px\" \/><\/p>\n<p><img loading=\"lazy\" decoding=\"async\" src=\"https:\/\/ostrowskatv.pl\/wp-content\/uploads\/2023\/10\/1000051382-01.jpeg\" alt=\"\" width=\"1366\" height=\"769\" class=\"alignnone size-full wp-image-26531\" srcset=\"https:\/\/ostrowskatv.pl\/wp-content\/uploads\/2023\/10\/1000051382-01.jpeg 1366w, https:\/\/ostrowskatv.pl\/wp-content\/uploads\/2023\/10\/1000051382-01-300x169.jpeg 300w, https:\/\/ostrowskatv.pl\/wp-content\/uploads\/2023\/10\/1000051382-01-1333x750.jpeg 1333w\" sizes=\"auto, (max-width: 1366px) 100vw, 1366px\" \/><\/p>\n<p><img loading=\"lazy\" decoding=\"async\" src=\"https:\/\/ostrowskatv.pl\/wp-content\/uploads\/2023\/10\/1000051381-01.jpeg\" alt=\"\" width=\"1366\" height=\"769\" class=\"alignnone size-full wp-image-26532\" srcset=\"https:\/\/ostrowskatv.pl\/wp-content\/uploads\/2023\/10\/1000051381-01.jpeg 1366w, https:\/\/ostrowskatv.pl\/wp-content\/uploads\/2023\/10\/1000051381-01-300x169.jpeg 300w, https:\/\/ostrowskatv.pl\/wp-content\/uploads\/2023\/10\/1000051381-01-1333x750.jpeg 1333w\" sizes=\"auto, (max-width: 1366px) 100vw, 1366px\" \/><\/p>\n<p><img loading=\"lazy\" decoding=\"async\" src=\"https:\/\/ostrowskatv.pl\/wp-content\/uploads\/2023\/10\/1000051380-01.jpeg\" alt=\"\" width=\"1366\" height=\"769\" class=\"alignnone size-full wp-image-26533\" srcset=\"https:\/\/ostrowskatv.pl\/wp-content\/uploads\/2023\/10\/1000051380-01.jpeg 1366w, https:\/\/ostrowskatv.pl\/wp-content\/uploads\/2023\/10\/1000051380-01-300x169.jpeg 300w, https:\/\/ostrowskatv.pl\/wp-content\/uploads\/2023\/10\/1000051380-01-1333x750.jpeg 1333w\" sizes=\"auto, (max-width: 1366px) 100vw, 1366px\" \/><\/p>\n<p><img loading=\"lazy\" decoding=\"async\" src=\"https:\/\/ostrowskatv.pl\/wp-content\/uploads\/2023\/10\/1000051379-01.jpeg\" alt=\"\" width=\"1366\" height=\"610\" class=\"alignnone size-full wp-image-26534\" srcset=\"https:\/\/ostrowskatv.pl\/wp-content\/uploads\/2023\/10\/1000051379-01.jpeg 1366w, https:\/\/ostrowskatv.pl\/wp-content\/uploads\/2023\/10\/1000051379-01-300x134.jpeg 300w, https:\/\/ostrowskatv.pl\/wp-content\/uploads\/2023\/10\/1000051379-01-1333x595.jpeg 1333w\" sizes=\"auto, (max-width: 1366px) 100vw, 1366px\" \/><\/p>\n<p><img loading=\"lazy\" decoding=\"async\" src=\"https:\/\/ostrowskatv.pl\/wp-content\/uploads\/2023\/10\/1000051378-01.jpeg\" alt=\"\" width=\"1366\" height=\"769\" class=\"alignnone size-full wp-image-26535\" srcset=\"https:\/\/ostrowskatv.pl\/wp-content\/uploads\/2023\/10\/1000051378-01.jpeg 1366w, https:\/\/ostrowskatv.pl\/wp-content\/uploads\/2023\/10\/1000051378-01-300x169.jpeg 300w, https:\/\/ostrowskatv.pl\/wp-content\/uploads\/2023\/10\/1000051378-01-1333x750.jpeg 1333w\" sizes=\"auto, (max-width: 1366px) 100vw, 1366px\" \/><\/p>\n<p><img loading=\"lazy\" decoding=\"async\" src=\"https:\/\/ostrowskatv.pl\/wp-content\/uploads\/2023\/10\/1000051376-01.jpeg\" alt=\"\" width=\"1366\" height=\"631\" class=\"alignnone size-full wp-image-26536\" srcset=\"https:\/\/ostrowskatv.pl\/wp-content\/uploads\/2023\/10\/1000051376-01.jpeg 1366w, https:\/\/ostrowskatv.pl\/wp-content\/uploads\/2023\/10\/1000051376-01-300x139.jpeg 300w, https:\/\/ostrowskatv.pl\/wp-content\/uploads\/2023\/10\/1000051376-01-1333x616.jpeg 1333w\" sizes=\"auto, (max-width: 1366px) 100vw, 1366px\" \/><\/p>\n","protected":false},"excerpt":{"rendered":"O godzinie 23 na skrzy\u017cowaniu ulic Led\u00f3chowskiego oraz Strzeleckiej dosz\u0142o do zderzenia dw\u00f3ch aut osobowych. Na miejsce wys\u0142ano stra\u017c po\u017carn\u0105 oraz policj\u0119. Kobieta \n<a class=\"moretag\" href=\"https:\/\/ostrowskatv.pl\/?p=26528\"> [...]<\/a>","protected":false},"author":1,"featured_media":26533,"comment_status":"open","ping_status":"closed","sticky":false,"template":"","format":"standard","meta":{"footnotes":""},"categories":[1],"tags":[48],"class_list":["post-26528","post","type-post","status-publish","format-standard","has-post-thumbnail","hentry","category-news","tag-kolizja"],"_links":{"self":[{"href":"https:\/\/ostrowskatv.pl\/index.php?rest_route=\/wp\/v2\/posts\/26528","targetHints":{"allow":["GET"]}}],"collection":[{"href":"https:\/\/ostrowskatv.pl\/index.php?rest_route=\/wp\/v2\/posts"}],"about":[{"href":"https:\/\/ostrowskatv.pl\/index.php?rest_route=\/wp\/v2\/types\/post"}],"author":[{"embeddable":true,"href":"https:\/\/ostrowskatv.pl\/index.php?rest_route=\/wp\/v2\/users\/1"}],"replies":[{"embeddable":true,"href":"https:\/\/ostrowskatv.pl\/index.php?rest_route=%2Fwp%2Fv2%2Fcomments&post=26528"}],"version-history":[{"count":0,"href":"https:\/\/ostrowskatv.pl\/index.php?rest_route=\/wp\/v2\/posts\/26528\/revisions"}],"wp:featuredmedia":[{"embeddable":true,"href":"https:\/\/ostrowskatv.pl\/index.php?rest_route=\/wp\/v2\/media\/26533"}],"wp:attachment":[{"href":"https:\/\/ostrowskatv.pl\/index.php?rest_route=%2Fwp%2Fv2%2Fmedia&parent=26528"}],"wp:term":[{"taxonomy":"category","embeddable":true,"href":"https:\/\/ostrowskatv.pl\/index.php?rest_route=%2Fwp%2Fv2%2Fcategories&post=26528"},{"taxonomy":"post_tag","embeddable":true,"href":"https:\/\/ostrowskatv.pl\/index.php?rest_route=%2Fwp%2Fv2%2Ftags&post=26528"}],"curies":[{"name":"wp","href":"https:\/\/api.w.org\/{rel}","templated":true}]}}