{"id":26525,"date":"2023-10-07T10:26:56","date_gmt":"2023-10-07T09:26:56","guid":{"rendered":"https:\/\/ostrowskatv.pl\/?p=26525"},"modified":"2023-10-07T10:26:56","modified_gmt":"2023-10-07T09:26:56","slug":"nikt-nie-poparl-posla-urbaniaka","status":"publish","type":"post","link":"https:\/\/ostrowskatv.pl\/?p=26525","title":{"rendered":"Nikt nie popar\u0142 pos\u0142a Urbaniaka"},"content":{"rendered":"<p><strong>Dzisiaj na ostrowskim Rynku odby\u0142a si\u0119 konferencja prasowa, na kt\u00f3rej pojawi\u0142 si\u0119 Marsza\u0142ek Grzegorz Schetyna. Udzieli\u0142 on poparcia Ewie Mateckiej startuj\u0105cej do Senatu oraz Mariuszowi Witczakowi, pos\u0142owie z Kalisza.<\/strong><\/p>\n<p>To symboliczne wydarzenie pokaza\u0142o, \u017ce wewn\u0105trz Platformy Obywatelskiej s\u0105 k\u0142\u00f3tnie. Wszystko zacz\u0119\u0142o si\u0119 od zdegradowania dotychczasowego lidera listy w okr\u0119gu kalisko-leszczy\u0144skim na pozycj\u0119 7. Jego miejsce zaj\u0105\u0142 Jaros\u0142aw Urbaniak z Ostrowa Wielkopolskiego, kt\u00f3ry przegra\u0142 wybory prezydenckie z Beat\u0105 Klimek.<\/p>\n<p>W kuluarach m\u00f3wi\u0142o si\u0119, \u017ce Witczak jest &#8222;cz\u0142owiekiem Schetyny&#8221;, a teraz stery w partii przej\u0105\u0142 Donald Tusk. Ca\u0142a lista Koalicji Obywatelskiej zosta\u0142a u\u0142o\u017cona tak, \u017ce Jaros\u0142aw Urbaniak nie ma \u017cadnego konkurenta w Ostrowie Wielkopolskim, natomiast na drugie miejsce wsadzono Karolin\u0119 Pawliczak, kt\u00f3ra niedawno odesz\u0142a z Lewicy. Co ciekawe kiedy pe\u0142ni\u0142a funkcj\u0119 wiceprezydenta Kalisza, popar\u0142a kandydata z PiSu.<\/p>\n<p>Zaskakuj\u0105ce mo\u017ce by\u0107 r\u00f3wnie\u017c poparcie dla pos\u0142a Mariusza Witczaka przez senator Ew\u0119 Mateck\u0105, kt\u00f3ra pomin\u0119\u0142a Urbaniaka. By\u0107 mo\u017ce nie wszyscy s\u0105 zadowoleni z takiego lidera w tym regionie. <\/p>\n","protected":false},"excerpt":{"rendered":"Dzisiaj na ostrowskim Rynku odby\u0142a si\u0119 konferencja prasowa, na kt\u00f3rej pojawi\u0142 si\u0119 Marsza\u0142ek Grzegorz Schetyna. Udzieli\u0142 on poparcia Ewie Mateckiej startuj\u0105cej do Senatu \n<a class=\"moretag\" href=\"https:\/\/ostrowskatv.pl\/?p=26525\"> [...]<\/a>","protected":false},"author":1,"featured_media":26526,"comment_status":"open","ping_status":"closed","sticky":false,"template":"","format":"standard","meta":{"footnotes":""},"categories":[1],"tags":[2],"class_list":["post-26525","post","type-post","status-publish","format-standard","has-post-thumbnail","hentry","category-news","tag-ostrow-wielkopolski"],"_links":{"self":[{"href":"https:\/\/ostrowskatv.pl\/index.php?rest_route=\/wp\/v2\/posts\/26525","targetHints":{"allow":["GET"]}}],"collection":[{"href":"https:\/\/ostrowskatv.pl\/index.php?rest_route=\/wp\/v2\/posts"}],"about":[{"href":"https:\/\/ostrowskatv.pl\/index.php?rest_route=\/wp\/v2\/types\/post"}],"author":[{"embeddable":true,"href":"https:\/\/ostrowskatv.pl\/index.php?rest_route=\/wp\/v2\/users\/1"}],"replies":[{"embeddable":true,"href":"https:\/\/ostrowskatv.pl\/index.php?rest_route=%2Fwp%2Fv2%2Fcomments&post=26525"}],"version-history":[{"count":0,"href":"https:\/\/ostrowskatv.pl\/index.php?rest_route=\/wp\/v2\/posts\/26525\/revisions"}],"wp:featuredmedia":[{"embeddable":true,"href":"https:\/\/ostrowskatv.pl\/index.php?rest_route=\/wp\/v2\/media\/26526"}],"wp:attachment":[{"href":"https:\/\/ostrowskatv.pl\/index.php?rest_route=%2Fwp%2Fv2%2Fmedia&parent=26525"}],"wp:term":[{"taxonomy":"category","embeddable":true,"href":"https:\/\/ostrowskatv.pl\/index.php?rest_route=%2Fwp%2Fv2%2Fcategories&post=26525"},{"taxonomy":"post_tag","embeddable":true,"href":"https:\/\/ostrowskatv.pl\/index.php?rest_route=%2Fwp%2Fv2%2Ftags&post=26525"}],"curies":[{"name":"wp","href":"https:\/\/api.w.org\/{rel}","templated":true}]}}