{"id":26520,"date":"2023-10-06T14:32:39","date_gmt":"2023-10-06T13:32:39","guid":{"rendered":"https:\/\/ostrowskatv.pl\/?p=26520"},"modified":"2023-10-06T14:32:39","modified_gmt":"2023-10-06T13:32:39","slug":"dziecko-wpadlo-pod-hulajnoge","status":"publish","type":"post","link":"https:\/\/ostrowskatv.pl\/?p=26520","title":{"rendered":"Dziecko wpad\u0142o pod hulajnog\u0119"},"content":{"rendered":"<p><strong>7-letni ch\u0142opiec nie przewidzia\u0142, \u017ce na po \u015bcie\u017cce rowerowej mo\u017ce si\u0119 porusza\u0107 jakikolwiek pojazd i bez upewnienia si\u0119 wyszed\u0142 dynamicznie zza zaparkowanego auta.<\/strong><\/p>\n<p>W tym momencie zosta\u0142 potr\u0105cony przez 24-latka  jad\u0105cego z niema\u0142\u0105 pr\u0119dko\u015bci\u0105 na hulajnodze. Jak sam przyzna\u0142 pr\u0119dko\u015b\u0107 mog\u0142a wynosi\u0107 30-35 km\/h, czyli wi\u0119cej ni\u017c dopuszczaj\u0105 przepisy.<\/p>\n<p>Dziecko zabrano karetk\u0105 do szpitala, ale tam na szcz\u0119\u015bcie urazy nogi i g\u0142owy nie okaza\u0142y si\u0119 gro\u017ane. Zdarzenie zakwalifikowano jako kolizj\u0119. W takich sytuacjach dziecko jest upominane w obecno\u015bci rodzica.<\/p>\n<p><img loading=\"lazy\" decoding=\"async\" src=\"https:\/\/ostrowskatv.pl\/wp-content\/uploads\/2023\/10\/1000051127-01.jpeg\" alt=\"\" width=\"624\" height=\"1365\" class=\"alignnone size-full wp-image-26521\" srcset=\"https:\/\/ostrowskatv.pl\/wp-content\/uploads\/2023\/10\/1000051127-01.jpeg 624w, https:\/\/ostrowskatv.pl\/wp-content\/uploads\/2023\/10\/1000051127-01-137x300.jpeg 137w, https:\/\/ostrowskatv.pl\/wp-content\/uploads\/2023\/10\/1000051127-01-609x1333.jpeg 609w\" sizes=\"auto, (max-width: 624px) 100vw, 624px\" \/><\/p>\n<p><img loading=\"lazy\" decoding=\"async\" src=\"https:\/\/ostrowskatv.pl\/wp-content\/uploads\/2023\/10\/1000051125-01.jpeg\" alt=\"\" width=\"1366\" height=\"555\" class=\"alignnone size-full wp-image-26522\" srcset=\"https:\/\/ostrowskatv.pl\/wp-content\/uploads\/2023\/10\/1000051125-01.jpeg 1366w, https:\/\/ostrowskatv.pl\/wp-content\/uploads\/2023\/10\/1000051125-01-300x122.jpeg 300w, https:\/\/ostrowskatv.pl\/wp-content\/uploads\/2023\/10\/1000051125-01-1333x542.jpeg 1333w\" sizes=\"auto, (max-width: 1366px) 100vw, 1366px\" \/><\/p>\n<p><img loading=\"lazy\" decoding=\"async\" src=\"https:\/\/ostrowskatv.pl\/wp-content\/uploads\/2023\/10\/1000051124-01.jpeg\" alt=\"\" width=\"1331\" height=\"737\" class=\"alignnone size-full wp-image-26523\" srcset=\"https:\/\/ostrowskatv.pl\/wp-content\/uploads\/2023\/10\/1000051124-01.jpeg 1331w, https:\/\/ostrowskatv.pl\/wp-content\/uploads\/2023\/10\/1000051124-01-300x166.jpeg 300w\" sizes=\"auto, (max-width: 1331px) 100vw, 1331px\" \/><\/p>\n","protected":false},"excerpt":{"rendered":"7-letni ch\u0142opiec nie przewidzia\u0142, \u017ce na po \u015bcie\u017cce rowerowej mo\u017ce si\u0119 porusza\u0107 jakikolwiek pojazd i bez upewnienia si\u0119 wyszed\u0142 dynamicznie zza zaparkowanego auta. \n<a class=\"moretag\" href=\"https:\/\/ostrowskatv.pl\/?p=26520\"> [...]<\/a>","protected":false},"author":1,"featured_media":26523,"comment_status":"open","ping_status":"closed","sticky":false,"template":"","format":"standard","meta":{"footnotes":""},"categories":[1],"tags":[244],"class_list":["post-26520","post","type-post","status-publish","format-standard","has-post-thumbnail","hentry","category-news","tag-hulajnoga"],"_links":{"self":[{"href":"https:\/\/ostrowskatv.pl\/index.php?rest_route=\/wp\/v2\/posts\/26520","targetHints":{"allow":["GET"]}}],"collection":[{"href":"https:\/\/ostrowskatv.pl\/index.php?rest_route=\/wp\/v2\/posts"}],"about":[{"href":"https:\/\/ostrowskatv.pl\/index.php?rest_route=\/wp\/v2\/types\/post"}],"author":[{"embeddable":true,"href":"https:\/\/ostrowskatv.pl\/index.php?rest_route=\/wp\/v2\/users\/1"}],"replies":[{"embeddable":true,"href":"https:\/\/ostrowskatv.pl\/index.php?rest_route=%2Fwp%2Fv2%2Fcomments&post=26520"}],"version-history":[{"count":0,"href":"https:\/\/ostrowskatv.pl\/index.php?rest_route=\/wp\/v2\/posts\/26520\/revisions"}],"wp:featuredmedia":[{"embeddable":true,"href":"https:\/\/ostrowskatv.pl\/index.php?rest_route=\/wp\/v2\/media\/26523"}],"wp:attachment":[{"href":"https:\/\/ostrowskatv.pl\/index.php?rest_route=%2Fwp%2Fv2%2Fmedia&parent=26520"}],"wp:term":[{"taxonomy":"category","embeddable":true,"href":"https:\/\/ostrowskatv.pl\/index.php?rest_route=%2Fwp%2Fv2%2Fcategories&post=26520"},{"taxonomy":"post_tag","embeddable":true,"href":"https:\/\/ostrowskatv.pl\/index.php?rest_route=%2Fwp%2Fv2%2Ftags&post=26520"}],"curies":[{"name":"wp","href":"https:\/\/api.w.org\/{rel}","templated":true}]}}