{"id":26498,"date":"2023-10-06T09:35:47","date_gmt":"2023-10-06T08:35:47","guid":{"rendered":"https:\/\/ostrowskatv.pl\/?p=26498"},"modified":"2023-10-06T09:41:35","modified_gmt":"2023-10-06T08:41:35","slug":"renault-wjechalo-w-motocykliste","status":"publish","type":"post","link":"https:\/\/ostrowskatv.pl\/?p=26498","title":{"rendered":"Renault wjecha\u0142o w motocyklist\u0119"},"content":{"rendered":"<p><strong>Chwil\u0119 przed godzin\u0105 8 rano dosz\u0142o do wypadku z udzia\u0142em skutera i samochodu osobowego. Kierowc\u0119 jedno\u015bladu odwieziono do szpitala.<\/strong><\/p>\n<p>Ze wst\u0119pnych ustale\u0144 wynika, \u017ce 36-letni kierowca renault (ostrowianin) nie ust\u0105pi\u0142 pierwsze\u0144stwa i zderzy\u0142 si\u0119 z motocyklem, kt\u00f3rym kierowa\u0142 59-letni m\u0119\u017cczyzna. Oboje byli trze\u017awi. <\/p>\n<p>Do wypadku dosz\u0142o na skrzy\u017cowaniu ulic Ok\u00f3lnej i Kordeckiego w Ostrowie Wlkp.<\/p>\n<p><img loading=\"lazy\" decoding=\"async\" src=\"https:\/\/ostrowskatv.pl\/wp-content\/uploads\/2023\/10\/1000051180-01.jpeg\" alt=\"\" width=\"1366\" height=\"573\" class=\"alignnone size-full wp-image-26499\" srcset=\"https:\/\/ostrowskatv.pl\/wp-content\/uploads\/2023\/10\/1000051180-01.jpeg 1366w, https:\/\/ostrowskatv.pl\/wp-content\/uploads\/2023\/10\/1000051180-01-300x126.jpeg 300w, https:\/\/ostrowskatv.pl\/wp-content\/uploads\/2023\/10\/1000051180-01-1333x559.jpeg 1333w\" sizes=\"auto, (max-width: 1366px) 100vw, 1366px\" \/><\/p>\n<p><img loading=\"lazy\" decoding=\"async\" src=\"https:\/\/ostrowskatv.pl\/wp-content\/uploads\/2023\/10\/1000051176-01.jpeg\" alt=\"\" width=\"1366\" height=\"552\" class=\"alignnone size-full wp-image-26500\" srcset=\"https:\/\/ostrowskatv.pl\/wp-content\/uploads\/2023\/10\/1000051176-01.jpeg 1366w, https:\/\/ostrowskatv.pl\/wp-content\/uploads\/2023\/10\/1000051176-01-300x121.jpeg 300w, https:\/\/ostrowskatv.pl\/wp-content\/uploads\/2023\/10\/1000051176-01-1333x539.jpeg 1333w\" sizes=\"auto, (max-width: 1366px) 100vw, 1366px\" \/><\/p>\n<p><img loading=\"lazy\" decoding=\"async\" src=\"https:\/\/ostrowskatv.pl\/wp-content\/uploads\/2023\/10\/1000051175-01.jpeg\" alt=\"\" width=\"1365\" height=\"787\" class=\"alignnone size-full wp-image-26501\" srcset=\"https:\/\/ostrowskatv.pl\/wp-content\/uploads\/2023\/10\/1000051175-01.jpeg 1365w, https:\/\/ostrowskatv.pl\/wp-content\/uploads\/2023\/10\/1000051175-01-300x173.jpeg 300w, https:\/\/ostrowskatv.pl\/wp-content\/uploads\/2023\/10\/1000051175-01-1333x769.jpeg 1333w\" sizes=\"auto, (max-width: 1365px) 100vw, 1365px\" \/><\/p>\n<p><img loading=\"lazy\" decoding=\"async\" src=\"https:\/\/ostrowskatv.pl\/wp-content\/uploads\/2023\/10\/1000051171-01.jpeg\" alt=\"\" width=\"1366\" height=\"695\" class=\"alignnone size-full wp-image-26502\" srcset=\"https:\/\/ostrowskatv.pl\/wp-content\/uploads\/2023\/10\/1000051171-01.jpeg 1366w, https:\/\/ostrowskatv.pl\/wp-content\/uploads\/2023\/10\/1000051171-01-300x153.jpeg 300w, https:\/\/ostrowskatv.pl\/wp-content\/uploads\/2023\/10\/1000051171-01-1333x678.jpeg 1333w\" sizes=\"auto, (max-width: 1366px) 100vw, 1366px\" \/><\/p>\n<p><img loading=\"lazy\" decoding=\"async\" src=\"https:\/\/ostrowskatv.pl\/wp-content\/uploads\/2023\/10\/1000051167-01.jpeg\" alt=\"\" width=\"1366\" height=\"607\" class=\"alignnone size-full wp-image-26503\" srcset=\"https:\/\/ostrowskatv.pl\/wp-content\/uploads\/2023\/10\/1000051167-01.jpeg 1366w, https:\/\/ostrowskatv.pl\/wp-content\/uploads\/2023\/10\/1000051167-01-300x133.jpeg 300w, https:\/\/ostrowskatv.pl\/wp-content\/uploads\/2023\/10\/1000051167-01-1333x592.jpeg 1333w\" sizes=\"auto, (max-width: 1366px) 100vw, 1366px\" \/><\/p>\n<p><img loading=\"lazy\" decoding=\"async\" src=\"https:\/\/ostrowskatv.pl\/wp-content\/uploads\/2023\/10\/1000051163-01.jpeg\" alt=\"\" width=\"1295\" height=\"679\" class=\"alignnone size-full wp-image-26504\" srcset=\"https:\/\/ostrowskatv.pl\/wp-content\/uploads\/2023\/10\/1000051163-01.jpeg 1295w, https:\/\/ostrowskatv.pl\/wp-content\/uploads\/2023\/10\/1000051163-01-300x157.jpeg 300w\" sizes=\"auto, (max-width: 1295px) 100vw, 1295px\" \/><\/p>\n","protected":false},"excerpt":{"rendered":"Chwil\u0119 przed godzin\u0105 8 rano dosz\u0142o do wypadku z udzia\u0142em skutera i samochodu osobowego. Kierowc\u0119 jedno\u015bladu odwieziono do szpitala. Ze wst\u0119pnych ustale\u0144 wynika, \n<a class=\"moretag\" href=\"https:\/\/ostrowskatv.pl\/?p=26498\"> [...]<\/a>","protected":false},"author":1,"featured_media":26499,"comment_status":"open","ping_status":"closed","sticky":false,"template":"","format":"standard","meta":{"footnotes":""},"categories":[1],"tags":[2],"class_list":["post-26498","post","type-post","status-publish","format-standard","has-post-thumbnail","hentry","category-news","tag-ostrow-wielkopolski"],"_links":{"self":[{"href":"https:\/\/ostrowskatv.pl\/index.php?rest_route=\/wp\/v2\/posts\/26498","targetHints":{"allow":["GET"]}}],"collection":[{"href":"https:\/\/ostrowskatv.pl\/index.php?rest_route=\/wp\/v2\/posts"}],"about":[{"href":"https:\/\/ostrowskatv.pl\/index.php?rest_route=\/wp\/v2\/types\/post"}],"author":[{"embeddable":true,"href":"https:\/\/ostrowskatv.pl\/index.php?rest_route=\/wp\/v2\/users\/1"}],"replies":[{"embeddable":true,"href":"https:\/\/ostrowskatv.pl\/index.php?rest_route=%2Fwp%2Fv2%2Fcomments&post=26498"}],"version-history":[{"count":0,"href":"https:\/\/ostrowskatv.pl\/index.php?rest_route=\/wp\/v2\/posts\/26498\/revisions"}],"wp:featuredmedia":[{"embeddable":true,"href":"https:\/\/ostrowskatv.pl\/index.php?rest_route=\/wp\/v2\/media\/26499"}],"wp:attachment":[{"href":"https:\/\/ostrowskatv.pl\/index.php?rest_route=%2Fwp%2Fv2%2Fmedia&parent=26498"}],"wp:term":[{"taxonomy":"category","embeddable":true,"href":"https:\/\/ostrowskatv.pl\/index.php?rest_route=%2Fwp%2Fv2%2Fcategories&post=26498"},{"taxonomy":"post_tag","embeddable":true,"href":"https:\/\/ostrowskatv.pl\/index.php?rest_route=%2Fwp%2Fv2%2Ftags&post=26498"}],"curies":[{"name":"wp","href":"https:\/\/api.w.org\/{rel}","templated":true}]}}