{"id":26468,"date":"2023-10-02T17:00:22","date_gmt":"2023-10-02T16:00:22","guid":{"rendered":"https:\/\/ostrowskatv.pl\/?p=26468"},"modified":"2023-10-02T17:09:41","modified_gmt":"2023-10-02T16:09:41","slug":"nie-dojechal-na-porod-zony-zdjecia","status":"publish","type":"post","link":"https:\/\/ostrowskatv.pl\/?p=26468","title":{"rendered":"Nie dojecha\u0142 na por\u00f3d \u017cony (ZDJ\u0118CIA)"},"content":{"rendered":"<p>Chwil\u0119 po godzinie 9 rano dosz\u0142o do zderzenia samochodu osobowego z busem nale\u017c\u0105cym do firmy kurierskiej. Kierowca busa uskar\u017ca\u0142 si\u0119 na b\u00f3l stopy.<\/p>\n<p>M\u0119\u017cczyzna kieruj\u0105c volkswagenem passatem jecha\u0142 alej\u0105 S\u0142owackiego i chcia\u0142 skr\u0119ci\u0107 w lewo w ulic\u0119 Limanowskiego. Spieszy\u0142 si\u0119, bowiem jego \u017cona zacz\u0119\u0142a rodzi\u0107 i chcia\u0142 uczestniczy\u0107 w tym jak\u017ce wyj\u0105tkowym momencie. <\/p>\n<p>Niestety pope\u0142ni\u0142 b\u0142\u0105d i skr\u0119ca\u0142 w lewo na czerwonej strza\u0142ce i zderzy\u0142 si\u0119 z busem firmy kurierskiej. Oba auta musia\u0142y odjecha\u0107 na lawetach. Stra\u017cacy zneutralizowali wyciek p\u0142ynu eksploatacyjnego oraz zabezpieczyli miejsce zdarzenia do czasu usuni\u0119cia uszkodzonych aut.<\/p>\n<p>Po pewnym czasie \u017cona zadzwoni\u0142a do niego z pytaniem gdzie jest. Ten nie chc\u0105c stresowa\u0107 ma\u0142\u017conki stwierdzi\u0142, \u017ce przebi\u0142 opon\u0119 i b\u0119dzie troszk\u0119 p\u00f3\u017aniej.<\/p>\n<p><img loading=\"lazy\" decoding=\"async\" src=\"https:\/\/ostrowskatv.pl\/wp-content\/uploads\/2023\/10\/1000050683-01.jpeg\" alt=\"\" width=\"1366\" height=\"769\" class=\"alignnone size-full wp-image-26469\" srcset=\"https:\/\/ostrowskatv.pl\/wp-content\/uploads\/2023\/10\/1000050683-01.jpeg 1366w, https:\/\/ostrowskatv.pl\/wp-content\/uploads\/2023\/10\/1000050683-01-300x169.jpeg 300w, https:\/\/ostrowskatv.pl\/wp-content\/uploads\/2023\/10\/1000050683-01-1333x750.jpeg 1333w\" sizes=\"auto, (max-width: 1366px) 100vw, 1366px\" \/><\/p>\n<p><img loading=\"lazy\" decoding=\"async\" src=\"https:\/\/ostrowskatv.pl\/wp-content\/uploads\/2023\/10\/1000050676-01.jpeg\" alt=\"\" width=\"1366\" height=\"769\" class=\"alignnone size-full wp-image-26470\" srcset=\"https:\/\/ostrowskatv.pl\/wp-content\/uploads\/2023\/10\/1000050676-01.jpeg 1366w, https:\/\/ostrowskatv.pl\/wp-content\/uploads\/2023\/10\/1000050676-01-300x169.jpeg 300w, https:\/\/ostrowskatv.pl\/wp-content\/uploads\/2023\/10\/1000050676-01-1333x750.jpeg 1333w\" sizes=\"auto, (max-width: 1366px) 100vw, 1366px\" \/><\/p>\n<p><img loading=\"lazy\" decoding=\"async\" src=\"https:\/\/ostrowskatv.pl\/wp-content\/uploads\/2023\/10\/1000050675-01.jpeg\" alt=\"\" width=\"1365\" height=\"800\" class=\"alignnone size-full wp-image-26471\" srcset=\"https:\/\/ostrowskatv.pl\/wp-content\/uploads\/2023\/10\/1000050675-01.jpeg 1365w, https:\/\/ostrowskatv.pl\/wp-content\/uploads\/2023\/10\/1000050675-01-300x176.jpeg 300w, https:\/\/ostrowskatv.pl\/wp-content\/uploads\/2023\/10\/1000050675-01-1333x781.jpeg 1333w, https:\/\/ostrowskatv.pl\/wp-content\/uploads\/2023\/10\/1000050675-01-752x440.jpeg 752w\" sizes=\"auto, (max-width: 1365px) 100vw, 1365px\" \/><\/p>\n<p><img loading=\"lazy\" decoding=\"async\" src=\"https:\/\/ostrowskatv.pl\/wp-content\/uploads\/2023\/10\/1000050817-01.jpeg\" alt=\"\" width=\"1365\" height=\"807\" class=\"alignnone size-full wp-image-26472\" srcset=\"https:\/\/ostrowskatv.pl\/wp-content\/uploads\/2023\/10\/1000050817-01.jpeg 1365w, https:\/\/ostrowskatv.pl\/wp-content\/uploads\/2023\/10\/1000050817-01-300x177.jpeg 300w, https:\/\/ostrowskatv.pl\/wp-content\/uploads\/2023\/10\/1000050817-01-1333x788.jpeg 1333w\" sizes=\"auto, (max-width: 1365px) 100vw, 1365px\" \/><\/p>\n<p><img loading=\"lazy\" decoding=\"async\" src=\"https:\/\/ostrowskatv.pl\/wp-content\/uploads\/2023\/10\/1000050818-01.jpeg\" alt=\"\" width=\"1366\" height=\"769\" class=\"alignnone size-full wp-image-26473\" srcset=\"https:\/\/ostrowskatv.pl\/wp-content\/uploads\/2023\/10\/1000050818-01.jpeg 1366w, https:\/\/ostrowskatv.pl\/wp-content\/uploads\/2023\/10\/1000050818-01-300x169.jpeg 300w, https:\/\/ostrowskatv.pl\/wp-content\/uploads\/2023\/10\/1000050818-01-1333x750.jpeg 1333w\" sizes=\"auto, (max-width: 1366px) 100vw, 1366px\" \/><\/p>\n<p><img loading=\"lazy\" decoding=\"async\" src=\"https:\/\/ostrowskatv.pl\/wp-content\/uploads\/2023\/10\/1000050819-01.jpeg\" alt=\"\" width=\"1366\" height=\"712\" class=\"alignnone size-full wp-image-26474\" srcset=\"https:\/\/ostrowskatv.pl\/wp-content\/uploads\/2023\/10\/1000050819-01.jpeg 1366w, https:\/\/ostrowskatv.pl\/wp-content\/uploads\/2023\/10\/1000050819-01-300x156.jpeg 300w, https:\/\/ostrowskatv.pl\/wp-content\/uploads\/2023\/10\/1000050819-01-1333x695.jpeg 1333w\" sizes=\"auto, (max-width: 1366px) 100vw, 1366px\" \/><\/p>\n","protected":false},"excerpt":{"rendered":"Chwil\u0119 po godzinie 9 rano dosz\u0142o do zderzenia samochodu osobowego z busem nale\u017c\u0105cym do firmy kurierskiej. Kierowca busa uskar\u017ca\u0142 si\u0119 na b\u00f3l stopy. \n<a class=\"moretag\" href=\"https:\/\/ostrowskatv.pl\/?p=26468\"> [...]<\/a>","protected":false},"author":1,"featured_media":26471,"comment_status":"open","ping_status":"closed","sticky":false,"template":"","format":"standard","meta":{"footnotes":""},"categories":[1],"tags":[48],"class_list":["post-26468","post","type-post","status-publish","format-standard","has-post-thumbnail","hentry","category-news","tag-kolizja"],"_links":{"self":[{"href":"https:\/\/ostrowskatv.pl\/index.php?rest_route=\/wp\/v2\/posts\/26468","targetHints":{"allow":["GET"]}}],"collection":[{"href":"https:\/\/ostrowskatv.pl\/index.php?rest_route=\/wp\/v2\/posts"}],"about":[{"href":"https:\/\/ostrowskatv.pl\/index.php?rest_route=\/wp\/v2\/types\/post"}],"author":[{"embeddable":true,"href":"https:\/\/ostrowskatv.pl\/index.php?rest_route=\/wp\/v2\/users\/1"}],"replies":[{"embeddable":true,"href":"https:\/\/ostrowskatv.pl\/index.php?rest_route=%2Fwp%2Fv2%2Fcomments&post=26468"}],"version-history":[{"count":0,"href":"https:\/\/ostrowskatv.pl\/index.php?rest_route=\/wp\/v2\/posts\/26468\/revisions"}],"wp:featuredmedia":[{"embeddable":true,"href":"https:\/\/ostrowskatv.pl\/index.php?rest_route=\/wp\/v2\/media\/26471"}],"wp:attachment":[{"href":"https:\/\/ostrowskatv.pl\/index.php?rest_route=%2Fwp%2Fv2%2Fmedia&parent=26468"}],"wp:term":[{"taxonomy":"category","embeddable":true,"href":"https:\/\/ostrowskatv.pl\/index.php?rest_route=%2Fwp%2Fv2%2Fcategories&post=26468"},{"taxonomy":"post_tag","embeddable":true,"href":"https:\/\/ostrowskatv.pl\/index.php?rest_route=%2Fwp%2Fv2%2Ftags&post=26468"}],"curies":[{"name":"wp","href":"https:\/\/api.w.org\/{rel}","templated":true}]}}