{"id":26460,"date":"2023-10-02T10:49:02","date_gmt":"2023-10-02T09:49:02","guid":{"rendered":"https:\/\/ostrowskatv.pl\/?p=26460"},"modified":"2023-10-02T10:49:02","modified_gmt":"2023-10-02T09:49:02","slug":"pieszy-przeszedl-dwa-auta-uszkodzone","status":"publish","type":"post","link":"https:\/\/ostrowskatv.pl\/?p=26460","title":{"rendered":"Pieszy przeszed\u0142. Dwa auta uszkodzone"},"content":{"rendered":"<p><strong>Na Placu 23 stycznia w Ostrowie Wlkp. jeden z pieszych przechodzi\u0142 od strony fontanny w kierunku Rynku. Przed przej\u015bciem zatrzyma\u0142o si\u0119 volvo. Po chwili w jego ty\u0142 uderzy\u0142 pojazd AIXAM kierowany przez nastolatka.<\/strong><\/p>\n<p>Zdaniem m\u0142odego m\u0119\u017cczyzny kobieta zbyt gwa\u0142townie zatrzyma\u0142a si\u0119 przed przej\u015bciem dla pieszych. Przepis m\u00f3wi jasno, \u017ce nale\u017cy utrzymywa\u0107 tak\u0105 odleg\u0142o\u015b\u0107 od poprzedzaj\u0105cego nas pojazdu, \u017ceby\u015bmy byli w stanie zatrzyma\u0107 nasze auto cho\u0107by to z przodu zatrzyma\u0142o si\u0119 w miejsce, np. w skutek wypadku.<\/p>\n<p>W zdarzeniu nikt nie ucierpia\u0142.<\/p>\n<p><img loading=\"lazy\" decoding=\"async\" src=\"https:\/\/ostrowskatv.pl\/wp-content\/uploads\/2023\/10\/1000050622-01.jpeg\" alt=\"\" width=\"1366\" height=\"769\" class=\"alignnone size-full wp-image-26464\" srcset=\"https:\/\/ostrowskatv.pl\/wp-content\/uploads\/2023\/10\/1000050622-01.jpeg 1366w, https:\/\/ostrowskatv.pl\/wp-content\/uploads\/2023\/10\/1000050622-01-300x169.jpeg 300w, https:\/\/ostrowskatv.pl\/wp-content\/uploads\/2023\/10\/1000050622-01-1333x750.jpeg 1333w\" sizes=\"auto, (max-width: 1366px) 100vw, 1366px\" \/><\/p>\n<p><img loading=\"lazy\" decoding=\"async\" src=\"https:\/\/ostrowskatv.pl\/wp-content\/uploads\/2023\/10\/1000050620-01.jpeg\" alt=\"\" width=\"1366\" height=\"660\" class=\"alignnone size-full wp-image-26465\" srcset=\"https:\/\/ostrowskatv.pl\/wp-content\/uploads\/2023\/10\/1000050620-01.jpeg 1366w, https:\/\/ostrowskatv.pl\/wp-content\/uploads\/2023\/10\/1000050620-01-300x145.jpeg 300w, https:\/\/ostrowskatv.pl\/wp-content\/uploads\/2023\/10\/1000050620-01-1333x644.jpeg 1333w\" sizes=\"auto, (max-width: 1366px) 100vw, 1366px\" \/><\/p>\n","protected":false},"excerpt":{"rendered":"Na Placu 23 stycznia w Ostrowie Wlkp. jeden z pieszych przechodzi\u0142 od strony fontanny w kierunku Rynku. Przed przej\u015bciem zatrzyma\u0142o si\u0119 volvo. Po \n<a class=\"moretag\" href=\"https:\/\/ostrowskatv.pl\/?p=26460\"> [...]<\/a>","protected":false},"author":1,"featured_media":26464,"comment_status":"open","ping_status":"closed","sticky":false,"template":"","format":"standard","meta":{"footnotes":""},"categories":[1],"tags":[2],"class_list":["post-26460","post","type-post","status-publish","format-standard","has-post-thumbnail","hentry","category-news","tag-ostrow-wielkopolski"],"_links":{"self":[{"href":"https:\/\/ostrowskatv.pl\/index.php?rest_route=\/wp\/v2\/posts\/26460","targetHints":{"allow":["GET"]}}],"collection":[{"href":"https:\/\/ostrowskatv.pl\/index.php?rest_route=\/wp\/v2\/posts"}],"about":[{"href":"https:\/\/ostrowskatv.pl\/index.php?rest_route=\/wp\/v2\/types\/post"}],"author":[{"embeddable":true,"href":"https:\/\/ostrowskatv.pl\/index.php?rest_route=\/wp\/v2\/users\/1"}],"replies":[{"embeddable":true,"href":"https:\/\/ostrowskatv.pl\/index.php?rest_route=%2Fwp%2Fv2%2Fcomments&post=26460"}],"version-history":[{"count":0,"href":"https:\/\/ostrowskatv.pl\/index.php?rest_route=\/wp\/v2\/posts\/26460\/revisions"}],"wp:featuredmedia":[{"embeddable":true,"href":"https:\/\/ostrowskatv.pl\/index.php?rest_route=\/wp\/v2\/media\/26464"}],"wp:attachment":[{"href":"https:\/\/ostrowskatv.pl\/index.php?rest_route=%2Fwp%2Fv2%2Fmedia&parent=26460"}],"wp:term":[{"taxonomy":"category","embeddable":true,"href":"https:\/\/ostrowskatv.pl\/index.php?rest_route=%2Fwp%2Fv2%2Fcategories&post=26460"},{"taxonomy":"post_tag","embeddable":true,"href":"https:\/\/ostrowskatv.pl\/index.php?rest_route=%2Fwp%2Fv2%2Ftags&post=26460"}],"curies":[{"name":"wp","href":"https:\/\/api.w.org\/{rel}","templated":true}]}}