{"id":26441,"date":"2023-09-28T16:06:29","date_gmt":"2023-09-28T15:06:29","guid":{"rendered":"https:\/\/ostrowskatv.pl\/?p=26441"},"modified":"2023-09-28T16:06:29","modified_gmt":"2023-09-28T15:06:29","slug":"zginela-kobieta-w-radlowie","status":"publish","type":"post","link":"https:\/\/ostrowskatv.pl\/?p=26441","title":{"rendered":"Zgin\u0119\u0142a kobieta w Rad\u0142owie"},"content":{"rendered":"<p><strong>W Rad\u0142owie dosz\u0142o do potr\u0105cenia rowerzystki przez samoch\u00f3d osobowy. Na miejsce wys\u0142ano stra\u017c po\u017carn\u0105, karetk\u0119 i policj\u0119.<\/strong><\/p>\n<p>Przyby\u0142e na miejscu s\u0142u\u017cby odst\u0105pi\u0142y od reanimacji 76-letniej kobiety. Drugim uczestnikiem zdarzenia okaza\u0142 si\u0119 26-latek kieruj\u0105cy BMW. Trwa ustalanie szczeg\u00f3\u0142owych okoliczno\u015bci wypadku.<\/p>\n","protected":false},"excerpt":{"rendered":"W Rad\u0142owie dosz\u0142o do potr\u0105cenia rowerzystki przez samoch\u00f3d osobowy. Na miejsce wys\u0142ano stra\u017c po\u017carn\u0105, karetk\u0119 i policj\u0119. Przyby\u0142e na miejscu s\u0142u\u017cby odst\u0105pi\u0142y od \n<a class=\"moretag\" href=\"https:\/\/ostrowskatv.pl\/?p=26441\"> [...]<\/a>","protected":false},"author":1,"featured_media":26442,"comment_status":"open","ping_status":"closed","sticky":false,"template":"","format":"standard","meta":{"footnotes":""},"categories":[1],"tags":[11],"class_list":["post-26441","post","type-post","status-publish","format-standard","has-post-thumbnail","hentry","category-news","tag-wypadek"],"_links":{"self":[{"href":"https:\/\/ostrowskatv.pl\/index.php?rest_route=\/wp\/v2\/posts\/26441","targetHints":{"allow":["GET"]}}],"collection":[{"href":"https:\/\/ostrowskatv.pl\/index.php?rest_route=\/wp\/v2\/posts"}],"about":[{"href":"https:\/\/ostrowskatv.pl\/index.php?rest_route=\/wp\/v2\/types\/post"}],"author":[{"embeddable":true,"href":"https:\/\/ostrowskatv.pl\/index.php?rest_route=\/wp\/v2\/users\/1"}],"replies":[{"embeddable":true,"href":"https:\/\/ostrowskatv.pl\/index.php?rest_route=%2Fwp%2Fv2%2Fcomments&post=26441"}],"version-history":[{"count":0,"href":"https:\/\/ostrowskatv.pl\/index.php?rest_route=\/wp\/v2\/posts\/26441\/revisions"}],"wp:featuredmedia":[{"embeddable":true,"href":"https:\/\/ostrowskatv.pl\/index.php?rest_route=\/wp\/v2\/media\/26442"}],"wp:attachment":[{"href":"https:\/\/ostrowskatv.pl\/index.php?rest_route=%2Fwp%2Fv2%2Fmedia&parent=26441"}],"wp:term":[{"taxonomy":"category","embeddable":true,"href":"https:\/\/ostrowskatv.pl\/index.php?rest_route=%2Fwp%2Fv2%2Fcategories&post=26441"},{"taxonomy":"post_tag","embeddable":true,"href":"https:\/\/ostrowskatv.pl\/index.php?rest_route=%2Fwp%2Fv2%2Ftags&post=26441"}],"curies":[{"name":"wp","href":"https:\/\/api.w.org\/{rel}","templated":true}]}}