{"id":2641,"date":"2016-12-12T18:39:17","date_gmt":"2016-12-12T17:39:17","guid":{"rendered":"http:\/\/ostrowska.tv\/?p=2641"},"modified":"2016-12-12T18:39:29","modified_gmt":"2016-12-12T17:39:29","slug":"2641","status":"publish","type":"post","link":"https:\/\/ostrowskatv.pl\/?p=2641","title":{"rendered":"Mobbing w ostrowskiej komendzie policji? Spraw\u0119 bada prokuratura"},"content":{"rendered":"<p><strong>Pami\u0119tacie pa\u0144stwo histori\u0119 policjanta, kt\u00f3ry \u201eza kar\u0119\u201d sta\u0142 na ul. G\u0142ogowskiej przy przystanku? Przypomnijmy, \u017ce jego miejscem stania by\u0142a studzienka kanalizacyjna, tak by prze\u0142o\u017ceni go dobrze mogli obserwowa\u0107 w kamerze od monitoringu. Prokuratura wszcz\u0119\u0142a \u015bledztwo w sprawie mobbingowania podw\u0142adnego policjanta przez \u015bcis\u0142e kierownictwo ostrowskiej komendy.<\/strong><\/p>\n<p>Pokrzywdzony policjant w pi\u015bmie do Komendanta Wojew\u00f3dzkiego Policji w Poznaniu przedstawia w jaki spos\u00f3b mia\u0142 by\u0107 mobbingowany. Najpierw bezpo\u015bredni prze\u0142o\u017cony mia\u0142 nie tylko upokarza\u0107 podw\u0142adnego, ale r\u00f3wnie\u017c dopu\u015bci\u0107 si\u0119 przemocy w postaci kopni\u0119cia policjanta. I to nie w nog\u0119, ale w g\u0142ow\u0119 (lewa skro\u0144). Poszkodowany funkcjonariusz dozna\u0142 krwiaka lewej jamy b\u0119benkowej i \u015bredniego ubytku s\u0142uchu ucha lewego (30 dB). Wszystko to dzia\u0142o si\u0119 ju\u017c w 2003 roku.<\/p>\n<p>Trzy lata p\u00f3\u017aniej rozpocz\u0119\u0142y si\u0119 problemy policjanta z kr\u0119gos\u0142upem. Pogorszenie nast\u0105pi\u0142o jednak po 19 wrze\u015bnia 2013 r., a to za spraw\u0105 wypadku komunikacyjnego, do kt\u00f3rego dosz\u0142o w czasie pe\u0142nienia obowi\u0105zk\u00f3w s\u0142u\u017cbowych (policjanci wracali z Poznania). W\u00f3wczas stwierdzono naczyniaka w kr\u0119gu L4. Jak twierdzi policjant w pi\u015bmie do Komendanta Wojew\u00f3dzkiego, wtedy nast\u0105pi\u0142 proces upokarzania go.<\/p>\n<p>Doznane urazy spowodowa\u0142y konieczno\u015b\u0107 skorzystania ze zwolnienia lekarskiego L4. Wcze\u015bniejsza s\u0142u\u017cba, zdaniem pokrzywdzonego policjanta, owocowa\u0142a bardzo dobrymi osi\u0105gni\u0119ciami w s\u0142u\u017cbie: ilo\u015b\u0107 zatrzymanych sprawc\u00f3w na gor\u0105cym uczynku, a to owocowa\u0142o raportami z pro\u015bb\u0105 o wyr\u00f3\u017cnienie i podarowanie nagrody.<\/p>\n<p>Policjant w pi\u015bmie skar\u017cy si\u0119, \u017ce komendanta to nie interesowa\u0142o, dlatego mia\u0142 postanowi\u0107 zrobi\u0107 wszystko, \u017ceby go poni\u017cy\u0107 i upokorzy\u0107, a w konsekwencji zwolni\u0107.<\/p>\n<p>&#8211; Mimo, i\u017c nie ca\u0142kiem wr\u00f3ci\u0142em do zdrowia po wypadkach na s\u0142u\u017cbie \u2013 powinienem by\u0107 dalej rehabilitowany, postanowi\u0142em wr\u00f3ci\u0107 do pracy, \u017ceby nie dawa\u0107 Komendantowi \u017cadnych podstaw do obra\u017cania mnie. Niestety i to nie pomog\u0142o, gdy\u017c zwolnienie mnie ze s\u0142u\u017cby patrolowej pieszej i zmotoryzowanej na 1 rok, jedynie pogorszy\u0142o sytuacj\u0119. \u2013 kontynuuje policjant.<\/p>\n<p>Kolejna cz\u0119\u015b\u0107 pisma przera\u017ca. \u2013 (\u2026) zosta\u0142em przeniesiony z rewiru dzielnicowych do referatu interwencyjnego. Ju\u017c kiedy pakowa\u0142em swoje rzeczy z biurka by\u0142em obra\u017cany, popychany i us\u0142ysza\u0142em \u201eszybko si\u0119 spakuj i wypierd**aj na ulic\u0119, bo Naczelnik i Komendant chc\u0105 zobaczy\u0107 jak stoisz\u201d.<\/p>\n<p>I faktycznie policjant trafi\u0142 na \u201eposterunek sta\u0142y\u201d przy ul. G\u0142ogowskiej. Policjant twierdzi, \u017ce nie kazano mu si\u0119 nigdzie stamt\u0105d rusza\u0107 i sta\u0107 bez ruchu. \u2013 Kiedy tylko stan\u0105\u0142em, otrzyma\u0142em telefon od dy\u017curnych, kt\u00f3rzy ustawiali mnie po centymetrze w ka\u017cd\u0105 stron\u0119, abym by\u0142 jak najlepiej widoczny w kamerze monitoringu. \u2013 opowiada zdruzgotany funkcjonariusz.<\/p>\n<p>Kamera przecie\u017c powinna patrolowa\u0107 r\u00f3\u017cne miejsca, a nie pilnowa\u0107 policjanta jak jakiego\u015b przest\u0119pc\u0119. Prze\u0142o\u017ceni nie przejmowali si\u0119 przed\u0142o\u017con\u0105 dokumentacj\u0105 o problemach z kr\u0119gos\u0142upem. Stanie w jednym miejscu przez 8 godzin jest bardzo bolesne. Dodajmy do tego smr\u00f3d spalin od samochod\u00f3w ci\u0119\u017carowych czy padaj\u0105cy deszcz i mamy scenariusz rodem z jakiego\u015b filmu o SB-kach.<\/p>\n<p>Takie warunki pracy spowodowa\u0142y wymioty i zawroty g\u0142owy. Komisja Lekarska orzek\u0142a 25 listopada 2015 r. znacz\u0105ce pogorszenie si\u0119 stanu zdrowia policjanta.<\/p>\n<p>&#8211; Po pewnym czasie stania na ulicy, zacz\u0119li podchodzi\u0107 do mnie zainteresowani ludzie i robili sobie ze mn\u0105 zdj\u0119cia, pytaj\u0105c co zrobi\u0142em, \u017ce tak mnie upokarzaj\u0105. Moj\u0105 sytuacj\u0105 zainteresowa\u0142y si\u0119 media, kt\u00f3re zaalarmowane doniesieniami mieszka\u0144c\u00f3w, postanowi\u0142y nakr\u0119ci\u0107 o tym reporta\u017c. \u2013 pisze pokrzywdzony policjant.<\/p>\n<p>&#8211; Jako, \u017ce sytuacja sta\u0142a si\u0119 dla Komendanta niewygodna, postanowi\u0142 on szybko, i\u017c tego dnia mam dzie\u0144 wolny od s\u0142u\u017cby i postawi\u0142 na moje miejsce innego policjanta, kt\u00f3ry rozmawia\u0142 z telewizj\u0105, co oczywi\u015bcie wyczy\u015bci\u0142o go z wszelkich podejrze\u0144 \u2013 doda\u0142.<\/p>\n<p>Bohatera tej smutnej historii przeniesiono w okolice sklepu z dopalaczami, ale nied\u0142ugo po tym ca\u0142kowicie zlikwidowano \u201eposterunek sta\u0142y\u201d \u2013 pomimo bardzo dobrych wynik\u00f3w pod owym sklepem przez tego policjanta \u2013 czytamy w pi\u015bmie.<\/p>\n<p>&#8211; Kiedy zbli\u017ca\u0142em si\u0119 do osi\u0105gni\u0119cia wieku emerytalnego, Naczelnik (na polecenie Komendanta) o\u015bwiadczy\u0142 mi wprost, \u017ce je\u015bli sam si\u0119 nie zwolni\u0119, to zrobi wszystko, \u017ceby mnie zwolni\u0107, do czego skutecznie d\u0105\u017cy\u0142. \u2013 relacjonuje ostatnie dni w policji funkcjonariusz<\/p>\n<p>Policjant nie umia\u0142 sobie ju\u017c d\u0142u\u017cej poradzi\u0107 z bezpodstawnymi poni\u017ceniami czy ubli\u017ceniami ze strony Naczelnika. Dosz\u0142o do tego, \u017ce poszkodowany mia\u0142 ju\u017c my\u015bli samob\u00f3jcze. Ostatecznie komendant rozkazem personalnym nr 3527\/2015 z 21 X 2015 r. Komendant Wojew\u00f3dzki Policji w Poznaniu zwolni\u0142 go ze s\u0142u\u017cby z ko\u0144cem miesi\u0105ca.<\/p>\n<p>Poszkodowany policjant nie chce, \u017ceby podobne historie spotka\u0142y innych czynnych str\u00f3\u017c\u00f3w prawa lub by, co gorsza, pope\u0142ni\u0142 samob\u00f3jstwo, dlatego te\u017c poinformowa\u0142 wszystkie mo\u017cliwe instytucje.<\/p>\n","protected":false},"excerpt":{"rendered":"Pami\u0119tacie pa\u0144stwo histori\u0119 policjanta, kt\u00f3ry \u201eza kar\u0119\u201d sta\u0142 na ul. G\u0142ogowskiej przy przystanku? Przypomnijmy, \u017ce jego miejscem stania by\u0142a studzienka kanalizacyjna, tak by \n<a class=\"moretag\" href=\"https:\/\/ostrowskatv.pl\/?p=2641\"> [...]<\/a>","protected":false},"author":1,"featured_media":2642,"comment_status":"open","ping_status":"open","sticky":false,"template":"","format":"standard","meta":{"footnotes":""},"categories":[1],"tags":[2],"class_list":["post-2641","post","type-post","status-publish","format-standard","has-post-thumbnail","hentry","category-news","tag-ostrow-wielkopolski"],"_links":{"self":[{"href":"https:\/\/ostrowskatv.pl\/index.php?rest_route=\/wp\/v2\/posts\/2641","targetHints":{"allow":["GET"]}}],"collection":[{"href":"https:\/\/ostrowskatv.pl\/index.php?rest_route=\/wp\/v2\/posts"}],"about":[{"href":"https:\/\/ostrowskatv.pl\/index.php?rest_route=\/wp\/v2\/types\/post"}],"author":[{"embeddable":true,"href":"https:\/\/ostrowskatv.pl\/index.php?rest_route=\/wp\/v2\/users\/1"}],"replies":[{"embeddable":true,"href":"https:\/\/ostrowskatv.pl\/index.php?rest_route=%2Fwp%2Fv2%2Fcomments&post=2641"}],"version-history":[{"count":0,"href":"https:\/\/ostrowskatv.pl\/index.php?rest_route=\/wp\/v2\/posts\/2641\/revisions"}],"wp:featuredmedia":[{"embeddable":true,"href":"https:\/\/ostrowskatv.pl\/index.php?rest_route=\/wp\/v2\/media\/2642"}],"wp:attachment":[{"href":"https:\/\/ostrowskatv.pl\/index.php?rest_route=%2Fwp%2Fv2%2Fmedia&parent=2641"}],"wp:term":[{"taxonomy":"category","embeddable":true,"href":"https:\/\/ostrowskatv.pl\/index.php?rest_route=%2Fwp%2Fv2%2Fcategories&post=2641"},{"taxonomy":"post_tag","embeddable":true,"href":"https:\/\/ostrowskatv.pl\/index.php?rest_route=%2Fwp%2Fv2%2Ftags&post=2641"}],"curies":[{"name":"wp","href":"https:\/\/api.w.org\/{rel}","templated":true}]}}