{"id":26350,"date":"2023-09-24T07:48:53","date_gmt":"2023-09-24T06:48:53","guid":{"rendered":"https:\/\/ostrowskatv.pl\/?p=26350"},"modified":"2023-09-24T07:48:53","modified_gmt":"2023-09-24T06:48:53","slug":"usnal-w-rozbitym-bmw","status":"publish","type":"post","link":"https:\/\/ostrowskatv.pl\/?p=26350","title":{"rendered":"Usn\u0105\u0142 w rozbitym BMW"},"content":{"rendered":"<p><strong>Uwag\u0119 przechodni\u00f3w przyku\u0142o rozbite BMW zaparkowane przy jednym z market\u00f3w u zbiegu ulic Krotoszy\u0144ska i Traugutta w Ostrowie Wielkopolskim.<\/strong><\/p>\n<p>Wewn\u0105trz za kierownic\u0105 spa\u0142 m\u0142ody m\u0119\u017cczyzna, a uszkodzenia auta wskazywa\u0142y, \u017ce wcze\u015bniej zaliczy\u0142 zderzenie ze s\u0142upem\/znakiem drogowym oraz kraw\u0119\u017cnikiem.<\/p>\n<p>W tym samym czasie gdy jeden z przechodni\u00f3w powiadomi\u0142 policj\u0119, auto dostrzeg\u0142a matka 18-latka, kt\u00f3ry by\u0142 kierowc\u0105 auta. Na miejsce dojecha\u0142 r\u00f3wnie\u017c jego ojciec. Po obudzeniu m\u0142odzie\u0144ca oboje mieli podejrzenia co do stanu trze\u017awo\u015bci syna.<\/p>\n<p>18-latek relacjonowa\u0142, \u017ce nie wie gdzie doprowadzi\u0142 do kolizji, ale podkre\u015bla\u0142, \u017ce jest trze\u017awy. I faktycznie badanie policyjnym urz\u0105dzeniem nie wykaza\u0142o alkoholu w wydychanym powietrzu.<\/p>\n<p>Trwa ustalanie gdzie w nocy z pi\u0105tku na sobot\u0119 dosz\u0142o do kolizji z infrastruktur\u0105 drogow\u0105. Je\u015bli ktokolwiek posiada tak\u0105 informacj\u0119\/podejrzenie, mo\u017ce napisa\u0107 w komentarzu.<\/p>\n<p><img loading=\"lazy\" decoding=\"async\" src=\"https:\/\/ostrowskatv.pl\/wp-content\/uploads\/2023\/09\/1000048998-01.jpeg\" alt=\"\" width=\"1287\" height=\"762\" class=\"alignnone size-full wp-image-26352\" srcset=\"https:\/\/ostrowskatv.pl\/wp-content\/uploads\/2023\/09\/1000048998-01.jpeg 1287w, https:\/\/ostrowskatv.pl\/wp-content\/uploads\/2023\/09\/1000048998-01-300x178.jpeg 300w\" sizes=\"auto, (max-width: 1287px) 100vw, 1287px\" \/><\/p>\n<p><img loading=\"lazy\" decoding=\"async\" src=\"https:\/\/ostrowskatv.pl\/wp-content\/uploads\/2023\/09\/1000048999-01.jpeg\" alt=\"\" width=\"1366\" height=\"572\" class=\"alignnone size-full wp-image-26353\" srcset=\"https:\/\/ostrowskatv.pl\/wp-content\/uploads\/2023\/09\/1000048999-01.jpeg 1366w, https:\/\/ostrowskatv.pl\/wp-content\/uploads\/2023\/09\/1000048999-01-300x126.jpeg 300w, https:\/\/ostrowskatv.pl\/wp-content\/uploads\/2023\/09\/1000048999-01-1333x558.jpeg 1333w\" sizes=\"auto, (max-width: 1366px) 100vw, 1366px\" \/><\/p>\n<p><img loading=\"lazy\" decoding=\"async\" src=\"https:\/\/ostrowskatv.pl\/wp-content\/uploads\/2023\/09\/1000049000-01.jpeg\" alt=\"\" width=\"1366\" height=\"761\" class=\"alignnone size-full wp-image-26354\" srcset=\"https:\/\/ostrowskatv.pl\/wp-content\/uploads\/2023\/09\/1000049000-01.jpeg 1366w, https:\/\/ostrowskatv.pl\/wp-content\/uploads\/2023\/09\/1000049000-01-300x167.jpeg 300w, https:\/\/ostrowskatv.pl\/wp-content\/uploads\/2023\/09\/1000049000-01-1333x743.jpeg 1333w\" sizes=\"auto, (max-width: 1366px) 100vw, 1366px\" \/><\/p>\n<p><img loading=\"lazy\" decoding=\"async\" src=\"https:\/\/ostrowskatv.pl\/wp-content\/uploads\/2023\/09\/1000049001-01.jpeg\" alt=\"\" width=\"990\" height=\"943\" class=\"alignnone size-full wp-image-26355\" srcset=\"https:\/\/ostrowskatv.pl\/wp-content\/uploads\/2023\/09\/1000049001-01.jpeg 990w, https:\/\/ostrowskatv.pl\/wp-content\/uploads\/2023\/09\/1000049001-01-300x286.jpeg 300w\" sizes=\"auto, (max-width: 990px) 100vw, 990px\" \/><\/p>\n<p><img loading=\"lazy\" decoding=\"async\" src=\"https:\/\/ostrowskatv.pl\/wp-content\/uploads\/2023\/09\/1000048728-01-1.jpeg\" alt=\"\" width=\"1366\" height=\"609\" class=\"alignnone size-full wp-image-26356\" srcset=\"https:\/\/ostrowskatv.pl\/wp-content\/uploads\/2023\/09\/1000048728-01-1.jpeg 1366w, https:\/\/ostrowskatv.pl\/wp-content\/uploads\/2023\/09\/1000048728-01-1-300x134.jpeg 300w, https:\/\/ostrowskatv.pl\/wp-content\/uploads\/2023\/09\/1000048728-01-1-1333x594.jpeg 1333w\" sizes=\"auto, (max-width: 1366px) 100vw, 1366px\" \/><\/p>\n<p><img loading=\"lazy\" decoding=\"async\" src=\"https:\/\/ostrowskatv.pl\/wp-content\/uploads\/2023\/09\/1000048725-01-1.jpeg\" alt=\"\" width=\"1366\" height=\"676\" class=\"alignnone size-full wp-image-26357\" srcset=\"https:\/\/ostrowskatv.pl\/wp-content\/uploads\/2023\/09\/1000048725-01-1.jpeg 1366w, https:\/\/ostrowskatv.pl\/wp-content\/uploads\/2023\/09\/1000048725-01-1-300x148.jpeg 300w, https:\/\/ostrowskatv.pl\/wp-content\/uploads\/2023\/09\/1000048725-01-1-1333x660.jpeg 1333w\" sizes=\"auto, (max-width: 1366px) 100vw, 1366px\" \/><\/p>\n<p><img loading=\"lazy\" decoding=\"async\" src=\"https:\/\/ostrowskatv.pl\/wp-content\/uploads\/2023\/09\/1000048718-01-1.jpeg\" alt=\"\" width=\"1366\" height=\"690\" class=\"alignnone size-full wp-image-26358\" srcset=\"https:\/\/ostrowskatv.pl\/wp-content\/uploads\/2023\/09\/1000048718-01-1.jpeg 1366w, https:\/\/ostrowskatv.pl\/wp-content\/uploads\/2023\/09\/1000048718-01-1-300x152.jpeg 300w, https:\/\/ostrowskatv.pl\/wp-content\/uploads\/2023\/09\/1000048718-01-1-1333x673.jpeg 1333w\" sizes=\"auto, (max-width: 1366px) 100vw, 1366px\" \/><\/p>\n<p><img loading=\"lazy\" decoding=\"async\" src=\"https:\/\/ostrowskatv.pl\/wp-content\/uploads\/2023\/09\/1000048713-01.jpeg\" alt=\"\" width=\"1186\" height=\"1091\" class=\"alignnone size-full wp-image-26359\" srcset=\"https:\/\/ostrowskatv.pl\/wp-content\/uploads\/2023\/09\/1000048713-01.jpeg 1186w, https:\/\/ostrowskatv.pl\/wp-content\/uploads\/2023\/09\/1000048713-01-300x276.jpeg 300w\" sizes=\"auto, (max-width: 1186px) 100vw, 1186px\" \/><\/p>\n","protected":false},"excerpt":{"rendered":"Uwag\u0119 przechodni\u00f3w przyku\u0142o rozbite BMW zaparkowane przy jednym z market\u00f3w u zbiegu ulic Krotoszy\u0144ska i Traugutta w Ostrowie Wielkopolskim. Wewn\u0105trz za kierownic\u0105 spa\u0142 \n<a class=\"moretag\" href=\"https:\/\/ostrowskatv.pl\/?p=26350\"> [...]<\/a>","protected":false},"author":1,"featured_media":26354,"comment_status":"open","ping_status":"closed","sticky":false,"template":"","format":"standard","meta":{"footnotes":""},"categories":[1],"tags":[2],"class_list":["post-26350","post","type-post","status-publish","format-standard","has-post-thumbnail","hentry","category-news","tag-ostrow-wielkopolski"],"_links":{"self":[{"href":"https:\/\/ostrowskatv.pl\/index.php?rest_route=\/wp\/v2\/posts\/26350","targetHints":{"allow":["GET"]}}],"collection":[{"href":"https:\/\/ostrowskatv.pl\/index.php?rest_route=\/wp\/v2\/posts"}],"about":[{"href":"https:\/\/ostrowskatv.pl\/index.php?rest_route=\/wp\/v2\/types\/post"}],"author":[{"embeddable":true,"href":"https:\/\/ostrowskatv.pl\/index.php?rest_route=\/wp\/v2\/users\/1"}],"replies":[{"embeddable":true,"href":"https:\/\/ostrowskatv.pl\/index.php?rest_route=%2Fwp%2Fv2%2Fcomments&post=26350"}],"version-history":[{"count":0,"href":"https:\/\/ostrowskatv.pl\/index.php?rest_route=\/wp\/v2\/posts\/26350\/revisions"}],"wp:featuredmedia":[{"embeddable":true,"href":"https:\/\/ostrowskatv.pl\/index.php?rest_route=\/wp\/v2\/media\/26354"}],"wp:attachment":[{"href":"https:\/\/ostrowskatv.pl\/index.php?rest_route=%2Fwp%2Fv2%2Fmedia&parent=26350"}],"wp:term":[{"taxonomy":"category","embeddable":true,"href":"https:\/\/ostrowskatv.pl\/index.php?rest_route=%2Fwp%2Fv2%2Fcategories&post=26350"},{"taxonomy":"post_tag","embeddable":true,"href":"https:\/\/ostrowskatv.pl\/index.php?rest_route=%2Fwp%2Fv2%2Ftags&post=26350"}],"curies":[{"name":"wp","href":"https:\/\/api.w.org\/{rel}","templated":true}]}}