{"id":26339,"date":"2023-09-23T18:46:45","date_gmt":"2023-09-23T17:46:45","guid":{"rendered":"https:\/\/ostrowskatv.pl\/?p=26339"},"modified":"2023-09-23T18:46:45","modified_gmt":"2023-09-23T17:46:45","slug":"nie-dojechala-na-wesele-wypadek-w-oku-kamery","status":"publish","type":"post","link":"https:\/\/ostrowskatv.pl\/?p=26339","title":{"rendered":"Nie dojecha\u0142a na wesele (wypadek w oku kamery)"},"content":{"rendered":"<p><strong>O sporym pechu mo\u017ce m\u00f3wi\u0107 mieszkanka gm. Odolan\u00f3w, kt\u00f3ra wybiera\u0142a si\u0119 na wesele. Wcze\u015bniej &#8211; jak to kobieta &#8211; postanowi\u0142a odwiedzi\u0107 kosmetyczk\u0119. Odmalowana jecha\u0142a my\u015bl\u0105c ju\u017c o zbli\u017caj\u0105cej si\u0119 zabawie.<\/strong><\/p>\n<p>Marzenia zosta\u0142y jednak przerwane przez nieust\u0105pienie pierwsze\u0144stwa i spowodowanie kolizji z drugim autem. Do zdarzenia dosz\u0142o na skrzy\u017cowaniu ulic Rejtana i Gorzyckiej w Ostrowie Wlkp.<\/p>\n<p>Kobieta w zaawansowanej ci\u0105\u017cy (7. miesi\u0105c) kierowa\u0142a oplem i wyjecha\u0142a wprost pod skod\u0119.<\/p>\n<p>M\u0105\u017c po przyje\u017adzie wyrazi\u0142 niezadowolenie z powodu tego &#8222;jak je\u017adzi&#8221;. G\u0142o\u015bno pyta\u0142 si\u0119 czy w Odolanowie nie ma kosmetyczek, \u017ce musia\u0142a jecha\u0107 a\u017c do Ostrowa?<\/p>\n<p>M\u0119\u017cczyzna mia\u0142 mocno zepsuty humor, poniewa\u017c jutro mieli wraca\u0107 do pracy w Niemczech, a teraz nie maj\u0105 za bardzo czym.<\/p>\n<p><iframe loading=\"lazy\" title=\"Kolizja Rejtana Gorzycka 23.09.2023\" width=\"747\" height=\"420\" src=\"https:\/\/www.youtube.com\/embed\/1UIVfkFh_zA?feature=oembed\" frameborder=\"0\" allow=\"accelerometer; autoplay; clipboard-write; encrypted-media; gyroscope; picture-in-picture; web-share\" referrerpolicy=\"strict-origin-when-cross-origin\" allowfullscreen><\/iframe><\/p>\n<p><img loading=\"lazy\" decoding=\"async\" class=\"alignnone size-full wp-image-26344\" src=\"https:\/\/ostrowskatv.pl\/wp-content\/uploads\/2023\/09\/1000048837-01.jpeg\" alt=\"\" width=\"1152\" height=\"725\" srcset=\"https:\/\/ostrowskatv.pl\/wp-content\/uploads\/2023\/09\/1000048837-01.jpeg 1152w, https:\/\/ostrowskatv.pl\/wp-content\/uploads\/2023\/09\/1000048837-01-300x189.jpeg 300w\" sizes=\"auto, (max-width: 1152px) 100vw, 1152px\" \/><\/p>\n<p><img loading=\"lazy\" decoding=\"async\" class=\"alignnone size-full wp-image-26345\" src=\"https:\/\/ostrowskatv.pl\/wp-content\/uploads\/2023\/09\/1000048840-01.jpeg\" alt=\"\" width=\"1366\" height=\"650\" srcset=\"https:\/\/ostrowskatv.pl\/wp-content\/uploads\/2023\/09\/1000048840-01.jpeg 1366w, https:\/\/ostrowskatv.pl\/wp-content\/uploads\/2023\/09\/1000048840-01-300x143.jpeg 300w, https:\/\/ostrowskatv.pl\/wp-content\/uploads\/2023\/09\/1000048840-01-1333x634.jpeg 1333w\" sizes=\"auto, (max-width: 1366px) 100vw, 1366px\" \/><\/p>\n<p><img loading=\"lazy\" decoding=\"async\" class=\"alignnone size-full wp-image-26346\" src=\"https:\/\/ostrowskatv.pl\/wp-content\/uploads\/2023\/09\/1000048834-01.jpeg\" alt=\"\" width=\"1366\" height=\"522\" srcset=\"https:\/\/ostrowskatv.pl\/wp-content\/uploads\/2023\/09\/1000048834-01.jpeg 1366w, https:\/\/ostrowskatv.pl\/wp-content\/uploads\/2023\/09\/1000048834-01-300x115.jpeg 300w, https:\/\/ostrowskatv.pl\/wp-content\/uploads\/2023\/09\/1000048834-01-1333x509.jpeg 1333w\" sizes=\"auto, (max-width: 1366px) 100vw, 1366px\" \/><\/p>\n","protected":false},"excerpt":{"rendered":"O sporym pechu mo\u017ce m\u00f3wi\u0107 mieszkanka gm. Odolan\u00f3w, kt\u00f3ra wybiera\u0142a si\u0119 na wesele. Wcze\u015bniej &#8211; jak to kobieta &#8211; postanowi\u0142a odwiedzi\u0107 kosmetyczk\u0119. Odmalowana \n<a class=\"moretag\" href=\"https:\/\/ostrowskatv.pl\/?p=26339\"> [...]<\/a>","protected":false},"author":1,"featured_media":26348,"comment_status":"open","ping_status":"closed","sticky":false,"template":"","format":"standard","meta":{"footnotes":""},"categories":[1],"tags":[48],"class_list":["post-26339","post","type-post","status-publish","format-standard","has-post-thumbnail","hentry","category-news","tag-kolizja"],"_links":{"self":[{"href":"https:\/\/ostrowskatv.pl\/index.php?rest_route=\/wp\/v2\/posts\/26339","targetHints":{"allow":["GET"]}}],"collection":[{"href":"https:\/\/ostrowskatv.pl\/index.php?rest_route=\/wp\/v2\/posts"}],"about":[{"href":"https:\/\/ostrowskatv.pl\/index.php?rest_route=\/wp\/v2\/types\/post"}],"author":[{"embeddable":true,"href":"https:\/\/ostrowskatv.pl\/index.php?rest_route=\/wp\/v2\/users\/1"}],"replies":[{"embeddable":true,"href":"https:\/\/ostrowskatv.pl\/index.php?rest_route=%2Fwp%2Fv2%2Fcomments&post=26339"}],"version-history":[{"count":0,"href":"https:\/\/ostrowskatv.pl\/index.php?rest_route=\/wp\/v2\/posts\/26339\/revisions"}],"wp:featuredmedia":[{"embeddable":true,"href":"https:\/\/ostrowskatv.pl\/index.php?rest_route=\/wp\/v2\/media\/26348"}],"wp:attachment":[{"href":"https:\/\/ostrowskatv.pl\/index.php?rest_route=%2Fwp%2Fv2%2Fmedia&parent=26339"}],"wp:term":[{"taxonomy":"category","embeddable":true,"href":"https:\/\/ostrowskatv.pl\/index.php?rest_route=%2Fwp%2Fv2%2Fcategories&post=26339"},{"taxonomy":"post_tag","embeddable":true,"href":"https:\/\/ostrowskatv.pl\/index.php?rest_route=%2Fwp%2Fv2%2Ftags&post=26339"}],"curies":[{"name":"wp","href":"https:\/\/api.w.org\/{rel}","templated":true}]}}