{"id":26337,"date":"2023-09-23T17:47:48","date_gmt":"2023-09-23T16:47:48","guid":{"rendered":"https:\/\/ostrowskatv.pl\/?p=26337"},"modified":"2023-09-23T17:47:48","modified_gmt":"2023-09-23T16:47:48","slug":"skradziono-samochod-spod-bloku-spora-wartosc","status":"publish","type":"post","link":"https:\/\/ostrowskatv.pl\/?p=26337","title":{"rendered":"Skradziono samoch\u00f3d spod bloku. Spora warto\u015b\u0107"},"content":{"rendered":"<p><strong>W nocy z pi\u0105tku na sobot\u0119 dosz\u0142o do kradzie\u017cy samochodu spod bloku przy ulicy Strzeleckiej w Ostrowie Wielkopolskim. Utracony pojazd to: bus Mercedes sprinter 317, 2020 rok produkcji o warto\u015bci oko\u0142o 200 tys. z\u0142.<\/strong><\/p>\n<p>Wewn\u0105trz znajdowa\u0142y si\u0119 elektronarz\u0119dzia.<\/p>\n","protected":false},"excerpt":{"rendered":"W nocy z pi\u0105tku na sobot\u0119 dosz\u0142o do kradzie\u017cy samochodu spod bloku przy ulicy Strzeleckiej w Ostrowie Wielkopolskim. Utracony pojazd to: bus Mercedes \n<a class=\"moretag\" href=\"https:\/\/ostrowskatv.pl\/?p=26337\"> [...]<\/a>","protected":false},"author":1,"featured_media":18202,"comment_status":"open","ping_status":"closed","sticky":false,"template":"","format":"standard","meta":{"footnotes":""},"categories":[1],"tags":[2],"class_list":["post-26337","post","type-post","status-publish","format-standard","has-post-thumbnail","hentry","category-news","tag-ostrow-wielkopolski"],"_links":{"self":[{"href":"https:\/\/ostrowskatv.pl\/index.php?rest_route=\/wp\/v2\/posts\/26337","targetHints":{"allow":["GET"]}}],"collection":[{"href":"https:\/\/ostrowskatv.pl\/index.php?rest_route=\/wp\/v2\/posts"}],"about":[{"href":"https:\/\/ostrowskatv.pl\/index.php?rest_route=\/wp\/v2\/types\/post"}],"author":[{"embeddable":true,"href":"https:\/\/ostrowskatv.pl\/index.php?rest_route=\/wp\/v2\/users\/1"}],"replies":[{"embeddable":true,"href":"https:\/\/ostrowskatv.pl\/index.php?rest_route=%2Fwp%2Fv2%2Fcomments&post=26337"}],"version-history":[{"count":0,"href":"https:\/\/ostrowskatv.pl\/index.php?rest_route=\/wp\/v2\/posts\/26337\/revisions"}],"wp:featuredmedia":[{"embeddable":true,"href":"https:\/\/ostrowskatv.pl\/index.php?rest_route=\/wp\/v2\/media\/18202"}],"wp:attachment":[{"href":"https:\/\/ostrowskatv.pl\/index.php?rest_route=%2Fwp%2Fv2%2Fmedia&parent=26337"}],"wp:term":[{"taxonomy":"category","embeddable":true,"href":"https:\/\/ostrowskatv.pl\/index.php?rest_route=%2Fwp%2Fv2%2Fcategories&post=26337"},{"taxonomy":"post_tag","embeddable":true,"href":"https:\/\/ostrowskatv.pl\/index.php?rest_route=%2Fwp%2Fv2%2Ftags&post=26337"}],"curies":[{"name":"wp","href":"https:\/\/api.w.org\/{rel}","templated":true}]}}