{"id":26334,"date":"2023-09-23T08:30:59","date_gmt":"2023-09-23T07:30:59","guid":{"rendered":"https:\/\/ostrowskatv.pl\/?p=26334"},"modified":"2023-09-23T08:30:59","modified_gmt":"2023-09-23T07:30:59","slug":"duzy-pozar-w-nocy-13-zastepow-w-akcji","status":"publish","type":"post","link":"https:\/\/ostrowskatv.pl\/?p=26334","title":{"rendered":"Du\u017cy po\u017car w nocy. 13 zast\u0119p\u00f3w w akcji"},"content":{"rendered":"<p><strong>Stra\u017cacy z Ostrowa Wielkopolskiego oraz powiat\u00f3w ostrowskiego i ostrzeszowskiego nie mieli przespanej nocy. Wszystko za spraw\u0105 po\u017caru, kt\u00f3ry wybuch\u0142 po p\u00f3\u0142nocy przy granicy obu powiat\u00f3w.<\/strong><\/p>\n<p>Do Zamo\u015bcia (gm. Sieroszewice, niedaleko Grabowa nad Prosn\u0105) zauwa\u017cono po\u017car na terenie zak\u0142adu stolarskiego, produkuj\u0105cego palety. P\u0142omienie obejmowa\u0142y namiot magazynowy o wymiarach 30&#215;14 metr\u00f3w, w kt\u00f3rym znajdowa\u0142o si\u0119 oko\u0142o tysi\u0105ca palet.<\/p>\n<p>Na miejsce zadysponowano \u0142\u0105cznie 13 zast\u0119p\u00f3w stra\u017cy po\u017carnej. Uda\u0142o si\u0119 zapobiec rozprzestrzenieniu si\u0119 ognia na s\u0105siednie obiekty. Straty oszacowano na oko\u0142o 400 tysi\u0119cy z\u0142otych.<\/p>\n<p>Ostatni zast\u0119p wr\u00f3ci\u0142 o godzinie 4:30 do bazy.<\/p>\n","protected":false},"excerpt":{"rendered":"Stra\u017cacy z Ostrowa Wielkopolskiego oraz powiat\u00f3w ostrowskiego i ostrzeszowskiego nie mieli przespanej nocy. Wszystko za spraw\u0105 po\u017caru, kt\u00f3ry wybuch\u0142 po p\u00f3\u0142nocy przy granicy \n<a class=\"moretag\" href=\"https:\/\/ostrowskatv.pl\/?p=26334\"> [...]<\/a>","protected":false},"author":1,"featured_media":26335,"comment_status":"open","ping_status":"closed","sticky":false,"template":"","format":"standard","meta":{"footnotes":""},"categories":[1],"tags":[2],"class_list":["post-26334","post","type-post","status-publish","format-standard","has-post-thumbnail","hentry","category-news","tag-ostrow-wielkopolski"],"_links":{"self":[{"href":"https:\/\/ostrowskatv.pl\/index.php?rest_route=\/wp\/v2\/posts\/26334","targetHints":{"allow":["GET"]}}],"collection":[{"href":"https:\/\/ostrowskatv.pl\/index.php?rest_route=\/wp\/v2\/posts"}],"about":[{"href":"https:\/\/ostrowskatv.pl\/index.php?rest_route=\/wp\/v2\/types\/post"}],"author":[{"embeddable":true,"href":"https:\/\/ostrowskatv.pl\/index.php?rest_route=\/wp\/v2\/users\/1"}],"replies":[{"embeddable":true,"href":"https:\/\/ostrowskatv.pl\/index.php?rest_route=%2Fwp%2Fv2%2Fcomments&post=26334"}],"version-history":[{"count":0,"href":"https:\/\/ostrowskatv.pl\/index.php?rest_route=\/wp\/v2\/posts\/26334\/revisions"}],"wp:featuredmedia":[{"embeddable":true,"href":"https:\/\/ostrowskatv.pl\/index.php?rest_route=\/wp\/v2\/media\/26335"}],"wp:attachment":[{"href":"https:\/\/ostrowskatv.pl\/index.php?rest_route=%2Fwp%2Fv2%2Fmedia&parent=26334"}],"wp:term":[{"taxonomy":"category","embeddable":true,"href":"https:\/\/ostrowskatv.pl\/index.php?rest_route=%2Fwp%2Fv2%2Fcategories&post=26334"},{"taxonomy":"post_tag","embeddable":true,"href":"https:\/\/ostrowskatv.pl\/index.php?rest_route=%2Fwp%2Fv2%2Ftags&post=26334"}],"curies":[{"name":"wp","href":"https:\/\/api.w.org\/{rel}","templated":true}]}}