{"id":26319,"date":"2023-09-21T16:26:58","date_gmt":"2023-09-21T15:26:58","guid":{"rendered":"https:\/\/ostrowskatv.pl\/?p=26319"},"modified":"2023-09-21T16:26:58","modified_gmt":"2023-09-21T15:26:58","slug":"dziecko-wypadlo-z-balkonu%e2%9d%97","status":"publish","type":"post","link":"https:\/\/ostrowskatv.pl\/?p=26319","title":{"rendered":"Dziecko wypad\u0142o z balkonu&#x2757;"},"content":{"rendered":"<p><strong>Do powa\u017cnego wypadku dosz\u0142o w czwartkowe popo\u0142udnie na terenie powiatu ostrowskiego. Z balkonu wypad\u0142 ch\u0142opiec. Zosta\u0142 zabrany LPR do szpitala. <\/strong><\/p>\n<p>Do dramatycznego zdarzenia dosz\u0142o w czwartek po godzinie 16 w miejscowo\u015bci Trkus\u00f3w (gm. Nowe Skalmierzyce). Z balkonu mieszkania znajduj\u0105cego si\u0119 na pierwszym pi\u0119trze wypad\u0142 oko\u0142o 5-letni ch\u0142opiec.<\/p>\n<p>Jak uda\u0142o nam si\u0119 nieoficjalnie dowiedzie\u0107, dziecko mia\u0142o wychyli\u0107 si\u0119 za balustrad\u0119 i wypa\u015b\u0107 z balkonu. Dziecko z obra\u017ceniami zosta\u0142o przetransportowane \u015bmig\u0142owcem LPR do szpitala. <\/p>\n<p>Policja wyja\u015bnia okoliczno\u015bci tego dramatycznego wypadku.<\/p>\n<p><img loading=\"lazy\" decoding=\"async\" src=\"https:\/\/ostrowskatv.pl\/wp-content\/uploads\/2023\/09\/1000048499-01.jpeg\" alt=\"\" width=\"875\" height=\"523\" class=\"alignnone size-full wp-image-26320\" srcset=\"https:\/\/ostrowskatv.pl\/wp-content\/uploads\/2023\/09\/1000048499-01.jpeg 875w, https:\/\/ostrowskatv.pl\/wp-content\/uploads\/2023\/09\/1000048499-01-300x179.jpeg 300w\" sizes=\"auto, (max-width: 875px) 100vw, 875px\" \/><\/p>\n<p><img loading=\"lazy\" decoding=\"async\" src=\"https:\/\/ostrowskatv.pl\/wp-content\/uploads\/2023\/09\/1000048495-01.jpeg\" alt=\"\" width=\"795\" height=\"1366\" class=\"alignnone size-full wp-image-26321\" srcset=\"https:\/\/ostrowskatv.pl\/wp-content\/uploads\/2023\/09\/1000048495-01.jpeg 795w, https:\/\/ostrowskatv.pl\/wp-content\/uploads\/2023\/09\/1000048495-01-175x300.jpeg 175w, https:\/\/ostrowskatv.pl\/wp-content\/uploads\/2023\/09\/1000048495-01-776x1333.jpeg 776w\" sizes=\"auto, (max-width: 795px) 100vw, 795px\" \/><\/p>\n<p><img loading=\"lazy\" decoding=\"async\" src=\"https:\/\/ostrowskatv.pl\/wp-content\/uploads\/2023\/09\/1000048496-01.jpeg\" alt=\"\" width=\"1366\" height=\"720\" class=\"alignnone size-full wp-image-26322\" srcset=\"https:\/\/ostrowskatv.pl\/wp-content\/uploads\/2023\/09\/1000048496-01.jpeg 1366w, https:\/\/ostrowskatv.pl\/wp-content\/uploads\/2023\/09\/1000048496-01-300x158.jpeg 300w, https:\/\/ostrowskatv.pl\/wp-content\/uploads\/2023\/09\/1000048496-01-1333x703.jpeg 1333w\" sizes=\"auto, (max-width: 1366px) 100vw, 1366px\" \/><\/p>\n<p><img loading=\"lazy\" decoding=\"async\" src=\"https:\/\/ostrowskatv.pl\/wp-content\/uploads\/2023\/09\/1000048512-01.jpeg\" alt=\"\" width=\"1366\" height=\"769\" class=\"alignnone size-full wp-image-26323\" srcset=\"https:\/\/ostrowskatv.pl\/wp-content\/uploads\/2023\/09\/1000048512-01.jpeg 1366w, https:\/\/ostrowskatv.pl\/wp-content\/uploads\/2023\/09\/1000048512-01-300x169.jpeg 300w, https:\/\/ostrowskatv.pl\/wp-content\/uploads\/2023\/09\/1000048512-01-1333x750.jpeg 1333w\" sizes=\"auto, (max-width: 1366px) 100vw, 1366px\" \/><\/p>\n<p><img loading=\"lazy\" decoding=\"async\" src=\"https:\/\/ostrowskatv.pl\/wp-content\/uploads\/2023\/09\/1000048514-01.jpeg\" alt=\"\" width=\"1366\" height=\"769\" class=\"alignnone size-full wp-image-26324\" srcset=\"https:\/\/ostrowskatv.pl\/wp-content\/uploads\/2023\/09\/1000048514-01.jpeg 1366w, https:\/\/ostrowskatv.pl\/wp-content\/uploads\/2023\/09\/1000048514-01-300x169.jpeg 300w, https:\/\/ostrowskatv.pl\/wp-content\/uploads\/2023\/09\/1000048514-01-1333x750.jpeg 1333w\" sizes=\"auto, (max-width: 1366px) 100vw, 1366px\" \/><\/p>\n<p><img loading=\"lazy\" decoding=\"async\" src=\"https:\/\/ostrowskatv.pl\/wp-content\/uploads\/2023\/09\/1000048518-01.jpeg\" alt=\"\" width=\"1366\" height=\"795\" class=\"alignnone size-full wp-image-26325\" srcset=\"https:\/\/ostrowskatv.pl\/wp-content\/uploads\/2023\/09\/1000048518-01.jpeg 1366w, https:\/\/ostrowskatv.pl\/wp-content\/uploads\/2023\/09\/1000048518-01-300x175.jpeg 300w, https:\/\/ostrowskatv.pl\/wp-content\/uploads\/2023\/09\/1000048518-01-1333x776.jpeg 1333w\" sizes=\"auto, (max-width: 1366px) 100vw, 1366px\" \/><\/p>\n<p><img loading=\"lazy\" decoding=\"async\" src=\"https:\/\/ostrowskatv.pl\/wp-content\/uploads\/2023\/09\/1000048519-01.jpeg\" alt=\"\" width=\"1366\" height=\"1058\" class=\"alignnone size-full wp-image-26326\" srcset=\"https:\/\/ostrowskatv.pl\/wp-content\/uploads\/2023\/09\/1000048519-01.jpeg 1366w, https:\/\/ostrowskatv.pl\/wp-content\/uploads\/2023\/09\/1000048519-01-300x232.jpeg 300w, https:\/\/ostrowskatv.pl\/wp-content\/uploads\/2023\/09\/1000048519-01-1333x1032.jpeg 1333w\" sizes=\"auto, (max-width: 1366px) 100vw, 1366px\" \/><\/p>\n","protected":false},"excerpt":{"rendered":"Do powa\u017cnego wypadku dosz\u0142o w czwartkowe popo\u0142udnie na terenie powiatu ostrowskiego. Z balkonu wypad\u0142 ch\u0142opiec. Zosta\u0142 zabrany LPR do szpitala. Do dramatycznego zdarzenia \n<a class=\"moretag\" href=\"https:\/\/ostrowskatv.pl\/?p=26319\"> [...]<\/a>","protected":false},"author":1,"featured_media":26326,"comment_status":"open","ping_status":"closed","sticky":false,"template":"","format":"standard","meta":{"footnotes":""},"categories":[1],"tags":[270,275,150,223],"class_list":["post-26319","post","type-post","status-publish","format-standard","has-post-thumbnail","hentry","category-news","tag-dzieci","tag-gm","tag-gm-nowe-skalmierzyce","tag-lpr"],"_links":{"self":[{"href":"https:\/\/ostrowskatv.pl\/index.php?rest_route=\/wp\/v2\/posts\/26319","targetHints":{"allow":["GET"]}}],"collection":[{"href":"https:\/\/ostrowskatv.pl\/index.php?rest_route=\/wp\/v2\/posts"}],"about":[{"href":"https:\/\/ostrowskatv.pl\/index.php?rest_route=\/wp\/v2\/types\/post"}],"author":[{"embeddable":true,"href":"https:\/\/ostrowskatv.pl\/index.php?rest_route=\/wp\/v2\/users\/1"}],"replies":[{"embeddable":true,"href":"https:\/\/ostrowskatv.pl\/index.php?rest_route=%2Fwp%2Fv2%2Fcomments&post=26319"}],"version-history":[{"count":0,"href":"https:\/\/ostrowskatv.pl\/index.php?rest_route=\/wp\/v2\/posts\/26319\/revisions"}],"wp:featuredmedia":[{"embeddable":true,"href":"https:\/\/ostrowskatv.pl\/index.php?rest_route=\/wp\/v2\/media\/26326"}],"wp:attachment":[{"href":"https:\/\/ostrowskatv.pl\/index.php?rest_route=%2Fwp%2Fv2%2Fmedia&parent=26319"}],"wp:term":[{"taxonomy":"category","embeddable":true,"href":"https:\/\/ostrowskatv.pl\/index.php?rest_route=%2Fwp%2Fv2%2Fcategories&post=26319"},{"taxonomy":"post_tag","embeddable":true,"href":"https:\/\/ostrowskatv.pl\/index.php?rest_route=%2Fwp%2Fv2%2Ftags&post=26319"}],"curies":[{"name":"wp","href":"https:\/\/api.w.org\/{rel}","templated":true}]}}