{"id":26272,"date":"2023-09-18T13:36:25","date_gmt":"2023-09-18T12:36:25","guid":{"rendered":"https:\/\/ostrowskatv.pl\/?p=26272"},"modified":"2023-09-18T13:36:25","modified_gmt":"2023-09-18T12:36:25","slug":"sledczy-znaja-wyniki-sekcji-ciala-5-miesiecznego-chlopca","status":"publish","type":"post","link":"https:\/\/ostrowskatv.pl\/?p=26272","title":{"rendered":"\u015aledczy znaj\u0105 wyniki sekcji cia\u0142a 5-miesi\u0119cznego ch\u0142opca"},"content":{"rendered":"<p><strong>\u015aledczy uzyskali wst\u0119pne ustalenia bieg\u0142ej s\u0105dowej z Wroc\u0142awia, kt\u00f3ra przeprowadzi\u0142a sekcj\u0119 cia\u0142a 5-miesi\u0119cznego ch\u0142opca. <\/strong><\/p>\n<p>Prokurator poinformowa\u0142, \u017ce oboje rodzice byli mocno pijani. Jeden z rodzic\u00f3w mia\u0142 2 promile, a drugi 1,6 promila. Dlatego te\u017c us\u0142yszeli zarzut nara\u017cenia dziecka na utrat\u0119 \u017cycia swojego syna. Zdaniem prokuratury z powodu stanu upojenia nie byli w stanie odpowiednio pom\u00f3c dziecku, kt\u00f3re utraci\u0142o czynno\u015bci \u017cyciowe. <\/p>\n<p>Wst\u0119pne wyniki sekcji ch\u0142opczyka nie ujawni\u0142y zewn\u0119trznej ingerencji os\u00f3b trzecich. Postanowiono przeprowadzi\u0107 bardziej szczeg\u00f3\u0142owe badania histopatologiczne, na kt\u00f3rych wyniki trzeba b\u0119dzie d\u0142u\u017cej poczeka\u0107. Nadal nie jest znana przyczyna zgonu, a wyniki tych bada\u0144 mog\u0105 pom\u00f3c ustali\u0107 jego przyczyn\u0119. <\/p>\n<p>43-letnia kobieta oraz 40-letni m\u0119\u017cczyzna przyznali si\u0119 do zarzutu bezpo\u015bredniego nara\u017cenia na niebezpiecze\u0144stwo utraty \u017cycia. <\/p>\n<p>Przypominamy, \u017ce maj\u0105c ma\u0142e dziecko zawsze jeden opiekun musi by\u0107 trze\u017awy. <\/p>\n<p><img loading=\"lazy\" decoding=\"async\" src=\"https:\/\/ostrowskatv.pl\/wp-content\/uploads\/2023\/09\/1000047774-01.jpeg\" alt=\"\" width=\"1366\" height=\"954\" class=\"alignnone size-full wp-image-26249\" srcset=\"https:\/\/ostrowskatv.pl\/wp-content\/uploads\/2023\/09\/1000047774-01.jpeg 1366w, https:\/\/ostrowskatv.pl\/wp-content\/uploads\/2023\/09\/1000047774-01-300x210.jpeg 300w, https:\/\/ostrowskatv.pl\/wp-content\/uploads\/2023\/09\/1000047774-01-1333x931.jpeg 1333w, https:\/\/ostrowskatv.pl\/wp-content\/uploads\/2023\/09\/1000047774-01-120x85.jpeg 120w\" sizes=\"auto, (max-width: 1366px) 100vw, 1366px\" \/><\/p>\n","protected":false},"excerpt":{"rendered":"\u015aledczy uzyskali wst\u0119pne ustalenia bieg\u0142ej s\u0105dowej z Wroc\u0142awia, kt\u00f3ra przeprowadzi\u0142a sekcj\u0119 cia\u0142a 5-miesi\u0119cznego ch\u0142opca. Prokurator poinformowa\u0142, \u017ce oboje rodzice byli mocno pijani. Jeden \n<a class=\"moretag\" href=\"https:\/\/ostrowskatv.pl\/?p=26272\"> [...]<\/a>","protected":false},"author":1,"featured_media":26244,"comment_status":"open","ping_status":"closed","sticky":false,"template":"","format":"standard","meta":{"footnotes":""},"categories":[1],"tags":[],"class_list":["post-26272","post","type-post","status-publish","format-standard","has-post-thumbnail","hentry","category-news"],"_links":{"self":[{"href":"https:\/\/ostrowskatv.pl\/index.php?rest_route=\/wp\/v2\/posts\/26272","targetHints":{"allow":["GET"]}}],"collection":[{"href":"https:\/\/ostrowskatv.pl\/index.php?rest_route=\/wp\/v2\/posts"}],"about":[{"href":"https:\/\/ostrowskatv.pl\/index.php?rest_route=\/wp\/v2\/types\/post"}],"author":[{"embeddable":true,"href":"https:\/\/ostrowskatv.pl\/index.php?rest_route=\/wp\/v2\/users\/1"}],"replies":[{"embeddable":true,"href":"https:\/\/ostrowskatv.pl\/index.php?rest_route=%2Fwp%2Fv2%2Fcomments&post=26272"}],"version-history":[{"count":0,"href":"https:\/\/ostrowskatv.pl\/index.php?rest_route=\/wp\/v2\/posts\/26272\/revisions"}],"wp:featuredmedia":[{"embeddable":true,"href":"https:\/\/ostrowskatv.pl\/index.php?rest_route=\/wp\/v2\/media\/26244"}],"wp:attachment":[{"href":"https:\/\/ostrowskatv.pl\/index.php?rest_route=%2Fwp%2Fv2%2Fmedia&parent=26272"}],"wp:term":[{"taxonomy":"category","embeddable":true,"href":"https:\/\/ostrowskatv.pl\/index.php?rest_route=%2Fwp%2Fv2%2Fcategories&post=26272"},{"taxonomy":"post_tag","embeddable":true,"href":"https:\/\/ostrowskatv.pl\/index.php?rest_route=%2Fwp%2Fv2%2Ftags&post=26272"}],"curies":[{"name":"wp","href":"https:\/\/api.w.org\/{rel}","templated":true}]}}