{"id":26251,"date":"2023-09-18T11:56:48","date_gmt":"2023-09-18T10:56:48","guid":{"rendered":"https:\/\/ostrowskatv.pl\/?p=26251"},"modified":"2023-09-18T11:56:48","modified_gmt":"2023-09-18T10:56:48","slug":"poprzednie-karetki-zzerala-rdza","status":"publish","type":"post","link":"https:\/\/ostrowskatv.pl\/?p=26251","title":{"rendered":"Poprzednie karetki z\u017cera\u0142a rdza"},"content":{"rendered":"<p>Dzi\u015b oficjalnie przekazano dwie karetki kupione ze \u015brodk\u00f3w Urz\u0119du Marsza\u0142kowskiego (85% stanowi\u0142a dotacja z UE). B\u0119d\u0105 one s\u0142u\u017cy\u0107 mieszka\u0144com powiatu ostrowskiego.<\/p>\n<p>Teraz trafi\u0142y 2 mercedesy warte \u0142\u0105cznie milion 560 tys. z\u0142. Wcze\u015bniej ministerstwo zdrowia m\u00f3wi\u0142o o pieni\u0105dzach na trzy nowe karetki. Te maj\u0105 trafic do ko\u0144ca roku. Dzi\u0119ki temu ostrowski szpital b\u0119dzie m\u00f3g\u0142 si\u0119 pochwali\u0107 pi\u0119cioma najnowszymi karetkami.<\/p>\n<p>Ze starej floty jest jeszcze 9-letni mercedes sprinter, na kt\u00f3rym widoczna jest rdza. Na stoj\u0105cym obok 5-letnim volkswagenie takich \u015blad\u00f3w nie ma. Poprzednie karetki mia\u0142y oko\u0142o 600 tysi\u0119cy kilometr\u00f3w przebiegu.<\/p>\n<p>Jak powiedzia\u0142 Marsza\u0142ek Wojew\u00f3dztwa Marek Wo\u017aniak, poprzednie karetki zu\u017cy\u0142y si\u0119, bo z racji og\u0142oszonej pandemii musia\u0142y wi\u0119cej je\u017adzi\u0107 i by\u0142y cz\u0119sto dezynfekowane.<\/p>\n<p><img loading=\"lazy\" decoding=\"async\" src=\"https:\/\/ostrowskatv.pl\/wp-content\/uploads\/2023\/09\/1000047970-01.jpeg\" alt=\"\" width=\"1366\" height=\"769\" class=\"alignnone size-full wp-image-26252\" srcset=\"https:\/\/ostrowskatv.pl\/wp-content\/uploads\/2023\/09\/1000047970-01.jpeg 1366w, https:\/\/ostrowskatv.pl\/wp-content\/uploads\/2023\/09\/1000047970-01-300x169.jpeg 300w, https:\/\/ostrowskatv.pl\/wp-content\/uploads\/2023\/09\/1000047970-01-1333x750.jpeg 1333w\" sizes=\"auto, (max-width: 1366px) 100vw, 1366px\" \/><\/p>\n<p><img loading=\"lazy\" decoding=\"async\" src=\"https:\/\/ostrowskatv.pl\/wp-content\/uploads\/2023\/09\/1000047971-01.jpeg\" alt=\"\" width=\"1366\" height=\"769\" class=\"alignnone size-full wp-image-26253\" srcset=\"https:\/\/ostrowskatv.pl\/wp-content\/uploads\/2023\/09\/1000047971-01.jpeg 1366w, https:\/\/ostrowskatv.pl\/wp-content\/uploads\/2023\/09\/1000047971-01-300x169.jpeg 300w, https:\/\/ostrowskatv.pl\/wp-content\/uploads\/2023\/09\/1000047971-01-1333x750.jpeg 1333w\" sizes=\"auto, (max-width: 1366px) 100vw, 1366px\" \/><\/p>\n<p><img loading=\"lazy\" decoding=\"async\" src=\"https:\/\/ostrowskatv.pl\/wp-content\/uploads\/2023\/09\/1000047972-01.jpeg\" alt=\"\" width=\"769\" height=\"1366\" class=\"alignnone size-full wp-image-26254\" srcset=\"https:\/\/ostrowskatv.pl\/wp-content\/uploads\/2023\/09\/1000047972-01.jpeg 769w, https:\/\/ostrowskatv.pl\/wp-content\/uploads\/2023\/09\/1000047972-01-169x300.jpeg 169w, https:\/\/ostrowskatv.pl\/wp-content\/uploads\/2023\/09\/1000047972-01-750x1333.jpeg 750w\" sizes=\"auto, (max-width: 769px) 100vw, 769px\" \/><\/p>\n<p><img loading=\"lazy\" decoding=\"async\" src=\"https:\/\/ostrowskatv.pl\/wp-content\/uploads\/2023\/09\/1000047977-01.jpeg\" alt=\"\" width=\"1366\" height=\"769\" class=\"alignnone size-full wp-image-26255\" srcset=\"https:\/\/ostrowskatv.pl\/wp-content\/uploads\/2023\/09\/1000047977-01.jpeg 1366w, https:\/\/ostrowskatv.pl\/wp-content\/uploads\/2023\/09\/1000047977-01-300x169.jpeg 300w, https:\/\/ostrowskatv.pl\/wp-content\/uploads\/2023\/09\/1000047977-01-1333x750.jpeg 1333w\" sizes=\"auto, (max-width: 1366px) 100vw, 1366px\" \/><\/p>\n<p><img loading=\"lazy\" decoding=\"async\" src=\"https:\/\/ostrowskatv.pl\/wp-content\/uploads\/2023\/09\/1000047978-01.jpeg\" alt=\"\" width=\"1366\" height=\"769\" class=\"alignnone size-full wp-image-26256\" srcset=\"https:\/\/ostrowskatv.pl\/wp-content\/uploads\/2023\/09\/1000047978-01.jpeg 1366w, https:\/\/ostrowskatv.pl\/wp-content\/uploads\/2023\/09\/1000047978-01-300x169.jpeg 300w, https:\/\/ostrowskatv.pl\/wp-content\/uploads\/2023\/09\/1000047978-01-1333x750.jpeg 1333w\" sizes=\"auto, (max-width: 1366px) 100vw, 1366px\" \/><\/p>\n<p><img loading=\"lazy\" decoding=\"async\" src=\"https:\/\/ostrowskatv.pl\/wp-content\/uploads\/2023\/09\/1000047979-01.jpeg\" alt=\"\" width=\"1365\" height=\"900\" class=\"alignnone size-full wp-image-26257\" srcset=\"https:\/\/ostrowskatv.pl\/wp-content\/uploads\/2023\/09\/1000047979-01.jpeg 1365w, https:\/\/ostrowskatv.pl\/wp-content\/uploads\/2023\/09\/1000047979-01-300x198.jpeg 300w, https:\/\/ostrowskatv.pl\/wp-content\/uploads\/2023\/09\/1000047979-01-1333x879.jpeg 1333w\" sizes=\"auto, (max-width: 1365px) 100vw, 1365px\" \/><\/p>\n<p><img loading=\"lazy\" decoding=\"async\" src=\"https:\/\/ostrowskatv.pl\/wp-content\/uploads\/2023\/09\/1000047980-01.jpeg\" alt=\"\" width=\"1366\" height=\"769\" class=\"alignnone size-full wp-image-26258\" srcset=\"https:\/\/ostrowskatv.pl\/wp-content\/uploads\/2023\/09\/1000047980-01.jpeg 1366w, https:\/\/ostrowskatv.pl\/wp-content\/uploads\/2023\/09\/1000047980-01-300x169.jpeg 300w, https:\/\/ostrowskatv.pl\/wp-content\/uploads\/2023\/09\/1000047980-01-1333x750.jpeg 1333w\" sizes=\"auto, (max-width: 1366px) 100vw, 1366px\" \/><\/p>\n<p><img loading=\"lazy\" decoding=\"async\" src=\"https:\/\/ostrowskatv.pl\/wp-content\/uploads\/2023\/09\/1000047981-01.jpeg\" alt=\"\" width=\"1366\" height=\"769\" class=\"alignnone size-full wp-image-26259\" srcset=\"https:\/\/ostrowskatv.pl\/wp-content\/uploads\/2023\/09\/1000047981-01.jpeg 1366w, https:\/\/ostrowskatv.pl\/wp-content\/uploads\/2023\/09\/1000047981-01-300x169.jpeg 300w, https:\/\/ostrowskatv.pl\/wp-content\/uploads\/2023\/09\/1000047981-01-1333x750.jpeg 1333w\" sizes=\"auto, (max-width: 1366px) 100vw, 1366px\" \/><\/p>\n<p><img loading=\"lazy\" decoding=\"async\" src=\"https:\/\/ostrowskatv.pl\/wp-content\/uploads\/2023\/09\/1000047982-01.jpeg\" alt=\"\" width=\"1366\" height=\"1075\" class=\"alignnone size-full wp-image-26260\" srcset=\"https:\/\/ostrowskatv.pl\/wp-content\/uploads\/2023\/09\/1000047982-01.jpeg 1366w, https:\/\/ostrowskatv.pl\/wp-content\/uploads\/2023\/09\/1000047982-01-300x236.jpeg 300w, https:\/\/ostrowskatv.pl\/wp-content\/uploads\/2023\/09\/1000047982-01-1333x1049.jpeg 1333w\" sizes=\"auto, (max-width: 1366px) 100vw, 1366px\" \/><\/p>\n<p><img loading=\"lazy\" decoding=\"async\" src=\"https:\/\/ostrowskatv.pl\/wp-content\/uploads\/2023\/09\/1000047984-01.jpeg\" alt=\"\" width=\"1194\" height=\"1366\" class=\"alignnone size-full wp-image-26261\" srcset=\"https:\/\/ostrowskatv.pl\/wp-content\/uploads\/2023\/09\/1000047984-01.jpeg 1194w, https:\/\/ostrowskatv.pl\/wp-content\/uploads\/2023\/09\/1000047984-01-262x300.jpeg 262w, https:\/\/ostrowskatv.pl\/wp-content\/uploads\/2023\/09\/1000047984-01-1165x1333.jpeg 1165w\" sizes=\"auto, (max-width: 1194px) 100vw, 1194px\" \/><\/p>\n<p><img loading=\"lazy\" decoding=\"async\" src=\"https:\/\/ostrowskatv.pl\/wp-content\/uploads\/2023\/09\/1000047985-01.jpeg\" alt=\"\" width=\"1366\" height=\"908\" class=\"alignnone size-full wp-image-26262\" srcset=\"https:\/\/ostrowskatv.pl\/wp-content\/uploads\/2023\/09\/1000047985-01.jpeg 1366w, https:\/\/ostrowskatv.pl\/wp-content\/uploads\/2023\/09\/1000047985-01-300x199.jpeg 300w, https:\/\/ostrowskatv.pl\/wp-content\/uploads\/2023\/09\/1000047985-01-1333x886.jpeg 1333w\" sizes=\"auto, (max-width: 1366px) 100vw, 1366px\" \/><\/p>\n<p><img loading=\"lazy\" decoding=\"async\" src=\"https:\/\/ostrowskatv.pl\/wp-content\/uploads\/2023\/09\/1000047986-01.jpeg\" alt=\"\" width=\"1366\" height=\"769\" class=\"alignnone size-full wp-image-26263\" srcset=\"https:\/\/ostrowskatv.pl\/wp-content\/uploads\/2023\/09\/1000047986-01.jpeg 1366w, https:\/\/ostrowskatv.pl\/wp-content\/uploads\/2023\/09\/1000047986-01-300x169.jpeg 300w, https:\/\/ostrowskatv.pl\/wp-content\/uploads\/2023\/09\/1000047986-01-1333x750.jpeg 1333w\" sizes=\"auto, (max-width: 1366px) 100vw, 1366px\" \/><\/p>\n<p><img loading=\"lazy\" decoding=\"async\" src=\"https:\/\/ostrowskatv.pl\/wp-content\/uploads\/2023\/09\/1000047987-01.jpeg\" alt=\"\" width=\"1366\" height=\"724\" class=\"alignnone size-full wp-image-26264\" srcset=\"https:\/\/ostrowskatv.pl\/wp-content\/uploads\/2023\/09\/1000047987-01.jpeg 1366w, https:\/\/ostrowskatv.pl\/wp-content\/uploads\/2023\/09\/1000047987-01-300x159.jpeg 300w, https:\/\/ostrowskatv.pl\/wp-content\/uploads\/2023\/09\/1000047987-01-1333x707.jpeg 1333w\" sizes=\"auto, (max-width: 1366px) 100vw, 1366px\" \/><\/p>\n<p><img loading=\"lazy\" decoding=\"async\" src=\"https:\/\/ostrowskatv.pl\/wp-content\/uploads\/2023\/09\/1000047988-01.jpeg\" alt=\"\" width=\"1366\" height=\"769\" class=\"alignnone size-full wp-image-26265\" srcset=\"https:\/\/ostrowskatv.pl\/wp-content\/uploads\/2023\/09\/1000047988-01.jpeg 1366w, https:\/\/ostrowskatv.pl\/wp-content\/uploads\/2023\/09\/1000047988-01-300x169.jpeg 300w, https:\/\/ostrowskatv.pl\/wp-content\/uploads\/2023\/09\/1000047988-01-1333x750.jpeg 1333w\" sizes=\"auto, (max-width: 1366px) 100vw, 1366px\" \/><\/p>\n<p><img loading=\"lazy\" decoding=\"async\" src=\"https:\/\/ostrowskatv.pl\/wp-content\/uploads\/2023\/09\/1000047989-01.jpeg\" alt=\"\" width=\"1366\" height=\"938\" class=\"alignnone size-full wp-image-26266\" srcset=\"https:\/\/ostrowskatv.pl\/wp-content\/uploads\/2023\/09\/1000047989-01.jpeg 1366w, https:\/\/ostrowskatv.pl\/wp-content\/uploads\/2023\/09\/1000047989-01-300x206.jpeg 300w, https:\/\/ostrowskatv.pl\/wp-content\/uploads\/2023\/09\/1000047989-01-1333x915.jpeg 1333w\" sizes=\"auto, (max-width: 1366px) 100vw, 1366px\" \/><\/p>\n<p><img loading=\"lazy\" decoding=\"async\" src=\"https:\/\/ostrowskatv.pl\/wp-content\/uploads\/2023\/09\/1000047990-01.jpeg\" alt=\"\" width=\"983\" height=\"1053\" class=\"alignnone size-full wp-image-26267\" srcset=\"https:\/\/ostrowskatv.pl\/wp-content\/uploads\/2023\/09\/1000047990-01.jpeg 983w, https:\/\/ostrowskatv.pl\/wp-content\/uploads\/2023\/09\/1000047990-01-280x300.jpeg 280w\" sizes=\"auto, (max-width: 983px) 100vw, 983px\" \/><\/p>\n<p><img loading=\"lazy\" decoding=\"async\" src=\"https:\/\/ostrowskatv.pl\/wp-content\/uploads\/2023\/09\/1000047991-01.jpeg\" alt=\"\" width=\"1366\" height=\"769\" class=\"alignnone size-full wp-image-26268\" srcset=\"https:\/\/ostrowskatv.pl\/wp-content\/uploads\/2023\/09\/1000047991-01.jpeg 1366w, https:\/\/ostrowskatv.pl\/wp-content\/uploads\/2023\/09\/1000047991-01-300x169.jpeg 300w, https:\/\/ostrowskatv.pl\/wp-content\/uploads\/2023\/09\/1000047991-01-1333x750.jpeg 1333w\" sizes=\"auto, (max-width: 1366px) 100vw, 1366px\" \/><\/p>\n<p><img loading=\"lazy\" decoding=\"async\" src=\"https:\/\/ostrowskatv.pl\/wp-content\/uploads\/2023\/09\/1000047992-01.jpeg\" alt=\"\" width=\"1366\" height=\"638\" class=\"alignnone size-full wp-image-26269\" srcset=\"https:\/\/ostrowskatv.pl\/wp-content\/uploads\/2023\/09\/1000047992-01.jpeg 1366w, https:\/\/ostrowskatv.pl\/wp-content\/uploads\/2023\/09\/1000047992-01-300x140.jpeg 300w, https:\/\/ostrowskatv.pl\/wp-content\/uploads\/2023\/09\/1000047992-01-1333x623.jpeg 1333w\" sizes=\"auto, (max-width: 1366px) 100vw, 1366px\" \/><\/p>\n","protected":false},"excerpt":{"rendered":"Dzi\u015b oficjalnie przekazano dwie karetki kupione ze \u015brodk\u00f3w Urz\u0119du Marsza\u0142kowskiego (85% stanowi\u0142a dotacja z UE). B\u0119d\u0105 one s\u0142u\u017cy\u0107 mieszka\u0144com powiatu ostrowskiego. Teraz trafi\u0142y \n<a class=\"moretag\" href=\"https:\/\/ostrowskatv.pl\/?p=26251\"> [...]<\/a>","protected":false},"author":1,"featured_media":26265,"comment_status":"open","ping_status":"closed","sticky":false,"template":"","format":"standard","meta":{"footnotes":""},"categories":[1],"tags":[2],"class_list":["post-26251","post","type-post","status-publish","format-standard","has-post-thumbnail","hentry","category-news","tag-ostrow-wielkopolski"],"_links":{"self":[{"href":"https:\/\/ostrowskatv.pl\/index.php?rest_route=\/wp\/v2\/posts\/26251","targetHints":{"allow":["GET"]}}],"collection":[{"href":"https:\/\/ostrowskatv.pl\/index.php?rest_route=\/wp\/v2\/posts"}],"about":[{"href":"https:\/\/ostrowskatv.pl\/index.php?rest_route=\/wp\/v2\/types\/post"}],"author":[{"embeddable":true,"href":"https:\/\/ostrowskatv.pl\/index.php?rest_route=\/wp\/v2\/users\/1"}],"replies":[{"embeddable":true,"href":"https:\/\/ostrowskatv.pl\/index.php?rest_route=%2Fwp%2Fv2%2Fcomments&post=26251"}],"version-history":[{"count":0,"href":"https:\/\/ostrowskatv.pl\/index.php?rest_route=\/wp\/v2\/posts\/26251\/revisions"}],"wp:featuredmedia":[{"embeddable":true,"href":"https:\/\/ostrowskatv.pl\/index.php?rest_route=\/wp\/v2\/media\/26265"}],"wp:attachment":[{"href":"https:\/\/ostrowskatv.pl\/index.php?rest_route=%2Fwp%2Fv2%2Fmedia&parent=26251"}],"wp:term":[{"taxonomy":"category","embeddable":true,"href":"https:\/\/ostrowskatv.pl\/index.php?rest_route=%2Fwp%2Fv2%2Fcategories&post=26251"},{"taxonomy":"post_tag","embeddable":true,"href":"https:\/\/ostrowskatv.pl\/index.php?rest_route=%2Fwp%2Fv2%2Ftags&post=26251"}],"curies":[{"name":"wp","href":"https:\/\/api.w.org\/{rel}","templated":true}]}}