{"id":26242,"date":"2023-09-17T09:29:21","date_gmt":"2023-09-17T08:29:21","guid":{"rendered":"https:\/\/ostrowskatv.pl\/?p=26242"},"modified":"2023-09-17T09:29:21","modified_gmt":"2023-09-17T08:29:21","slug":"znaleziono-nie-zyjace-5-miesieczne-dziecko-aktualizacja-2","status":"publish","type":"post","link":"https:\/\/ostrowskatv.pl\/?p=26242","title":{"rendered":"Znaleziono nie \u017cyj\u0105ce 5-miesi\u0119czne dziecko (aktualizacja 2)"},"content":{"rendered":"<p><strong>Na terenie Kalisza ujawniono cia\u0142o 5-miesi\u0119cznego dziecka, kt\u00f3re znajdowa\u0142o si\u0119 w jednym z mieszka\u0144 w bloku przy ulicy Widok. <\/p>\n<p>Cia\u0142o dziecka zabezpieczone do sekcji s\u0105dowo &#8211; lekarskiej. \u015aledczy nie ujawniaj\u0105 na ten moment okoliczno\u015bci.<\/strong><\/p>\n<p>Zg\u0142oszenie by\u0142o oko\u0142o godziny 13.<\/p>\n<p>Jeden z portali sugerowa\u0142, \u017ce matki dziecka mia\u0142o nie by\u0107 w chwili przybycia s\u0142u\u017cb do mieszkania. Tej informacji zaprzecza prokuratura. Dziecko nie mia\u0142o zewn\u0119trznych obra\u017ce\u0144 cia\u0142a, ale sam fakt \u015bmierci w m\u0142odym wieku wymaga wyja\u015bnienia charakteru zgonu. <\/p>\n<p>Sasi\u0119dzi m\u00f3wi\u0105, \u017ce trzy osoby wyprowadzano w kajdankach. <\/p>\n<p>Aktualizacja 2<br \/>\n\u015aledczy zamierzaj\u0105 w niedziel\u0119 po godzinie 14 przes\u0142ucha\u0107 rodzic\u00f3w. Do mieszkania by\u0142 wezwany bieg\u0142y lekarz s\u0105dowy, kt\u00f3ry nie stwierdzi\u0142 zewn\u0119trznych obra\u017ce\u0144 na ciele ch\u0142opca. Wi\u0119cej informacji zostanie przekazane w poniedzia\u0142ek.<\/p>\n<p><img loading=\"lazy\" decoding=\"async\" src=\"https:\/\/ostrowskatv.pl\/wp-content\/uploads\/2023\/09\/1000047810-01.jpeg\" alt=\"\" width=\"1111\" height=\"1366\" class=\"alignnone size-full wp-image-26243\" srcset=\"https:\/\/ostrowskatv.pl\/wp-content\/uploads\/2023\/09\/1000047810-01.jpeg 1111w, https:\/\/ostrowskatv.pl\/wp-content\/uploads\/2023\/09\/1000047810-01-244x300.jpeg 244w, https:\/\/ostrowskatv.pl\/wp-content\/uploads\/2023\/09\/1000047810-01-1084x1333.jpeg 1084w\" sizes=\"auto, (max-width: 1111px) 100vw, 1111px\" \/><\/p>\n<p><img loading=\"lazy\" decoding=\"async\" src=\"https:\/\/ostrowskatv.pl\/wp-content\/uploads\/2023\/09\/1000047804-01.jpeg\" alt=\"\" width=\"1150\" height=\"1366\" class=\"alignnone size-full wp-image-26244\" srcset=\"https:\/\/ostrowskatv.pl\/wp-content\/uploads\/2023\/09\/1000047804-01.jpeg 1150w, https:\/\/ostrowskatv.pl\/wp-content\/uploads\/2023\/09\/1000047804-01-253x300.jpeg 253w, https:\/\/ostrowskatv.pl\/wp-content\/uploads\/2023\/09\/1000047804-01-1122x1333.jpeg 1122w\" sizes=\"auto, (max-width: 1150px) 100vw, 1150px\" \/><\/p>\n<p><img loading=\"lazy\" decoding=\"async\" src=\"https:\/\/ostrowskatv.pl\/wp-content\/uploads\/2023\/09\/1000047801-01.jpeg\" alt=\"\" width=\"1366\" height=\"860\" class=\"alignnone size-full wp-image-26245\" srcset=\"https:\/\/ostrowskatv.pl\/wp-content\/uploads\/2023\/09\/1000047801-01.jpeg 1366w, https:\/\/ostrowskatv.pl\/wp-content\/uploads\/2023\/09\/1000047801-01-300x189.jpeg 300w, https:\/\/ostrowskatv.pl\/wp-content\/uploads\/2023\/09\/1000047801-01-1333x839.jpeg 1333w\" sizes=\"auto, (max-width: 1366px) 100vw, 1366px\" \/><\/p>\n<p><img loading=\"lazy\" decoding=\"async\" src=\"https:\/\/ostrowskatv.pl\/wp-content\/uploads\/2023\/09\/1000047791-01.jpeg\" alt=\"\" width=\"883\" height=\"1366\" class=\"alignnone size-full wp-image-26246\" srcset=\"https:\/\/ostrowskatv.pl\/wp-content\/uploads\/2023\/09\/1000047791-01.jpeg 883w, https:\/\/ostrowskatv.pl\/wp-content\/uploads\/2023\/09\/1000047791-01-194x300.jpeg 194w, https:\/\/ostrowskatv.pl\/wp-content\/uploads\/2023\/09\/1000047791-01-862x1333.jpeg 862w\" sizes=\"auto, (max-width: 883px) 100vw, 883px\" \/><\/p>\n<p><img loading=\"lazy\" decoding=\"async\" src=\"https:\/\/ostrowskatv.pl\/wp-content\/uploads\/2023\/09\/1000047789-01.jpeg\" alt=\"\" width=\"923\" height=\"1366\" class=\"alignnone size-full wp-image-26247\" srcset=\"https:\/\/ostrowskatv.pl\/wp-content\/uploads\/2023\/09\/1000047789-01.jpeg 923w, https:\/\/ostrowskatv.pl\/wp-content\/uploads\/2023\/09\/1000047789-01-203x300.jpeg 203w, https:\/\/ostrowskatv.pl\/wp-content\/uploads\/2023\/09\/1000047789-01-901x1333.jpeg 901w\" sizes=\"auto, (max-width: 923px) 100vw, 923px\" \/><\/p>\n<p><img loading=\"lazy\" decoding=\"async\" src=\"https:\/\/ostrowskatv.pl\/wp-content\/uploads\/2023\/09\/1000047777-01.jpeg\" alt=\"\" width=\"1366\" height=\"769\" class=\"alignnone size-full wp-image-26248\" srcset=\"https:\/\/ostrowskatv.pl\/wp-content\/uploads\/2023\/09\/1000047777-01.jpeg 1366w, https:\/\/ostrowskatv.pl\/wp-content\/uploads\/2023\/09\/1000047777-01-300x169.jpeg 300w, https:\/\/ostrowskatv.pl\/wp-content\/uploads\/2023\/09\/1000047777-01-1333x750.jpeg 1333w\" sizes=\"auto, (max-width: 1366px) 100vw, 1366px\" \/><\/p>\n<p><img loading=\"lazy\" decoding=\"async\" src=\"https:\/\/ostrowskatv.pl\/wp-content\/uploads\/2023\/09\/1000047774-01.jpeg\" alt=\"\" width=\"1366\" height=\"954\" class=\"alignnone size-full wp-image-26249\" srcset=\"https:\/\/ostrowskatv.pl\/wp-content\/uploads\/2023\/09\/1000047774-01.jpeg 1366w, https:\/\/ostrowskatv.pl\/wp-content\/uploads\/2023\/09\/1000047774-01-300x210.jpeg 300w, https:\/\/ostrowskatv.pl\/wp-content\/uploads\/2023\/09\/1000047774-01-1333x931.jpeg 1333w, https:\/\/ostrowskatv.pl\/wp-content\/uploads\/2023\/09\/1000047774-01-120x85.jpeg 120w\" sizes=\"auto, (max-width: 1366px) 100vw, 1366px\" \/><\/p>\n","protected":false},"excerpt":{"rendered":"Na terenie Kalisza ujawniono cia\u0142o 5-miesi\u0119cznego dziecka, kt\u00f3re znajdowa\u0142o si\u0119 w jednym z mieszka\u0144 w bloku przy ulicy Widok. Cia\u0142o dziecka zabezpieczone do \n<a class=\"moretag\" href=\"https:\/\/ostrowskatv.pl\/?p=26242\"> [...]<\/a>","protected":false},"author":1,"featured_media":26249,"comment_status":"open","ping_status":"closed","sticky":false,"template":"","format":"standard","meta":{"footnotes":""},"categories":[1],"tags":[270],"class_list":["post-26242","post","type-post","status-publish","format-standard","has-post-thumbnail","hentry","category-news","tag-dzieci"],"_links":{"self":[{"href":"https:\/\/ostrowskatv.pl\/index.php?rest_route=\/wp\/v2\/posts\/26242","targetHints":{"allow":["GET"]}}],"collection":[{"href":"https:\/\/ostrowskatv.pl\/index.php?rest_route=\/wp\/v2\/posts"}],"about":[{"href":"https:\/\/ostrowskatv.pl\/index.php?rest_route=\/wp\/v2\/types\/post"}],"author":[{"embeddable":true,"href":"https:\/\/ostrowskatv.pl\/index.php?rest_route=\/wp\/v2\/users\/1"}],"replies":[{"embeddable":true,"href":"https:\/\/ostrowskatv.pl\/index.php?rest_route=%2Fwp%2Fv2%2Fcomments&post=26242"}],"version-history":[{"count":0,"href":"https:\/\/ostrowskatv.pl\/index.php?rest_route=\/wp\/v2\/posts\/26242\/revisions"}],"wp:featuredmedia":[{"embeddable":true,"href":"https:\/\/ostrowskatv.pl\/index.php?rest_route=\/wp\/v2\/media\/26249"}],"wp:attachment":[{"href":"https:\/\/ostrowskatv.pl\/index.php?rest_route=%2Fwp%2Fv2%2Fmedia&parent=26242"}],"wp:term":[{"taxonomy":"category","embeddable":true,"href":"https:\/\/ostrowskatv.pl\/index.php?rest_route=%2Fwp%2Fv2%2Fcategories&post=26242"},{"taxonomy":"post_tag","embeddable":true,"href":"https:\/\/ostrowskatv.pl\/index.php?rest_route=%2Fwp%2Fv2%2Ftags&post=26242"}],"curies":[{"name":"wp","href":"https:\/\/api.w.org\/{rel}","templated":true}]}}