{"id":26208,"date":"2023-09-12T14:15:12","date_gmt":"2023-09-12T13:15:12","guid":{"rendered":"https:\/\/ostrowskatv.pl\/?p=26208"},"modified":"2023-09-12T14:15:12","modified_gmt":"2023-09-12T13:15:12","slug":"kolejny-pozar-lasu-w-tym-miejscu","status":"publish","type":"post","link":"https:\/\/ostrowskatv.pl\/?p=26208","title":{"rendered":"Kolejny po\u017car lasu w tym miejscu"},"content":{"rendered":"<p><strong>Kolejny raz w tym rok stra\u017cacy zostali wezwani do po\u017caru lasu w rejonie K\u0119szyce &#8211; Bibianki. Tym razem sp\u0142on\u0119\u0142o poszycie przy jednej z dr\u00f3g le\u015bnych.<\/strong><\/p>\n<p>Pierwsi na miejscu pojawili si\u0119 ochotnicy z OSP Sieroszewice. Kilka minut p\u00f3\u017aniej do\u0142\u0105czyli druhowie z Wt\u00f3rku oraz stra\u017cacy z Ostrowa Wielkopolskiego. Druhom z Sieroszewice uda\u0142o si\u0119 opanowa\u0107 sytuacj\u0119, a pozosta\u0142e zast\u0119py pomog\u0142y dogasi\u0107 teren pogorzeliska.<\/p>\n<p><img loading=\"lazy\" decoding=\"async\" src=\"https:\/\/ostrowskatv.pl\/wp-content\/uploads\/2023\/09\/1000047244-01.jpeg\" alt=\"\" width=\"1366\" height=\"769\" class=\"alignnone size-full wp-image-26209\" srcset=\"https:\/\/ostrowskatv.pl\/wp-content\/uploads\/2023\/09\/1000047244-01.jpeg 1366w, https:\/\/ostrowskatv.pl\/wp-content\/uploads\/2023\/09\/1000047244-01-300x169.jpeg 300w, https:\/\/ostrowskatv.pl\/wp-content\/uploads\/2023\/09\/1000047244-01-1333x750.jpeg 1333w\" sizes=\"auto, (max-width: 1366px) 100vw, 1366px\" \/><\/p>\n<p><img loading=\"lazy\" decoding=\"async\" src=\"https:\/\/ostrowskatv.pl\/wp-content\/uploads\/2023\/09\/1000047247-01.jpeg\" alt=\"\" width=\"1366\" height=\"769\" class=\"alignnone size-full wp-image-26210\" srcset=\"https:\/\/ostrowskatv.pl\/wp-content\/uploads\/2023\/09\/1000047247-01.jpeg 1366w, https:\/\/ostrowskatv.pl\/wp-content\/uploads\/2023\/09\/1000047247-01-300x169.jpeg 300w, https:\/\/ostrowskatv.pl\/wp-content\/uploads\/2023\/09\/1000047247-01-1333x750.jpeg 1333w\" sizes=\"auto, (max-width: 1366px) 100vw, 1366px\" \/><\/p>\n<p><img loading=\"lazy\" decoding=\"async\" src=\"https:\/\/ostrowskatv.pl\/wp-content\/uploads\/2023\/09\/1000047243-01.jpeg\" alt=\"\" width=\"1366\" height=\"769\" class=\"alignnone size-full wp-image-26211\" srcset=\"https:\/\/ostrowskatv.pl\/wp-content\/uploads\/2023\/09\/1000047243-01.jpeg 1366w, https:\/\/ostrowskatv.pl\/wp-content\/uploads\/2023\/09\/1000047243-01-300x169.jpeg 300w, https:\/\/ostrowskatv.pl\/wp-content\/uploads\/2023\/09\/1000047243-01-1333x750.jpeg 1333w\" sizes=\"auto, (max-width: 1366px) 100vw, 1366px\" \/><\/p>\n<p><img loading=\"lazy\" decoding=\"async\" src=\"https:\/\/ostrowskatv.pl\/wp-content\/uploads\/2023\/09\/1000047242-01.jpeg\" alt=\"\" width=\"1366\" height=\"1033\" class=\"alignnone size-full wp-image-26212\" srcset=\"https:\/\/ostrowskatv.pl\/wp-content\/uploads\/2023\/09\/1000047242-01.jpeg 1366w, https:\/\/ostrowskatv.pl\/wp-content\/uploads\/2023\/09\/1000047242-01-300x227.jpeg 300w, https:\/\/ostrowskatv.pl\/wp-content\/uploads\/2023\/09\/1000047242-01-1333x1008.jpeg 1333w\" sizes=\"auto, (max-width: 1366px) 100vw, 1366px\" \/><\/p>\n<p><img loading=\"lazy\" decoding=\"async\" src=\"https:\/\/ostrowskatv.pl\/wp-content\/uploads\/2023\/09\/1000047241-01.jpeg\" alt=\"\" width=\"1366\" height=\"797\" class=\"alignnone size-full wp-image-26213\" srcset=\"https:\/\/ostrowskatv.pl\/wp-content\/uploads\/2023\/09\/1000047241-01.jpeg 1366w, https:\/\/ostrowskatv.pl\/wp-content\/uploads\/2023\/09\/1000047241-01-300x175.jpeg 300w, https:\/\/ostrowskatv.pl\/wp-content\/uploads\/2023\/09\/1000047241-01-1333x778.jpeg 1333w, https:\/\/ostrowskatv.pl\/wp-content\/uploads\/2023\/09\/1000047241-01-752x440.jpeg 752w\" sizes=\"auto, (max-width: 1366px) 100vw, 1366px\" \/><\/p>\n<p><img loading=\"lazy\" decoding=\"async\" src=\"https:\/\/ostrowskatv.pl\/wp-content\/uploads\/2023\/09\/1000047240-01.jpeg\" alt=\"\" width=\"1366\" height=\"766\" class=\"alignnone size-full wp-image-26214\" srcset=\"https:\/\/ostrowskatv.pl\/wp-content\/uploads\/2023\/09\/1000047240-01.jpeg 1366w, https:\/\/ostrowskatv.pl\/wp-content\/uploads\/2023\/09\/1000047240-01-300x168.jpeg 300w, https:\/\/ostrowskatv.pl\/wp-content\/uploads\/2023\/09\/1000047240-01-1333x747.jpeg 1333w\" sizes=\"auto, (max-width: 1366px) 100vw, 1366px\" \/><\/p>\n<p><img loading=\"lazy\" decoding=\"async\" src=\"https:\/\/ostrowskatv.pl\/wp-content\/uploads\/2023\/09\/1000047239-01.jpeg\" alt=\"\" width=\"1366\" height=\"752\" class=\"alignnone size-full wp-image-26215\" srcset=\"https:\/\/ostrowskatv.pl\/wp-content\/uploads\/2023\/09\/1000047239-01.jpeg 1366w, https:\/\/ostrowskatv.pl\/wp-content\/uploads\/2023\/09\/1000047239-01-300x165.jpeg 300w, https:\/\/ostrowskatv.pl\/wp-content\/uploads\/2023\/09\/1000047239-01-1333x734.jpeg 1333w\" sizes=\"auto, (max-width: 1366px) 100vw, 1366px\" \/><\/p>\n<p><img loading=\"lazy\" decoding=\"async\" src=\"https:\/\/ostrowskatv.pl\/wp-content\/uploads\/2023\/09\/1000047238-01.jpeg\" alt=\"\" width=\"1366\" height=\"769\" class=\"alignnone size-full wp-image-26216\" srcset=\"https:\/\/ostrowskatv.pl\/wp-content\/uploads\/2023\/09\/1000047238-01.jpeg 1366w, https:\/\/ostrowskatv.pl\/wp-content\/uploads\/2023\/09\/1000047238-01-300x169.jpeg 300w, https:\/\/ostrowskatv.pl\/wp-content\/uploads\/2023\/09\/1000047238-01-1333x750.jpeg 1333w\" sizes=\"auto, (max-width: 1366px) 100vw, 1366px\" \/><\/p>\n","protected":false},"excerpt":{"rendered":"Kolejny raz w tym rok stra\u017cacy zostali wezwani do po\u017caru lasu w rejonie K\u0119szyce &#8211; Bibianki. Tym razem sp\u0142on\u0119\u0142o poszycie przy jednej z \n<a class=\"moretag\" href=\"https:\/\/ostrowskatv.pl\/?p=26208\"> [...]<\/a>","protected":false},"author":1,"featured_media":26215,"comment_status":"open","ping_status":"closed","sticky":false,"template":"","format":"standard","meta":{"footnotes":""},"categories":[1],"tags":[239,7],"class_list":["post-26208","post","type-post","status-publish","format-standard","has-post-thumbnail","hentry","category-news","tag-las","tag-pozar"],"_links":{"self":[{"href":"https:\/\/ostrowskatv.pl\/index.php?rest_route=\/wp\/v2\/posts\/26208","targetHints":{"allow":["GET"]}}],"collection":[{"href":"https:\/\/ostrowskatv.pl\/index.php?rest_route=\/wp\/v2\/posts"}],"about":[{"href":"https:\/\/ostrowskatv.pl\/index.php?rest_route=\/wp\/v2\/types\/post"}],"author":[{"embeddable":true,"href":"https:\/\/ostrowskatv.pl\/index.php?rest_route=\/wp\/v2\/users\/1"}],"replies":[{"embeddable":true,"href":"https:\/\/ostrowskatv.pl\/index.php?rest_route=%2Fwp%2Fv2%2Fcomments&post=26208"}],"version-history":[{"count":0,"href":"https:\/\/ostrowskatv.pl\/index.php?rest_route=\/wp\/v2\/posts\/26208\/revisions"}],"wp:featuredmedia":[{"embeddable":true,"href":"https:\/\/ostrowskatv.pl\/index.php?rest_route=\/wp\/v2\/media\/26215"}],"wp:attachment":[{"href":"https:\/\/ostrowskatv.pl\/index.php?rest_route=%2Fwp%2Fv2%2Fmedia&parent=26208"}],"wp:term":[{"taxonomy":"category","embeddable":true,"href":"https:\/\/ostrowskatv.pl\/index.php?rest_route=%2Fwp%2Fv2%2Fcategories&post=26208"},{"taxonomy":"post_tag","embeddable":true,"href":"https:\/\/ostrowskatv.pl\/index.php?rest_route=%2Fwp%2Fv2%2Ftags&post=26208"}],"curies":[{"name":"wp","href":"https:\/\/api.w.org\/{rel}","templated":true}]}}