{"id":26165,"date":"2023-09-08T20:16:57","date_gmt":"2023-09-08T19:16:57","guid":{"rendered":"https:\/\/ostrowskatv.pl\/?p=26165"},"modified":"2023-09-08T20:16:57","modified_gmt":"2023-09-08T19:16:57","slug":"90-latek-rozbil-4-auta","status":"publish","type":"post","link":"https:\/\/ostrowskatv.pl\/?p=26165","title":{"rendered":"90-latek rozbi\u0142 4 auta!"},"content":{"rendered":"<p><strong>Powraca temat obowi\u0105zkowych bada\u0144 dla kierowc\u00f3w, kt\u00f3rzy przekroczyli pewien wiek. Trudno sobie wyobrazi\u0107 by 90-latkowie mieli motoryk\u0119 pozwalaj\u0105c\u0105 bezpiecznie porusza\u0107 si\u0119 po drogach z tak du\u017cym nat\u0119\u017ceniem ruchu jak obecnie.<\/strong><\/p>\n<p>90-letni m\u0119\u017cczyzna kieruj\u0105c toyot\u0105 nie zachowa\u0142 bezpiecznej odleg\u0142o\u015bci i wjecha\u0142 z impetem w audi, kt\u00f3re w efekcie domina uderzy\u0142o w opla, a ten w peugeota. Na miejsce wys\u0142ano stra\u017cak\u00f3w, karetk\u0119 pogotowia ratunkowego oraz policj\u0119. <\/p>\n<p>Sprawc\u0119 kolizji ukarano mandatem karnym w wysoko\u015bci 1050 z\u0142. Na jego konto trafi\u0142o 12 punkt\u00f3w karnych. <\/p>\n<p>Kolizja mia\u0142a miejsce na ulicy Pozna\u0144skiej w Ostrowie Wlkp. w rejonie skrzy\u017cowania z ulic\u0105 Dembi\u0144skiego.<\/p>\n<p><img loading=\"lazy\" decoding=\"async\" src=\"https:\/\/ostrowskatv.pl\/wp-content\/uploads\/2023\/09\/1000046411-01.jpeg\" alt=\"\" width=\"1201\" height=\"689\" class=\"alignnone size-full wp-image-26167\" srcset=\"https:\/\/ostrowskatv.pl\/wp-content\/uploads\/2023\/09\/1000046411-01.jpeg 1201w, https:\/\/ostrowskatv.pl\/wp-content\/uploads\/2023\/09\/1000046411-01-300x172.jpeg 300w\" sizes=\"auto, (max-width: 1201px) 100vw, 1201px\" \/><\/p>\n<p><img loading=\"lazy\" decoding=\"async\" src=\"https:\/\/ostrowskatv.pl\/wp-content\/uploads\/2023\/09\/1000046391-01.jpeg\" alt=\"\" width=\"1152\" height=\"877\" class=\"alignnone size-full wp-image-26168\" srcset=\"https:\/\/ostrowskatv.pl\/wp-content\/uploads\/2023\/09\/1000046391-01.jpeg 1152w, https:\/\/ostrowskatv.pl\/wp-content\/uploads\/2023\/09\/1000046391-01-300x228.jpeg 300w\" sizes=\"auto, (max-width: 1152px) 100vw, 1152px\" \/><\/p>\n<p><img loading=\"lazy\" decoding=\"async\" src=\"https:\/\/ostrowskatv.pl\/wp-content\/uploads\/2023\/09\/1000046432-01.jpeg\" alt=\"\" width=\"807\" height=\"385\" class=\"alignnone size-full wp-image-26169\" srcset=\"https:\/\/ostrowskatv.pl\/wp-content\/uploads\/2023\/09\/1000046432-01.jpeg 807w, https:\/\/ostrowskatv.pl\/wp-content\/uploads\/2023\/09\/1000046432-01-300x143.jpeg 300w\" sizes=\"auto, (max-width: 807px) 100vw, 807px\" \/><\/p>\n<p><img loading=\"lazy\" decoding=\"async\" src=\"https:\/\/ostrowskatv.pl\/wp-content\/uploads\/2023\/09\/1000046423-01.jpeg\" alt=\"\" width=\"1366\" height=\"755\" class=\"alignnone size-full wp-image-26170\" srcset=\"https:\/\/ostrowskatv.pl\/wp-content\/uploads\/2023\/09\/1000046423-01.jpeg 1366w, https:\/\/ostrowskatv.pl\/wp-content\/uploads\/2023\/09\/1000046423-01-300x166.jpeg 300w, https:\/\/ostrowskatv.pl\/wp-content\/uploads\/2023\/09\/1000046423-01-1333x737.jpeg 1333w\" sizes=\"auto, (max-width: 1366px) 100vw, 1366px\" \/><\/p>\n<p><img loading=\"lazy\" decoding=\"async\" src=\"https:\/\/ostrowskatv.pl\/wp-content\/uploads\/2023\/09\/1000046429-01.jpeg\" alt=\"\" width=\"992\" height=\"483\" class=\"alignnone size-full wp-image-26171\" srcset=\"https:\/\/ostrowskatv.pl\/wp-content\/uploads\/2023\/09\/1000046429-01.jpeg 992w, https:\/\/ostrowskatv.pl\/wp-content\/uploads\/2023\/09\/1000046429-01-300x146.jpeg 300w\" sizes=\"auto, (max-width: 992px) 100vw, 992px\" \/><\/p>\n<p><img loading=\"lazy\" decoding=\"async\" src=\"https:\/\/ostrowskatv.pl\/wp-content\/uploads\/2023\/09\/1000046378-01.jpeg\" alt=\"\" width=\"1365\" height=\"678\" class=\"alignnone size-full wp-image-26172\" srcset=\"https:\/\/ostrowskatv.pl\/wp-content\/uploads\/2023\/09\/1000046378-01.jpeg 1365w, https:\/\/ostrowskatv.pl\/wp-content\/uploads\/2023\/09\/1000046378-01-300x149.jpeg 300w, https:\/\/ostrowskatv.pl\/wp-content\/uploads\/2023\/09\/1000046378-01-1333x662.jpeg 1333w\" sizes=\"auto, (max-width: 1365px) 100vw, 1365px\" \/><\/p>\n<p><img loading=\"lazy\" decoding=\"async\" src=\"https:\/\/ostrowskatv.pl\/wp-content\/uploads\/2023\/09\/1000046375-01.jpeg\" alt=\"\" width=\"1366\" height=\"690\" class=\"alignnone size-full wp-image-26173\" srcset=\"https:\/\/ostrowskatv.pl\/wp-content\/uploads\/2023\/09\/1000046375-01.jpeg 1366w, https:\/\/ostrowskatv.pl\/wp-content\/uploads\/2023\/09\/1000046375-01-300x152.jpeg 300w, https:\/\/ostrowskatv.pl\/wp-content\/uploads\/2023\/09\/1000046375-01-1333x673.jpeg 1333w\" sizes=\"auto, (max-width: 1366px) 100vw, 1366px\" \/><\/p>\n","protected":false},"excerpt":{"rendered":"Powraca temat obowi\u0105zkowych bada\u0144 dla kierowc\u00f3w, kt\u00f3rzy przekroczyli pewien wiek. Trudno sobie wyobrazi\u0107 by 90-latkowie mieli motoryk\u0119 pozwalaj\u0105c\u0105 bezpiecznie porusza\u0107 si\u0119 po drogach \n<a class=\"moretag\" href=\"https:\/\/ostrowskatv.pl\/?p=26165\"> [...]<\/a>","protected":false},"author":1,"featured_media":26173,"comment_status":"open","ping_status":"closed","sticky":false,"template":"","format":"standard","meta":{"footnotes":""},"categories":[1],"tags":[2],"class_list":["post-26165","post","type-post","status-publish","format-standard","has-post-thumbnail","hentry","category-news","tag-ostrow-wielkopolski"],"_links":{"self":[{"href":"https:\/\/ostrowskatv.pl\/index.php?rest_route=\/wp\/v2\/posts\/26165","targetHints":{"allow":["GET"]}}],"collection":[{"href":"https:\/\/ostrowskatv.pl\/index.php?rest_route=\/wp\/v2\/posts"}],"about":[{"href":"https:\/\/ostrowskatv.pl\/index.php?rest_route=\/wp\/v2\/types\/post"}],"author":[{"embeddable":true,"href":"https:\/\/ostrowskatv.pl\/index.php?rest_route=\/wp\/v2\/users\/1"}],"replies":[{"embeddable":true,"href":"https:\/\/ostrowskatv.pl\/index.php?rest_route=%2Fwp%2Fv2%2Fcomments&post=26165"}],"version-history":[{"count":0,"href":"https:\/\/ostrowskatv.pl\/index.php?rest_route=\/wp\/v2\/posts\/26165\/revisions"}],"wp:featuredmedia":[{"embeddable":true,"href":"https:\/\/ostrowskatv.pl\/index.php?rest_route=\/wp\/v2\/media\/26173"}],"wp:attachment":[{"href":"https:\/\/ostrowskatv.pl\/index.php?rest_route=%2Fwp%2Fv2%2Fmedia&parent=26165"}],"wp:term":[{"taxonomy":"category","embeddable":true,"href":"https:\/\/ostrowskatv.pl\/index.php?rest_route=%2Fwp%2Fv2%2Fcategories&post=26165"},{"taxonomy":"post_tag","embeddable":true,"href":"https:\/\/ostrowskatv.pl\/index.php?rest_route=%2Fwp%2Fv2%2Ftags&post=26165"}],"curies":[{"name":"wp","href":"https:\/\/api.w.org\/{rel}","templated":true}]}}