{"id":26156,"date":"2023-09-08T18:22:49","date_gmt":"2023-09-08T17:22:49","guid":{"rendered":"https:\/\/ostrowskatv.pl\/?p=26156"},"modified":"2023-09-08T18:22:49","modified_gmt":"2023-09-08T17:22:49","slug":"pieszy-z-ciezarowka-nie-mial-zadnych-szans","status":"publish","type":"post","link":"https:\/\/ostrowskatv.pl\/?p=26156","title":{"rendered":"Pieszy z ci\u0119\u017car\u00f3wk\u0105 nie mia\u0142 \u017cadnych szans"},"content":{"rendered":"<p><strong>O godzinie 17 s\u0142u\u017cby ratunkowe otrzyma\u0142y informacj\u0119 o wypadku w miejscowo\u015bci Zduny (powiat krotoszy\u0144ski). Na miejsce wys\u0142ano cztery zast\u0119py stra\u017cy po\u017carnej, karetk\u0119 oraz policj\u0119.<\/strong> <\/p>\n<p>Po doje\u017adzie na miejsce potwierdzono potr\u0105cenie m\u0119\u017cczyzny przez samoch\u00f3d ci\u0119\u017carowy. Z uwagi na doznanie obra\u017cenia odst\u0105piono od udzielania pierwszej pomocy. Po minucie dojecha\u0142 zesp\u00f3\u0142 ratownictwa medycznego, kt\u00f3ry stwierdzi\u0142 zgon poszkodowanego. <\/p>\n<p>Wypadek mia\u0142 miejsce na rynku w odleg\u0142o\u015bci oko\u0142o 10 metr\u00f3w od przej\u015bcia dla pieszych. Wiek m\u0119\u017cczyzny nie jest znany.<\/p>\n<p>Droga krajowa nr 15 zosta\u0142a zablokowana.<\/p>\n<p><img loading=\"lazy\" decoding=\"async\" src=\"https:\/\/ostrowskatv.pl\/wp-content\/uploads\/2023\/09\/1000046456-01.jpeg\" alt=\"\" width=\"1366\" height=\"591\" class=\"alignnone size-full wp-image-26157\" srcset=\"https:\/\/ostrowskatv.pl\/wp-content\/uploads\/2023\/09\/1000046456-01.jpeg 1366w, https:\/\/ostrowskatv.pl\/wp-content\/uploads\/2023\/09\/1000046456-01-300x130.jpeg 300w, https:\/\/ostrowskatv.pl\/wp-content\/uploads\/2023\/09\/1000046456-01-1333x577.jpeg 1333w\" sizes=\"auto, (max-width: 1366px) 100vw, 1366px\" \/><\/p>\n<p><img loading=\"lazy\" decoding=\"async\" src=\"https:\/\/ostrowskatv.pl\/wp-content\/uploads\/2023\/09\/1000046459-01.jpeg\" alt=\"\" width=\"1366\" height=\"868\" class=\"alignnone size-full wp-image-26158\" srcset=\"https:\/\/ostrowskatv.pl\/wp-content\/uploads\/2023\/09\/1000046459-01.jpeg 1366w, https:\/\/ostrowskatv.pl\/wp-content\/uploads\/2023\/09\/1000046459-01-300x191.jpeg 300w, https:\/\/ostrowskatv.pl\/wp-content\/uploads\/2023\/09\/1000046459-01-1333x847.jpeg 1333w\" sizes=\"auto, (max-width: 1366px) 100vw, 1366px\" \/><\/p>\n<p><img loading=\"lazy\" decoding=\"async\" src=\"https:\/\/ostrowskatv.pl\/wp-content\/uploads\/2023\/09\/1000046460-01.jpeg\" alt=\"\" width=\"1366\" height=\"769\" class=\"alignnone size-full wp-image-26159\" srcset=\"https:\/\/ostrowskatv.pl\/wp-content\/uploads\/2023\/09\/1000046460-01.jpeg 1366w, https:\/\/ostrowskatv.pl\/wp-content\/uploads\/2023\/09\/1000046460-01-300x169.jpeg 300w, https:\/\/ostrowskatv.pl\/wp-content\/uploads\/2023\/09\/1000046460-01-1333x750.jpeg 1333w\" sizes=\"auto, (max-width: 1366px) 100vw, 1366px\" \/><\/p>\n<p><img loading=\"lazy\" decoding=\"async\" src=\"https:\/\/ostrowskatv.pl\/wp-content\/uploads\/2023\/09\/1000046461-01.jpeg\" alt=\"\" width=\"1365\" height=\"697\" class=\"alignnone size-full wp-image-26160\" srcset=\"https:\/\/ostrowskatv.pl\/wp-content\/uploads\/2023\/09\/1000046461-01.jpeg 1365w, https:\/\/ostrowskatv.pl\/wp-content\/uploads\/2023\/09\/1000046461-01-300x153.jpeg 300w, https:\/\/ostrowskatv.pl\/wp-content\/uploads\/2023\/09\/1000046461-01-1333x681.jpeg 1333w\" sizes=\"auto, (max-width: 1365px) 100vw, 1365px\" \/><\/p>\n<p><img loading=\"lazy\" decoding=\"async\" src=\"https:\/\/ostrowskatv.pl\/wp-content\/uploads\/2023\/09\/1000046462-01.jpeg\" alt=\"\" width=\"1366\" height=\"769\" class=\"alignnone size-full wp-image-26161\" srcset=\"https:\/\/ostrowskatv.pl\/wp-content\/uploads\/2023\/09\/1000046462-01.jpeg 1366w, https:\/\/ostrowskatv.pl\/wp-content\/uploads\/2023\/09\/1000046462-01-300x169.jpeg 300w, https:\/\/ostrowskatv.pl\/wp-content\/uploads\/2023\/09\/1000046462-01-1333x750.jpeg 1333w\" sizes=\"auto, (max-width: 1366px) 100vw, 1366px\" \/><\/p>\n<p><img loading=\"lazy\" decoding=\"async\" src=\"https:\/\/ostrowskatv.pl\/wp-content\/uploads\/2023\/09\/1000046467-01.jpeg\" alt=\"\" width=\"1366\" height=\"693\" class=\"alignnone size-full wp-image-26162\" srcset=\"https:\/\/ostrowskatv.pl\/wp-content\/uploads\/2023\/09\/1000046467-01.jpeg 1366w, https:\/\/ostrowskatv.pl\/wp-content\/uploads\/2023\/09\/1000046467-01-300x152.jpeg 300w, https:\/\/ostrowskatv.pl\/wp-content\/uploads\/2023\/09\/1000046467-01-1333x676.jpeg 1333w\" sizes=\"auto, (max-width: 1366px) 100vw, 1366px\" \/><\/p>\n<p><img loading=\"lazy\" decoding=\"async\" src=\"https:\/\/ostrowskatv.pl\/wp-content\/uploads\/2023\/09\/1000046468-01.jpeg\" alt=\"\" width=\"1366\" height=\"769\" class=\"alignnone size-full wp-image-26163\" srcset=\"https:\/\/ostrowskatv.pl\/wp-content\/uploads\/2023\/09\/1000046468-01.jpeg 1366w, https:\/\/ostrowskatv.pl\/wp-content\/uploads\/2023\/09\/1000046468-01-300x169.jpeg 300w, https:\/\/ostrowskatv.pl\/wp-content\/uploads\/2023\/09\/1000046468-01-1333x750.jpeg 1333w\" sizes=\"auto, (max-width: 1366px) 100vw, 1366px\" \/><\/p>\n","protected":false},"excerpt":{"rendered":"O godzinie 17 s\u0142u\u017cby ratunkowe otrzyma\u0142y informacj\u0119 o wypadku w miejscowo\u015bci Zduny (powiat krotoszy\u0144ski). Na miejsce wys\u0142ano cztery zast\u0119py stra\u017cy po\u017carnej, karetk\u0119 oraz \n<a class=\"moretag\" href=\"https:\/\/ostrowskatv.pl\/?p=26156\"> [...]<\/a>","protected":false},"author":1,"featured_media":26159,"comment_status":"open","ping_status":"closed","sticky":false,"template":"","format":"standard","meta":{"footnotes":""},"categories":[1],"tags":[11],"class_list":["post-26156","post","type-post","status-publish","format-standard","has-post-thumbnail","hentry","category-news","tag-wypadek"],"_links":{"self":[{"href":"https:\/\/ostrowskatv.pl\/index.php?rest_route=\/wp\/v2\/posts\/26156","targetHints":{"allow":["GET"]}}],"collection":[{"href":"https:\/\/ostrowskatv.pl\/index.php?rest_route=\/wp\/v2\/posts"}],"about":[{"href":"https:\/\/ostrowskatv.pl\/index.php?rest_route=\/wp\/v2\/types\/post"}],"author":[{"embeddable":true,"href":"https:\/\/ostrowskatv.pl\/index.php?rest_route=\/wp\/v2\/users\/1"}],"replies":[{"embeddable":true,"href":"https:\/\/ostrowskatv.pl\/index.php?rest_route=%2Fwp%2Fv2%2Fcomments&post=26156"}],"version-history":[{"count":0,"href":"https:\/\/ostrowskatv.pl\/index.php?rest_route=\/wp\/v2\/posts\/26156\/revisions"}],"wp:featuredmedia":[{"embeddable":true,"href":"https:\/\/ostrowskatv.pl\/index.php?rest_route=\/wp\/v2\/media\/26159"}],"wp:attachment":[{"href":"https:\/\/ostrowskatv.pl\/index.php?rest_route=%2Fwp%2Fv2%2Fmedia&parent=26156"}],"wp:term":[{"taxonomy":"category","embeddable":true,"href":"https:\/\/ostrowskatv.pl\/index.php?rest_route=%2Fwp%2Fv2%2Fcategories&post=26156"},{"taxonomy":"post_tag","embeddable":true,"href":"https:\/\/ostrowskatv.pl\/index.php?rest_route=%2Fwp%2Fv2%2Ftags&post=26156"}],"curies":[{"name":"wp","href":"https:\/\/api.w.org\/{rel}","templated":true}]}}