{"id":26134,"date":"2023-09-06T11:31:27","date_gmt":"2023-09-06T10:31:27","guid":{"rendered":"https:\/\/ostrowskatv.pl\/?p=26134"},"modified":"2023-09-06T11:31:27","modified_gmt":"2023-09-06T10:31:27","slug":"ktos-podpalil-auto","status":"publish","type":"post","link":"https:\/\/ostrowskatv.pl\/?p=26134","title":{"rendered":"Kto\u015b podpali\u0142 auto?"},"content":{"rendered":"<p><strong>Chwil\u0119 po godzinie 4 rano zauwa\u017cono po\u017car samochodu osobowego w miejscowo\u015bci Nadstawki (gm. Odolan\u00f3w). Na miejsce wys\u0142ano stra\u017cak\u00f3w oraz policj\u0119.<\/strong><\/p>\n<p>Z chwil\u0105 dojazdu pierwszego zast\u0119pu stwierdzono, \u017ce osobowy peugeot jest ca\u0142y obj\u0119ty p\u0142omieniami. Stra\u017cacy mogli jedynie dogasi\u0107 zgliszcza peugeota.<\/p>\n<p>W\u0142a\u015bcicielka podejrzewa, \u017ce mog\u0142o doj\u015b\u0107 do podpalenia auta wartego oko\u0142o 8 tysi\u0119cy z\u0142otych. Czynno\u015bci w tej sprawie prowadzi policja.<\/p>\n<p><img loading=\"lazy\" decoding=\"async\" src=\"https:\/\/ostrowskatv.pl\/wp-content\/uploads\/2023\/09\/received_677187287667995.jpeg\" alt=\"\" width=\"946\" height=\"2048\" class=\"alignnone size-full wp-image-26135\" srcset=\"https:\/\/ostrowskatv.pl\/wp-content\/uploads\/2023\/09\/received_677187287667995.jpeg 946w, https:\/\/ostrowskatv.pl\/wp-content\/uploads\/2023\/09\/received_677187287667995-139x300.jpeg 139w, https:\/\/ostrowskatv.pl\/wp-content\/uploads\/2023\/09\/received_677187287667995-616x1333.jpeg 616w, https:\/\/ostrowskatv.pl\/wp-content\/uploads\/2023\/09\/received_677187287667995-710x1536.jpeg 710w\" sizes=\"auto, (max-width: 946px) 100vw, 946px\" \/><\/p>\n<p><img loading=\"lazy\" decoding=\"async\" src=\"https:\/\/ostrowskatv.pl\/wp-content\/uploads\/2023\/09\/received_619128893713328.jpeg\" alt=\"\" width=\"946\" height=\"2048\" class=\"alignnone size-full wp-image-26136\" srcset=\"https:\/\/ostrowskatv.pl\/wp-content\/uploads\/2023\/09\/received_619128893713328.jpeg 946w, https:\/\/ostrowskatv.pl\/wp-content\/uploads\/2023\/09\/received_619128893713328-139x300.jpeg 139w, https:\/\/ostrowskatv.pl\/wp-content\/uploads\/2023\/09\/received_619128893713328-616x1333.jpeg 616w, https:\/\/ostrowskatv.pl\/wp-content\/uploads\/2023\/09\/received_619128893713328-710x1536.jpeg 710w\" sizes=\"auto, (max-width: 946px) 100vw, 946px\" \/><\/p>\n","protected":false},"excerpt":{"rendered":"Chwil\u0119 po godzinie 4 rano zauwa\u017cono po\u017car samochodu osobowego w miejscowo\u015bci Nadstawki (gm. Odolan\u00f3w). Na miejsce wys\u0142ano stra\u017cak\u00f3w oraz policj\u0119. Z chwil\u0105 dojazdu \n<a class=\"moretag\" href=\"https:\/\/ostrowskatv.pl\/?p=26134\"> [...]<\/a>","protected":false},"author":1,"featured_media":26137,"comment_status":"open","ping_status":"closed","sticky":false,"template":"","format":"standard","meta":{"footnotes":""},"categories":[1],"tags":[7],"class_list":["post-26134","post","type-post","status-publish","format-standard","has-post-thumbnail","hentry","category-news","tag-pozar"],"_links":{"self":[{"href":"https:\/\/ostrowskatv.pl\/index.php?rest_route=\/wp\/v2\/posts\/26134","targetHints":{"allow":["GET"]}}],"collection":[{"href":"https:\/\/ostrowskatv.pl\/index.php?rest_route=\/wp\/v2\/posts"}],"about":[{"href":"https:\/\/ostrowskatv.pl\/index.php?rest_route=\/wp\/v2\/types\/post"}],"author":[{"embeddable":true,"href":"https:\/\/ostrowskatv.pl\/index.php?rest_route=\/wp\/v2\/users\/1"}],"replies":[{"embeddable":true,"href":"https:\/\/ostrowskatv.pl\/index.php?rest_route=%2Fwp%2Fv2%2Fcomments&post=26134"}],"version-history":[{"count":0,"href":"https:\/\/ostrowskatv.pl\/index.php?rest_route=\/wp\/v2\/posts\/26134\/revisions"}],"wp:featuredmedia":[{"embeddable":true,"href":"https:\/\/ostrowskatv.pl\/index.php?rest_route=\/wp\/v2\/media\/26137"}],"wp:attachment":[{"href":"https:\/\/ostrowskatv.pl\/index.php?rest_route=%2Fwp%2Fv2%2Fmedia&parent=26134"}],"wp:term":[{"taxonomy":"category","embeddable":true,"href":"https:\/\/ostrowskatv.pl\/index.php?rest_route=%2Fwp%2Fv2%2Fcategories&post=26134"},{"taxonomy":"post_tag","embeddable":true,"href":"https:\/\/ostrowskatv.pl\/index.php?rest_route=%2Fwp%2Fv2%2Ftags&post=26134"}],"curies":[{"name":"wp","href":"https:\/\/api.w.org\/{rel}","templated":true}]}}