{"id":26110,"date":"2023-09-02T20:25:55","date_gmt":"2023-09-02T19:25:55","guid":{"rendered":"https:\/\/ostrowskatv.pl\/?p=26110"},"modified":"2023-09-02T20:26:07","modified_gmt":"2023-09-02T19:26:07","slug":"minister-zdrowia-i-potracony-rowerzysta-zdjecia","status":"publish","type":"post","link":"https:\/\/ostrowskatv.pl\/?p=26110","title":{"rendered":"Minister zdrowia i potr\u0105cony rowerzysta (ZDJ\u0118CIA)"},"content":{"rendered":"<p><strong>W sobot\u0119 o godzinie 11 w Kaliszu zostali przedstawieni Kandydaci do Sejmu i Senatu z list PiS. Dwie godziny p\u00f3\u017aniej minister zdrowia jad\u0105c przez Lutogniew by\u0142a kierowc\u0105 samochodu, kt\u00f3ry zderzy\u0142 si\u0119 z rowerzyst\u0105.<\/strong><\/p>\n<p>Ze wst\u0119pnych ustale\u0144 wynika, \u017ce 69-letni mieszkaniec powiatu krotoszy\u0144skiego wjecha\u0142 rowerem na przej\u015bcie dla pieszych. Wtedy lewym naro\u017cnikiem zosta\u0142 potr\u0105cony przez toyot\u0119 land cruiser, kt\u00f3ry prywatnie u\u017cytkuje nowa minister zdrowia Katarzyna S\u00f3jka. <\/p>\n<p>\u015aledczy wst\u0119pnie przyjmuj\u0105, \u017ce rowerzysta nagle wjecha\u0142 na jezdni\u0119. W Ostrowie Wielkopolskim funkcjonariusze drog\u00f3wki przyk\u0142adaj\u0105 du\u017c\u0105 wag\u0119 do faktu czy uszkodzenia s\u0105 po stronie, od kraw\u0119dzi jezdni czy od \u015brodka drogi, bo to mo\u017ce sugerowa\u0107 czy kierowca mia\u0142 czas, \u017ceby zareagowa\u0107. <\/p>\n<p>Potr\u0105cony rowerzysta zosta\u0142 przewieziony do krotoszy\u0144skiego szpitala. Minister zdrowia wraz ze \u015bwiadkami pojechali na krotoszy\u0144sk\u0105 komend\u0119 z\u0142o\u017cy\u0107 zeznania.<\/p>\n<p>Co ciekawe pracownik ministerstwa zdrowia odjecha\u0142 autem kierowanym wcze\u015bniej przez minister zdrowia i pomimo uszkodzonej przedniej lampy jecha\u0142 tym autem do krotoszy\u0144skiej komendy. Tam po d\u0142u\u017cszym czasie, gdy zorientowano si\u0119, \u017ce przed komend\u0105 czekaj\u0105 dziennikarze, schowano go do policyjnego gara\u017cu. <\/p>\n<p>Minister S\u00f3jka bardzo nie chcia\u0142a zosta\u0107 sfotografowan\u0105, dlatego siedz\u0105c na tylnym fotelu zakrywa\u0142a si\u0119 ubraniami.<\/p>\n<p><img loading=\"lazy\" decoding=\"async\" src=\"https:\/\/ostrowskatv.pl\/wp-content\/uploads\/2023\/09\/1000045051-02.jpeg\" alt=\"\" width=\"504\" height=\"546\" class=\"alignnone size-full wp-image-26112\" srcset=\"https:\/\/ostrowskatv.pl\/wp-content\/uploads\/2023\/09\/1000045051-02.jpeg 504w, https:\/\/ostrowskatv.pl\/wp-content\/uploads\/2023\/09\/1000045051-02-277x300.jpeg 277w\" sizes=\"auto, (max-width: 504px) 100vw, 504px\" \/><\/p>\n<p><img loading=\"lazy\" decoding=\"async\" src=\"https:\/\/ostrowskatv.pl\/wp-content\/uploads\/2023\/09\/1000045051-01.jpeg\" alt=\"\" width=\"1366\" height=\"722\" class=\"alignnone size-full wp-image-26113\" srcset=\"https:\/\/ostrowskatv.pl\/wp-content\/uploads\/2023\/09\/1000045051-01.jpeg 1366w, https:\/\/ostrowskatv.pl\/wp-content\/uploads\/2023\/09\/1000045051-01-300x159.jpeg 300w, https:\/\/ostrowskatv.pl\/wp-content\/uploads\/2023\/09\/1000045051-01-1333x705.jpeg 1333w\" sizes=\"auto, (max-width: 1366px) 100vw, 1366px\" \/><\/p>\n<p><img loading=\"lazy\" decoding=\"async\" src=\"https:\/\/ostrowskatv.pl\/wp-content\/uploads\/2023\/09\/1000045049-01.jpeg\" alt=\"\" width=\"1366\" height=\"864\" class=\"alignnone size-full wp-image-26114\" srcset=\"https:\/\/ostrowskatv.pl\/wp-content\/uploads\/2023\/09\/1000045049-01.jpeg 1366w, https:\/\/ostrowskatv.pl\/wp-content\/uploads\/2023\/09\/1000045049-01-300x190.jpeg 300w, https:\/\/ostrowskatv.pl\/wp-content\/uploads\/2023\/09\/1000045049-01-1333x843.jpeg 1333w\" sizes=\"auto, (max-width: 1366px) 100vw, 1366px\" \/><\/p>\n<p><img loading=\"lazy\" decoding=\"async\" src=\"https:\/\/ostrowskatv.pl\/wp-content\/uploads\/2023\/09\/1000044918-01.jpeg\" alt=\"\" width=\"1366\" height=\"738\" class=\"alignnone size-full wp-image-26115\" srcset=\"https:\/\/ostrowskatv.pl\/wp-content\/uploads\/2023\/09\/1000044918-01.jpeg 1366w, https:\/\/ostrowskatv.pl\/wp-content\/uploads\/2023\/09\/1000044918-01-300x162.jpeg 300w, https:\/\/ostrowskatv.pl\/wp-content\/uploads\/2023\/09\/1000044918-01-1333x720.jpeg 1333w\" sizes=\"auto, (max-width: 1366px) 100vw, 1366px\" \/><\/p>\n<p><img loading=\"lazy\" decoding=\"async\" src=\"https:\/\/ostrowskatv.pl\/wp-content\/uploads\/2023\/09\/1000044906-02.jpeg\" alt=\"\" width=\"1366\" height=\"769\" class=\"alignnone size-full wp-image-26116\" srcset=\"https:\/\/ostrowskatv.pl\/wp-content\/uploads\/2023\/09\/1000044906-02.jpeg 1366w, https:\/\/ostrowskatv.pl\/wp-content\/uploads\/2023\/09\/1000044906-02-300x169.jpeg 300w, https:\/\/ostrowskatv.pl\/wp-content\/uploads\/2023\/09\/1000044906-02-1333x750.jpeg 1333w\" sizes=\"auto, (max-width: 1366px) 100vw, 1366px\" \/><\/p>\n<p><img loading=\"lazy\" decoding=\"async\" src=\"https:\/\/ostrowskatv.pl\/wp-content\/uploads\/2023\/09\/1000044904-01.jpeg\" alt=\"\" width=\"1366\" height=\"769\" class=\"alignnone size-full wp-image-26117\" srcset=\"https:\/\/ostrowskatv.pl\/wp-content\/uploads\/2023\/09\/1000044904-01.jpeg 1366w, https:\/\/ostrowskatv.pl\/wp-content\/uploads\/2023\/09\/1000044904-01-300x169.jpeg 300w, https:\/\/ostrowskatv.pl\/wp-content\/uploads\/2023\/09\/1000044904-01-1333x750.jpeg 1333w\" sizes=\"auto, (max-width: 1366px) 100vw, 1366px\" \/><\/p>\n<p><img loading=\"lazy\" decoding=\"async\" src=\"https:\/\/ostrowskatv.pl\/wp-content\/uploads\/2023\/09\/1000044903-01.jpeg\" alt=\"\" width=\"769\" height=\"1366\" class=\"alignnone size-full wp-image-26118\" srcset=\"https:\/\/ostrowskatv.pl\/wp-content\/uploads\/2023\/09\/1000044903-01.jpeg 769w, https:\/\/ostrowskatv.pl\/wp-content\/uploads\/2023\/09\/1000044903-01-169x300.jpeg 169w, https:\/\/ostrowskatv.pl\/wp-content\/uploads\/2023\/09\/1000044903-01-750x1333.jpeg 750w\" sizes=\"auto, (max-width: 769px) 100vw, 769px\" \/><\/p>\n<p><img loading=\"lazy\" decoding=\"async\" src=\"https:\/\/ostrowskatv.pl\/wp-content\/uploads\/2023\/09\/1000044898-01.jpeg\" alt=\"\" width=\"1366\" height=\"769\" class=\"alignnone size-full wp-image-26119\" srcset=\"https:\/\/ostrowskatv.pl\/wp-content\/uploads\/2023\/09\/1000044898-01.jpeg 1366w, https:\/\/ostrowskatv.pl\/wp-content\/uploads\/2023\/09\/1000044898-01-300x169.jpeg 300w, https:\/\/ostrowskatv.pl\/wp-content\/uploads\/2023\/09\/1000044898-01-1333x750.jpeg 1333w\" sizes=\"auto, (max-width: 1366px) 100vw, 1366px\" \/><\/p>\n<p><img loading=\"lazy\" decoding=\"async\" src=\"https:\/\/ostrowskatv.pl\/wp-content\/uploads\/2023\/09\/1000044897-01.jpeg\" alt=\"\" width=\"1366\" height=\"637\" class=\"alignnone size-full wp-image-26120\" srcset=\"https:\/\/ostrowskatv.pl\/wp-content\/uploads\/2023\/09\/1000044897-01.jpeg 1366w, https:\/\/ostrowskatv.pl\/wp-content\/uploads\/2023\/09\/1000044897-01-300x140.jpeg 300w, https:\/\/ostrowskatv.pl\/wp-content\/uploads\/2023\/09\/1000044897-01-1333x622.jpeg 1333w\" sizes=\"auto, (max-width: 1366px) 100vw, 1366px\" \/><\/p>\n","protected":false},"excerpt":{"rendered":"W sobot\u0119 o godzinie 11 w Kaliszu zostali przedstawieni Kandydaci do Sejmu i Senatu z list PiS. Dwie godziny p\u00f3\u017aniej minister zdrowia jad\u0105c \n<a class=\"moretag\" href=\"https:\/\/ostrowskatv.pl\/?p=26110\"> [...]<\/a>","protected":false},"author":1,"featured_media":26119,"comment_status":"open","ping_status":"closed","sticky":false,"template":"","format":"standard","meta":{"footnotes":""},"categories":[1],"tags":[41],"class_list":["post-26110","post","type-post","status-publish","format-standard","has-post-thumbnail","hentry","category-news","tag-potracenie"],"_links":{"self":[{"href":"https:\/\/ostrowskatv.pl\/index.php?rest_route=\/wp\/v2\/posts\/26110","targetHints":{"allow":["GET"]}}],"collection":[{"href":"https:\/\/ostrowskatv.pl\/index.php?rest_route=\/wp\/v2\/posts"}],"about":[{"href":"https:\/\/ostrowskatv.pl\/index.php?rest_route=\/wp\/v2\/types\/post"}],"author":[{"embeddable":true,"href":"https:\/\/ostrowskatv.pl\/index.php?rest_route=\/wp\/v2\/users\/1"}],"replies":[{"embeddable":true,"href":"https:\/\/ostrowskatv.pl\/index.php?rest_route=%2Fwp%2Fv2%2Fcomments&post=26110"}],"version-history":[{"count":0,"href":"https:\/\/ostrowskatv.pl\/index.php?rest_route=\/wp\/v2\/posts\/26110\/revisions"}],"wp:featuredmedia":[{"embeddable":true,"href":"https:\/\/ostrowskatv.pl\/index.php?rest_route=\/wp\/v2\/media\/26119"}],"wp:attachment":[{"href":"https:\/\/ostrowskatv.pl\/index.php?rest_route=%2Fwp%2Fv2%2Fmedia&parent=26110"}],"wp:term":[{"taxonomy":"category","embeddable":true,"href":"https:\/\/ostrowskatv.pl\/index.php?rest_route=%2Fwp%2Fv2%2Fcategories&post=26110"},{"taxonomy":"post_tag","embeddable":true,"href":"https:\/\/ostrowskatv.pl\/index.php?rest_route=%2Fwp%2Fv2%2Ftags&post=26110"}],"curies":[{"name":"wp","href":"https:\/\/api.w.org\/{rel}","templated":true}]}}