{"id":26102,"date":"2023-08-29T13:08:40","date_gmt":"2023-08-29T12:08:40","guid":{"rendered":"https:\/\/ostrowskatv.pl\/?p=26102"},"modified":"2023-08-29T13:08:40","modified_gmt":"2023-08-29T12:08:40","slug":"kogo-poparla-klimek-w-wyborach","status":"publish","type":"post","link":"https:\/\/ostrowskatv.pl\/?p=26102","title":{"rendered":"Kogo popar\u0142a Klimek w wyborach?"},"content":{"rendered":"<p><strong>Prezydent Beata Klimek nie zdecydowa\u0142a si\u0119 startowa\u0107 w tegorocznych wyborach parlamentarnych. Nieoficjalnie m\u00f3wi si\u0119, \u017ce nie dosta\u0142a mo\u017cliwo\u015bci startu z tzw. pierwszego miejsca, a drugie nie jest a\u017c tak interesuj\u0105ce &#8211; zapewniaj\u0105ce sukces. W tej sytuacji Beacie Klimek pozosta\u0142o udzielenie poparcia dla swojej wieloletniej kole\u017canki.<\/strong><\/p>\n<p>Podczas poniedzia\u0142kowej konferencji prasowej Lewicy na ostrowskim Rynku pojawi\u0142a si\u0119 prezydent Ostrowa Wielkopolskiego Beata Klimek. Udzieli\u0142a ona poparcia Anicie \u015awi\u0105tek, kt\u00f3ra wystartuje z drugiej pozycji.<\/p>\n<p>&#8211; Postulaty Lewicy s\u0105 mi bardzo bliskie. Mam na my\u015bli opiek\u0119 spo\u0142eczn\u0105, pochylenie si\u0119 nad lud\u017ami potrzebuj\u0105cymi, pomys\u0142 na funkcjonowanie s\u0142u\u017cby ochrony zdrowia, a tak\u017ce podej\u015bcie do pozycji kobiet i walki i podmiotowe ich traktowanie. Wa\u017cne s\u0105 te\u017c kwestie r\u00f3wno\u015bciowe i wolno\u015bciowe. &#8211; m\u00f3wi\u0142a Beata Klimek.<\/p>\n<p>Uwa\u017ca, \u017ce kobiety w polityce wykazuj\u0105 si\u0119 wra\u017cliwo\u015bci\u0105 i profesjonalizmem. Anit\u0119 \u015awi\u0105tek zna od 40 lat. Jej m\u0105\u017c jest prezydenckim kierowc\u0105. <\/p>\n<p>Dodatkowo z Ostrowa startowa\u0107 b\u0119dzie Daria Jakubek-Szczepaniak, prywatnie c\u00f3rka prezesa sp\u00f3\u0142dzielni mieszkaniowej, pracownica Urz\u0119du Miejskiego, kt\u00f3rej bliskie s\u0105 tematy praw zwierz\u0105t. Chcia\u0142aby, \u017ceby nie by\u0142o kar w zawieszeniu dla os\u00f3b krzywdz\u0105cych zwierz\u0119ta. Zamierza dzia\u0142a\u0107 na rzecz likwidacji chowu klatkowego oraz likwidacji ferm norek.<\/p>\n<p>Kolejn\u0105 ostrowiank\u0105 na listach lewicy jest Karolina Mazurek, kt\u00f3ra udziela si\u0119 w Grupie Granica. (Jeste\u015bmy nieformaln\u0105 inicjatyw\u0105 powsta\u0142\u0105 w odp. na kryzys humanitarny na granicy polsko-bia\u0142oruskiej. &#8211; pisz\u0105 o sobie na facebooku). Karolina Mazurek pomaga imigrantom przemieszcza\u0107 si\u0119 po terenie Polski.<br \/>\nKilka lat temu wyst\u0105pi\u0142a w Rozmowach w toku:<\/p>\n<p>https:\/\/www.ostrow24.tv\/rozrywka\/73010-ostrowianka-w-rozmowach-w-toku.html<\/p>\n<p><img loading=\"lazy\" decoding=\"async\" src=\"https:\/\/ostrowskatv.pl\/wp-content\/uploads\/2023\/08\/1000044093-01.jpeg\" alt=\"\" width=\"1365\" height=\"748\" class=\"alignnone size-full wp-image-26103\" srcset=\"https:\/\/ostrowskatv.pl\/wp-content\/uploads\/2023\/08\/1000044093-01.jpeg 1365w, https:\/\/ostrowskatv.pl\/wp-content\/uploads\/2023\/08\/1000044093-01-300x164.jpeg 300w, https:\/\/ostrowskatv.pl\/wp-content\/uploads\/2023\/08\/1000044093-01-1333x730.jpeg 1333w\" sizes=\"auto, (max-width: 1365px) 100vw, 1365px\" \/><\/p>\n<p><img loading=\"lazy\" decoding=\"async\" src=\"https:\/\/ostrowskatv.pl\/wp-content\/uploads\/2023\/08\/1000044097-01.jpeg\" alt=\"\" width=\"1345\" height=\"1366\" class=\"alignnone size-full wp-image-26104\" srcset=\"https:\/\/ostrowskatv.pl\/wp-content\/uploads\/2023\/08\/1000044097-01.jpeg 1345w, https:\/\/ostrowskatv.pl\/wp-content\/uploads\/2023\/08\/1000044097-01-295x300.jpeg 295w, https:\/\/ostrowskatv.pl\/wp-content\/uploads\/2023\/08\/1000044097-01-1313x1333.jpeg 1313w\" sizes=\"auto, (max-width: 1345px) 100vw, 1345px\" \/><\/p>\n<p><img loading=\"lazy\" decoding=\"async\" src=\"https:\/\/ostrowskatv.pl\/wp-content\/uploads\/2023\/08\/1000044100-01.jpeg\" alt=\"\" width=\"1366\" height=\"1109\" class=\"alignnone size-full wp-image-26105\" srcset=\"https:\/\/ostrowskatv.pl\/wp-content\/uploads\/2023\/08\/1000044100-01.jpeg 1366w, https:\/\/ostrowskatv.pl\/wp-content\/uploads\/2023\/08\/1000044100-01-300x244.jpeg 300w, https:\/\/ostrowskatv.pl\/wp-content\/uploads\/2023\/08\/1000044100-01-1333x1082.jpeg 1333w\" sizes=\"auto, (max-width: 1366px) 100vw, 1366px\" \/><\/p>\n<p><img loading=\"lazy\" decoding=\"async\" src=\"https:\/\/ostrowskatv.pl\/wp-content\/uploads\/2023\/08\/1000044101-01.jpeg\" alt=\"\" width=\"1366\" height=\"769\" class=\"alignnone size-full wp-image-26106\" srcset=\"https:\/\/ostrowskatv.pl\/wp-content\/uploads\/2023\/08\/1000044101-01.jpeg 1366w, https:\/\/ostrowskatv.pl\/wp-content\/uploads\/2023\/08\/1000044101-01-300x169.jpeg 300w, https:\/\/ostrowskatv.pl\/wp-content\/uploads\/2023\/08\/1000044101-01-1333x750.jpeg 1333w\" sizes=\"auto, (max-width: 1366px) 100vw, 1366px\" \/><\/p>\n<p><img loading=\"lazy\" decoding=\"async\" src=\"https:\/\/ostrowskatv.pl\/wp-content\/uploads\/2023\/08\/1000044090-01.jpeg\" alt=\"\" width=\"1366\" height=\"848\" class=\"alignnone size-full wp-image-26107\" srcset=\"https:\/\/ostrowskatv.pl\/wp-content\/uploads\/2023\/08\/1000044090-01.jpeg 1366w, https:\/\/ostrowskatv.pl\/wp-content\/uploads\/2023\/08\/1000044090-01-300x186.jpeg 300w, https:\/\/ostrowskatv.pl\/wp-content\/uploads\/2023\/08\/1000044090-01-1333x828.jpeg 1333w\" sizes=\"auto, (max-width: 1366px) 100vw, 1366px\" \/><\/p>\n","protected":false},"excerpt":{"rendered":"Prezydent Beata Klimek nie zdecydowa\u0142a si\u0119 startowa\u0107 w tegorocznych wyborach parlamentarnych. Nieoficjalnie m\u00f3wi si\u0119, \u017ce nie dosta\u0142a mo\u017cliwo\u015bci startu z tzw. pierwszego miejsca, \n<a class=\"moretag\" href=\"https:\/\/ostrowskatv.pl\/?p=26102\"> [...]<\/a>","protected":false},"author":1,"featured_media":26107,"comment_status":"open","ping_status":"closed","sticky":false,"template":"","format":"standard","meta":{"footnotes":""},"categories":[1],"tags":[24],"class_list":["post-26102","post","type-post","status-publish","format-standard","has-post-thumbnail","hentry","category-news","tag-polityka"],"_links":{"self":[{"href":"https:\/\/ostrowskatv.pl\/index.php?rest_route=\/wp\/v2\/posts\/26102","targetHints":{"allow":["GET"]}}],"collection":[{"href":"https:\/\/ostrowskatv.pl\/index.php?rest_route=\/wp\/v2\/posts"}],"about":[{"href":"https:\/\/ostrowskatv.pl\/index.php?rest_route=\/wp\/v2\/types\/post"}],"author":[{"embeddable":true,"href":"https:\/\/ostrowskatv.pl\/index.php?rest_route=\/wp\/v2\/users\/1"}],"replies":[{"embeddable":true,"href":"https:\/\/ostrowskatv.pl\/index.php?rest_route=%2Fwp%2Fv2%2Fcomments&post=26102"}],"version-history":[{"count":0,"href":"https:\/\/ostrowskatv.pl\/index.php?rest_route=\/wp\/v2\/posts\/26102\/revisions"}],"wp:featuredmedia":[{"embeddable":true,"href":"https:\/\/ostrowskatv.pl\/index.php?rest_route=\/wp\/v2\/media\/26107"}],"wp:attachment":[{"href":"https:\/\/ostrowskatv.pl\/index.php?rest_route=%2Fwp%2Fv2%2Fmedia&parent=26102"}],"wp:term":[{"taxonomy":"category","embeddable":true,"href":"https:\/\/ostrowskatv.pl\/index.php?rest_route=%2Fwp%2Fv2%2Fcategories&post=26102"},{"taxonomy":"post_tag","embeddable":true,"href":"https:\/\/ostrowskatv.pl\/index.php?rest_route=%2Fwp%2Fv2%2Ftags&post=26102"}],"curies":[{"name":"wp","href":"https:\/\/api.w.org\/{rel}","templated":true}]}}