{"id":26079,"date":"2023-08-27T07:39:48","date_gmt":"2023-08-27T06:39:48","guid":{"rendered":"https:\/\/ostrowskatv.pl\/?p=26079"},"modified":"2023-08-27T07:39:48","modified_gmt":"2023-08-27T06:39:48","slug":"skonczyly-mu-sie-hamulce","status":"publish","type":"post","link":"https:\/\/ostrowskatv.pl\/?p=26079","title":{"rendered":"Sko\u0144czy\u0142y mu si\u0119 hamulce?"},"content":{"rendered":"<p><strong>Chwil\u0119 po godzinie 21.30 dosz\u0142o do wypadku w miejscowo\u015bci Szczury. Tym razem zderzy\u0142y si\u0119 tam dwa auta osobowe. Jedna osoba zosta\u0142a poszkodowana.<\/strong><\/p>\n<p>Renault megane kierowa\u0142 m\u0119\u017cczyzna z Gruzji. Wed\u0142ug jego t\u0142umacze\u0144, jad\u0105c od strony S\u0142aborowic\/B\u0119dzieszyna w stron\u0119 Szczurawic nie zatrzyma\u0142 si\u0119 przed g\u0142\u00f3wn\u0105 drog\u0105. Powodem mia\u0142a by\u0107 niesprawno\u015b\u0107 uk\u0142adu hamulcowego. Renault uderzy\u0142o w bok mazdy jad\u0105cej od strony Pleszewa. <\/p>\n<p>Kieruj\u0105c\u0105 przewieziono do ostrowskiego szpitala. Tam stwierdzono u niej st\u0142uczenia g\u0142owy i nogi.<\/p>\n<p>Na miejscu poza policj\u0105 i karetk\u0105 byli r\u00f3wnie\u017c ochotnicy z Sob\u00f3tki, kt\u00f3rzy kierowali ruchem i posprz\u0105tali skutki kolizji.<\/p>\n<p><img loading=\"lazy\" decoding=\"async\" src=\"https:\/\/ostrowskatv.pl\/wp-content\/uploads\/2023\/08\/1000043965-01.jpeg\" alt=\"\" width=\"1366\" height=\"1232\" class=\"alignnone size-full wp-image-26080\" srcset=\"https:\/\/ostrowskatv.pl\/wp-content\/uploads\/2023\/08\/1000043965-01.jpeg 1366w, https:\/\/ostrowskatv.pl\/wp-content\/uploads\/2023\/08\/1000043965-01-300x271.jpeg 300w, https:\/\/ostrowskatv.pl\/wp-content\/uploads\/2023\/08\/1000043965-01-1333x1202.jpeg 1333w\" sizes=\"auto, (max-width: 1366px) 100vw, 1366px\" \/><\/p>\n<p><img loading=\"lazy\" decoding=\"async\" src=\"https:\/\/ostrowskatv.pl\/wp-content\/uploads\/2023\/08\/1000043964-01.jpeg\" alt=\"\" width=\"1366\" height=\"755\" class=\"alignnone size-full wp-image-26081\" srcset=\"https:\/\/ostrowskatv.pl\/wp-content\/uploads\/2023\/08\/1000043964-01.jpeg 1366w, https:\/\/ostrowskatv.pl\/wp-content\/uploads\/2023\/08\/1000043964-01-300x166.jpeg 300w, https:\/\/ostrowskatv.pl\/wp-content\/uploads\/2023\/08\/1000043964-01-1333x737.jpeg 1333w\" sizes=\"auto, (max-width: 1366px) 100vw, 1366px\" \/><\/p>\n<p><img loading=\"lazy\" decoding=\"async\" src=\"https:\/\/ostrowskatv.pl\/wp-content\/uploads\/2023\/08\/1000043961-01.jpeg\" alt=\"\" width=\"1366\" height=\"1224\" class=\"alignnone size-full wp-image-26082\" srcset=\"https:\/\/ostrowskatv.pl\/wp-content\/uploads\/2023\/08\/1000043961-01.jpeg 1366w, https:\/\/ostrowskatv.pl\/wp-content\/uploads\/2023\/08\/1000043961-01-300x269.jpeg 300w, https:\/\/ostrowskatv.pl\/wp-content\/uploads\/2023\/08\/1000043961-01-1333x1194.jpeg 1333w\" sizes=\"auto, (max-width: 1366px) 100vw, 1366px\" \/><\/p>\n<p><img loading=\"lazy\" decoding=\"async\" src=\"https:\/\/ostrowskatv.pl\/wp-content\/uploads\/2023\/08\/1000043960-01.jpeg\" alt=\"\" width=\"1366\" height=\"1030\" class=\"alignnone size-full wp-image-26083\" srcset=\"https:\/\/ostrowskatv.pl\/wp-content\/uploads\/2023\/08\/1000043960-01.jpeg 1366w, https:\/\/ostrowskatv.pl\/wp-content\/uploads\/2023\/08\/1000043960-01-300x226.jpeg 300w, https:\/\/ostrowskatv.pl\/wp-content\/uploads\/2023\/08\/1000043960-01-1333x1005.jpeg 1333w\" sizes=\"auto, (max-width: 1366px) 100vw, 1366px\" \/><\/p>\n<p><img loading=\"lazy\" decoding=\"async\" src=\"https:\/\/ostrowskatv.pl\/wp-content\/uploads\/2023\/08\/1000043958-01.jpeg\" alt=\"\" width=\"1365\" height=\"776\" class=\"alignnone size-full wp-image-26084\" srcset=\"https:\/\/ostrowskatv.pl\/wp-content\/uploads\/2023\/08\/1000043958-01.jpeg 1365w, https:\/\/ostrowskatv.pl\/wp-content\/uploads\/2023\/08\/1000043958-01-300x171.jpeg 300w, https:\/\/ostrowskatv.pl\/wp-content\/uploads\/2023\/08\/1000043958-01-1333x758.jpeg 1333w, https:\/\/ostrowskatv.pl\/wp-content\/uploads\/2023\/08\/1000043958-01-388x220.jpeg 388w\" sizes=\"auto, (max-width: 1365px) 100vw, 1365px\" \/><\/p>\n<p><img loading=\"lazy\" decoding=\"async\" src=\"https:\/\/ostrowskatv.pl\/wp-content\/uploads\/2023\/08\/1000043954-01.jpeg\" alt=\"\" width=\"1366\" height=\"769\" class=\"alignnone size-full wp-image-26085\" srcset=\"https:\/\/ostrowskatv.pl\/wp-content\/uploads\/2023\/08\/1000043954-01.jpeg 1366w, https:\/\/ostrowskatv.pl\/wp-content\/uploads\/2023\/08\/1000043954-01-300x169.jpeg 300w, https:\/\/ostrowskatv.pl\/wp-content\/uploads\/2023\/08\/1000043954-01-1333x750.jpeg 1333w\" sizes=\"auto, (max-width: 1366px) 100vw, 1366px\" \/><\/p>\n<p><img loading=\"lazy\" decoding=\"async\" src=\"https:\/\/ostrowskatv.pl\/wp-content\/uploads\/2023\/08\/1000043953-01.jpeg\" alt=\"\" width=\"1365\" height=\"784\" class=\"alignnone size-full wp-image-26086\" srcset=\"https:\/\/ostrowskatv.pl\/wp-content\/uploads\/2023\/08\/1000043953-01.jpeg 1365w, https:\/\/ostrowskatv.pl\/wp-content\/uploads\/2023\/08\/1000043953-01-300x172.jpeg 300w, https:\/\/ostrowskatv.pl\/wp-content\/uploads\/2023\/08\/1000043953-01-1333x766.jpeg 1333w\" sizes=\"auto, (max-width: 1365px) 100vw, 1365px\" \/><\/p>\n<p><img loading=\"lazy\" decoding=\"async\" src=\"https:\/\/ostrowskatv.pl\/wp-content\/uploads\/2023\/08\/1000043952-01.jpeg\" alt=\"\" width=\"1366\" height=\"656\" class=\"alignnone size-full wp-image-26087\" srcset=\"https:\/\/ostrowskatv.pl\/wp-content\/uploads\/2023\/08\/1000043952-01.jpeg 1366w, https:\/\/ostrowskatv.pl\/wp-content\/uploads\/2023\/08\/1000043952-01-300x144.jpeg 300w, https:\/\/ostrowskatv.pl\/wp-content\/uploads\/2023\/08\/1000043952-01-1333x640.jpeg 1333w\" sizes=\"auto, (max-width: 1366px) 100vw, 1366px\" \/><\/p>\n","protected":false},"excerpt":{"rendered":"Chwil\u0119 po godzinie 21.30 dosz\u0142o do wypadku w miejscowo\u015bci Szczury. Tym razem zderzy\u0142y si\u0119 tam dwa auta osobowe. Jedna osoba zosta\u0142a poszkodowana. Renault \n<a class=\"moretag\" href=\"https:\/\/ostrowskatv.pl\/?p=26079\"> [...]<\/a>","protected":false},"author":1,"featured_media":26087,"comment_status":"open","ping_status":"closed","sticky":false,"template":"","format":"standard","meta":{"footnotes":""},"categories":[1],"tags":[95,274],"class_list":["post-26079","post","type-post","status-publish","format-standard","has-post-thumbnail","hentry","category-news","tag-szczury","tag-wy"],"_links":{"self":[{"href":"https:\/\/ostrowskatv.pl\/index.php?rest_route=\/wp\/v2\/posts\/26079","targetHints":{"allow":["GET"]}}],"collection":[{"href":"https:\/\/ostrowskatv.pl\/index.php?rest_route=\/wp\/v2\/posts"}],"about":[{"href":"https:\/\/ostrowskatv.pl\/index.php?rest_route=\/wp\/v2\/types\/post"}],"author":[{"embeddable":true,"href":"https:\/\/ostrowskatv.pl\/index.php?rest_route=\/wp\/v2\/users\/1"}],"replies":[{"embeddable":true,"href":"https:\/\/ostrowskatv.pl\/index.php?rest_route=%2Fwp%2Fv2%2Fcomments&post=26079"}],"version-history":[{"count":0,"href":"https:\/\/ostrowskatv.pl\/index.php?rest_route=\/wp\/v2\/posts\/26079\/revisions"}],"wp:featuredmedia":[{"embeddable":true,"href":"https:\/\/ostrowskatv.pl\/index.php?rest_route=\/wp\/v2\/media\/26087"}],"wp:attachment":[{"href":"https:\/\/ostrowskatv.pl\/index.php?rest_route=%2Fwp%2Fv2%2Fmedia&parent=26079"}],"wp:term":[{"taxonomy":"category","embeddable":true,"href":"https:\/\/ostrowskatv.pl\/index.php?rest_route=%2Fwp%2Fv2%2Fcategories&post=26079"},{"taxonomy":"post_tag","embeddable":true,"href":"https:\/\/ostrowskatv.pl\/index.php?rest_route=%2Fwp%2Fv2%2Ftags&post=26079"}],"curies":[{"name":"wp","href":"https:\/\/api.w.org\/{rel}","templated":true}]}}